{"id":18637,"date":"2014-11-21T16:29:42","date_gmt":"2014-11-21T15:29:42","guid":{"rendered":"http:\/\/smallthings.fr\/?p=18637"},"modified":"2015-11-02T13:26:32","modified_gmt":"2015-11-02T12:26:32","slug":"a-vivre-couche-delire-pauline-hillier","status":"publish","type":"post","link":"https:\/\/smallthings.fr\/lespetitslivres\/2014\/11\/21\/a-vivre-couche-delire-pauline-hillier\/","title":{"rendered":"\u00c0 vivre couch\u00e9, un d\u00e9lire de Pauline Hillier"},"content":{"rendered":"<h2><em>\u00c0\u00a0vivre couch\u00e9<\/em> est le premier roman de la jeune Pauline Hillier, paru le 8 octobre chez <a href=\"http:\/\/www.onlit.net\/products\/vivrecouche\" target=\"_blank\">Onlit \u00e9ditions<\/a>. Cette maison d&rsquo;\u00e9dition belge se consacre \u00e0 la litt\u00e9rature contemporaine et \u00e0 sa diffusion en lien avec les nouvelles technologies. Dans le cadre de ses \u00e9tudes, Pauline Hillier a d\u00e9but\u00e9 par l&rsquo;\u00e9criture et la mise en sc\u00e8ne pour le th\u00e9\u00e2tre. Ce n&rsquo;est qu&rsquo;ensuite qu&rsquo;elle attaque la fiction, en parall\u00e8le de son action politique dans le mouvement FEMEN, ce pourquoi elle a \u00e9t\u00e9 emprisonn\u00e9e en Tunisie en 2013. On la compare carr\u00e9ment \u00e0 Virginie Despentes pour ce \u00ab\u00a0cri magnifique d&rsquo;une jeune femme \u00e9prise de libert\u00e9\u00a0\u00bb.<\/h2>\n<p><em>\u00c0\u00a0vivre couch\u00e9<\/em> part du postulat trop bien connu selon lequel il est difficile de se montrer tel que l&rsquo;on est, puis d&rsquo;\u00eatre compris par les autres. Par exemple quand, comme l&rsquo;h\u00e9ro\u00efne d&rsquo;<em>\u00c0\u00a0vivre couch\u00e9<\/em>, on se rend \u00e0 une soir\u00e9e en se demandant si on n&rsquo;y a pas \u00e9t\u00e9 convi\u00e9 par erreur&#8230; Et quand vient le \u00ab\u00a0et toi, tu fais quoi ?\u00a0\u00bb, que r\u00e9pondre ? Donner l&rsquo;intitul\u00e9 de son job ? Parler de ses passions dans la vie ? Comment le faire ? Et comment ce discours sera-t-il per\u00e7u ?<\/p>\n<p><em><a href=\"http:\/\/smallthings.fr\/2014\/11\/21\/a-vivre-couche-delire-pauline-hillier\/a-vivre-couche-hillier\/\" rel=\"attachment wp-att-18639\"><img loading=\"lazy\" decoding=\"async\" class=\"alignright  wp-image-18639\" src=\"http:\/\/smallthings.fr\/wp-content\/uploads\/2014\/11\/a-vivre-couche-hillier.png\" alt=\"a-vivre-couche-hillier\" width=\"238\" height=\"319\" \/><\/a><\/em>Pour contrer ces doutes, la narratrice d\u2019<em>\u00c0 vivre couch\u00e9<\/em> choisit de r\u00e9pondre \u00e0 cette question <strong>en racontant sa vie et sa fiction, un savant m\u00e9lange des deux, qui va s&rsquo;\u00e9tendre sur tout le livre<\/strong>. Farfelu, <em>\u00c0 vivre couch\u00e9\u00a0<\/em>l&rsquo;est assur\u00e9ment. Trop farfelu ? Sans doute. Apr\u00e8s avoir adh\u00e9r\u00e9 \u00f4 combien au postulat de Pauline Hillier, on se retrouve catapult\u00e9 dans les univers parall\u00e8les dans lesquels l&rsquo;h\u00e9ro\u00efne fait des siennes. Biarritz, Mexico, les Pyr\u00e9n\u00e9es, Las Vegas&#8230; Chaque chapitre se passe dans un endroit diff\u00e9rent avec des personnages secondaires diff\u00e9rents. Ces chapitres pourraient chacun \u00eatre une nouvelle \u00e0 part enti\u00e8re, en ce que <strong>l&rsquo;h\u00e9ro\u00efne d&rsquo;<em>\u00c0 vivre couch\u00e9<\/em> n&rsquo;a pas de personnalit\u00e9 fixe, pas de physique, pas de but dans la vie autre que d&rsquo;aller o\u00f9 le vent la m\u00e8ne<\/strong>. Elle est une et elle est multiple, comme elle l&rsquo;explique merveilleusement bien \u00e0 la fin du roman, passage que j&rsquo;ai trouv\u00e9 tr\u00e8s r\u00e9ussi et que j&rsquo;ai relu plusieurs fois pour m&rsquo;en impr\u00e9gner.<\/p>\n<blockquote><p>\u00ab\u00a0Mais comment auraient-ils pu comprendre que j&rsquo;\u00e9tais mille en dedans. Que j&rsquo;avais mille visages. Que j&rsquo;\u00e9tais passionn\u00e9e et courageuse, rebelle et inconsciente, l\u00e9g\u00e8re et subversive, m\u00e9galo et exhibo, menteuse et amoureuse. [&#8230;] Que j&rsquo;avais port\u00e9 toutes les capes et tous les masques. [&#8230;] Que j&rsquo;avan\u00e7ais dans tous les sens, sans r\u00e9fl\u00e9chir et sans me retourner. Que j&rsquo;\u00e9tais cette effusion, cette multitude \u00e0 l&rsquo;int\u00e9rieur. Que j&rsquo;\u00e9tais mon livre et ma fiction.\u00a0\u00bb<\/p><\/blockquote>\n<p>Cet \u00e9l\u00e9ment central du livre &#8211; le c\u00f4t\u00e9 unique et multiple du personnage principal &#8211; nous emp\u00eache toute identification. <em>\u00c0 vivre couch\u00e9<\/em> n&rsquo;est que d\u00e9lire et tribulations. Alors que c&rsquo;est l&rsquo;un des choix les plus significatifs de Pauline Hillier pour son roman, c&rsquo;est pr\u00e9cis\u00e9ment ce qui m&rsquo;a g\u00ean\u00e9e.<\/p>\n<div id=\"attachment_18641\" style=\"width: 279px\" class=\"wp-caption alignleft\"><a href=\"http:\/\/smallthings.fr\/2014\/11\/21\/a-vivre-couche-delire-pauline-hillier\/pauline-hillier-vivre-couche\/\" rel=\"attachment wp-att-18641\"><img loading=\"lazy\" decoding=\"async\" aria-describedby=\"caption-attachment-18641\" class=\" wp-image-18641\" src=\"http:\/\/smallthings.fr\/wp-content\/uploads\/2014\/11\/pauline-hillier-vivre-couche.jpg\" alt=\"Pauline Hillier\" width=\"269\" height=\"179\" \/><\/a><p id=\"caption-attachment-18641\" class=\"wp-caption-text\">Pauline Hillier<\/p><\/div>\n<p>L&rsquo;auteure fait tout de m\u00eame preuve d&rsquo;un style extr\u00eamement bien ma\u00eetris\u00e9. Certains passages sont franchement dr\u00f4les. <strong>C&rsquo;est pour ce style et ce choix \u00ab\u00a0sc\u00e9naristique\u00a0\u00bb culott\u00e9 qu&rsquo;<em>\u00c0 vivre couch\u00e9<\/em> est tout de m\u00eame un roman \u00e0 d\u00e9couvrir<\/strong>, pour les lecteurs qui n&rsquo;ont pas peur de se sentir perdus dans le fil d&rsquo;un r\u00e9cit, qui n&rsquo;ont pas peur de lire un roman comme ils liraient des nouvelles, qui ont envie d&rsquo;\u00eatre surpris et transbahut\u00e9s dans une histoire sans queue ni t\u00eate. Je reviens tout de m\u00eame sur mon propos du d\u00e9but : sans queue ni t\u00eate, <em>\u00c0 vivre couch\u00e9<\/em> reste quand m\u00eame un roman \u00e0 port\u00e9e sociale (et psychologique) dans le sens o\u00f9 cette sensation d&rsquo;\u00eatre incompris par les autres, et souvent par soi-m\u00eame aussi, devient franchement universel, ou en tout cas nous parle, \u00e0 nous. Vous m&rsquo;avez comprise.<\/p>\n<p>&nbsp;<\/p>\n","protected":false},"excerpt":{"rendered":"<p>\u00c0\u00a0vivre couch\u00e9 est le premier roman de la jeune Pauline Hillier, paru le 8 octobre chez Onlit \u00e9ditions. Cette maison d&rsquo;\u00e9dition belge se consacre \u00e0 la litt\u00e9rature contemporaine et \u00e0 sa diffusion en lien avec les nouvelles technologies. Dans le cadre de ses \u00e9tudes, Pauline Hillier a d\u00e9but\u00e9 par l&rsquo;\u00e9criture et la mise en sc\u00e8ne<\/p>\n","protected":false},"author":2,"featured_media":18638,"comment_status":"open","ping_status":"open","sticky":false,"template":"","format":"standard","meta":{"jetpack_post_was_ever_published":false,"_jetpack_newsletter_access":"","_jetpack_newsletter_tier_id":0,"footnotes":"","jetpack_publicize_message":"","jetpack_is_tweetstorm":false,"jetpack_publicize_feature_enabled":true,"jetpack_social_post_already_shared":false,"jetpack_social_options":{"image_generator_settings":{"template":"highway","enabled":false}}},"categories":[1117],"tags":[722,723,724],"jetpack_publicize_connections":[],"yoast_head":"<!-- This site is optimized with the Yoast SEO plugin v21.5 - https:\/\/yoast.com\/wordpress\/plugins\/seo\/ -->\n<title>\u00c0 vivre couch\u00e9, un d\u00e9lire de Pauline Hillier<\/title>\n<meta name=\"description\" content=\"\u00c0 vivre couch\u00e9 est le premier roman de la jeune Pauline Hillier paru le 8 octobre chez Onlit \u00e9ditions. Cette maison d&#039;\u00e9dition belge se consacre \u00e0 la litt\u00e9ra\" \/>\n<meta name=\"robots\" content=\"index, follow, max-snippet:-1, max-image-preview:large, max-video-preview:-1\" \/>\n<link rel=\"canonical\" href=\"https:\/\/smallthings.fr\/lespetitslivres\/2014\/11\/21\/a-vivre-couche-delire-pauline-hillier\/\" \/>\n<meta property=\"og:locale\" content=\"fr_FR\" \/>\n<meta property=\"og:type\" content=\"article\" \/>\n<meta property=\"og:title\" content=\"\u00c0 vivre couch\u00e9, un d\u00e9lire de Pauline Hillier\" \/>\n<meta property=\"og:description\" content=\"\u00c0 vivre couch\u00e9 est le premier roman de la jeune Pauline Hillier paru le 8 octobre chez Onlit \u00e9ditions. Cette maison d&#039;\u00e9dition belge se consacre \u00e0 la litt\u00e9ra\" \/>\n<meta property=\"og:url\" content=\"https:\/\/smallthings.fr\/lespetitslivres\/2014\/11\/21\/a-vivre-couche-delire-pauline-hillier\/\" \/>\n<meta property=\"og:site_name\" content=\"Les Petits Livres\" \/>\n<meta property=\"article:published_time\" content=\"2014-11-21T15:29:42+00:00\" \/>\n<meta property=\"article:modified_time\" content=\"2015-11-02T12:26:32+00:00\" \/>\n<meta name=\"author\" content=\"Claire\" \/>\n<meta name=\"twitter:card\" content=\"summary_large_image\" \/>\n<meta name=\"twitter:label1\" content=\"\u00c9crit par\" \/>\n\t<meta name=\"twitter:data1\" content=\"Claire\" \/>\n\t<meta name=\"twitter:label2\" content=\"Dur\u00e9e de lecture estim\u00e9e\" \/>\n\t<meta name=\"twitter:data2\" content=\"3 minutes\" \/>\n<script type=\"application\/ld+json\" class=\"yoast-schema-graph\">{\"@context\":\"https:\/\/schema.org\",\"@graph\":[{\"@type\":\"WebPage\",\"@id\":\"https:\/\/smallthings.fr\/lespetitslivres\/2014\/11\/21\/a-vivre-couche-delire-pauline-hillier\/\",\"url\":\"https:\/\/smallthings.fr\/lespetitslivres\/2014\/11\/21\/a-vivre-couche-delire-pauline-hillier\/\",\"name\":\"\u00c0 vivre couch\u00e9, un d\u00e9lire de Pauline Hillier\",\"isPartOf\":{\"@id\":\"https:\/\/smallthings.fr\/lespetitslivres\/#website\"},\"datePublished\":\"2014-11-21T15:29:42+00:00\",\"dateModified\":\"2015-11-02T12:26:32+00:00\",\"author\":{\"@id\":\"https:\/\/smallthings.fr\/lespetitslivres\/#\/schema\/person\/504d603cacfe064fe039dfa03a8b7918\"},\"description\":\"\u00c0 vivre couch\u00e9 est le premier roman de la jeune Pauline Hillier paru le 8 octobre chez Onlit \u00e9ditions. Cette maison d'\u00e9dition belge se consacre \u00e0 la litt\u00e9ra\",\"breadcrumb\":{\"@id\":\"https:\/\/smallthings.fr\/lespetitslivres\/2014\/11\/21\/a-vivre-couche-delire-pauline-hillier\/#breadcrumb\"},\"inLanguage\":\"fr-FR\",\"potentialAction\":[{\"@type\":\"ReadAction\",\"target\":[\"https:\/\/smallthings.fr\/lespetitslivres\/2014\/11\/21\/a-vivre-couche-delire-pauline-hillier\/\"]}]},{\"@type\":\"BreadcrumbList\",\"@id\":\"https:\/\/smallthings.fr\/lespetitslivres\/2014\/11\/21\/a-vivre-couche-delire-pauline-hillier\/#breadcrumb\",\"itemListElement\":[{\"@type\":\"ListItem\",\"position\":1,\"name\":\"Accueil\",\"item\":\"https:\/\/smallthings.fr\/lespetitslivres\/\"},{\"@type\":\"ListItem\",\"position\":2,\"name\":\"\u00c0 vivre couch\u00e9, un d\u00e9lire de Pauline Hillier\"}]},{\"@type\":\"WebSite\",\"@id\":\"https:\/\/smallthings.fr\/lespetitslivres\/#website\",\"url\":\"https:\/\/smallthings.fr\/lespetitslivres\/\",\"name\":\"Les Petits Livres\",\"description\":\"by Small Things\",\"potentialAction\":[{\"@type\":\"SearchAction\",\"target\":{\"@type\":\"EntryPoint\",\"urlTemplate\":\"https:\/\/smallthings.fr\/lespetitslivres\/?s={search_term_string}\"},\"query-input\":\"required name=search_term_string\"}],\"inLanguage\":\"fr-FR\"},{\"@type\":\"Person\",\"@id\":\"https:\/\/smallthings.fr\/lespetitslivres\/#\/schema\/person\/504d603cacfe064fe039dfa03a8b7918\",\"name\":\"Claire\",\"image\":{\"@type\":\"ImageObject\",\"inLanguage\":\"fr-FR\",\"@id\":\"https:\/\/smallthings.fr\/lespetitslivres\/#\/schema\/person\/image\/\",\"url\":\"https:\/\/secure.gravatar.com\/avatar\/9a85ff83d76b3eb17b8cae208640786e?s=96&d=retro&r=g\",\"contentUrl\":\"https:\/\/secure.gravatar.com\/avatar\/9a85ff83d76b3eb17b8cae208640786e?s=96&d=retro&r=g\",\"caption\":\"Claire\"},\"url\":\"https:\/\/smallthings.fr\/lespetitslivres\/author\/claire\/\"}]}<\/script>\n<!-- \/ Yoast SEO plugin. -->","yoast_head_json":{"title":"\u00c0 vivre couch\u00e9, un d\u00e9lire de Pauline Hillier","description":"\u00c0 vivre couch\u00e9 est le premier roman de la jeune Pauline Hillier paru le 8 octobre chez Onlit \u00e9ditions. Cette maison d'\u00e9dition belge se consacre \u00e0 la litt\u00e9ra","robots":{"index":"index","follow":"follow","max-snippet":"max-snippet:-1","max-image-preview":"max-image-preview:large","max-video-preview":"max-video-preview:-1"},"canonical":"https:\/\/smallthings.fr\/lespetitslivres\/2014\/11\/21\/a-vivre-couche-delire-pauline-hillier\/","og_locale":"fr_FR","og_type":"article","og_title":"\u00c0 vivre couch\u00e9, un d\u00e9lire de Pauline Hillier","og_description":"\u00c0 vivre couch\u00e9 est le premier roman de la jeune Pauline Hillier paru le 8 octobre chez Onlit \u00e9ditions. Cette maison d'\u00e9dition belge se consacre \u00e0 la litt\u00e9ra","og_url":"https:\/\/smallthings.fr\/lespetitslivres\/2014\/11\/21\/a-vivre-couche-delire-pauline-hillier\/","og_site_name":"Les Petits Livres","article_published_time":"2014-11-21T15:29:42+00:00","article_modified_time":"2015-11-02T12:26:32+00:00","author":"Claire","twitter_card":"summary_large_image","twitter_misc":{"\u00c9crit par":"Claire","Dur\u00e9e de lecture estim\u00e9e":"3 minutes"},"schema":{"@context":"https:\/\/schema.org","@graph":[{"@type":"WebPage","@id":"https:\/\/smallthings.fr\/lespetitslivres\/2014\/11\/21\/a-vivre-couche-delire-pauline-hillier\/","url":"https:\/\/smallthings.fr\/lespetitslivres\/2014\/11\/21\/a-vivre-couche-delire-pauline-hillier\/","name":"\u00c0 vivre couch\u00e9, un d\u00e9lire de Pauline Hillier","isPartOf":{"@id":"https:\/\/smallthings.fr\/lespetitslivres\/#website"},"datePublished":"2014-11-21T15:29:42+00:00","dateModified":"2015-11-02T12:26:32+00:00","author":{"@id":"https:\/\/smallthings.fr\/lespetitslivres\/#\/schema\/person\/504d603cacfe064fe039dfa03a8b7918"},"description":"\u00c0 vivre couch\u00e9 est le premier roman de la jeune Pauline Hillier paru le 8 octobre chez Onlit \u00e9ditions. Cette maison d'\u00e9dition belge se consacre \u00e0 la litt\u00e9ra","breadcrumb":{"@id":"https:\/\/smallthings.fr\/lespetitslivres\/2014\/11\/21\/a-vivre-couche-delire-pauline-hillier\/#breadcrumb"},"inLanguage":"fr-FR","potentialAction":[{"@type":"ReadAction","target":["https:\/\/smallthings.fr\/lespetitslivres\/2014\/11\/21\/a-vivre-couche-delire-pauline-hillier\/"]}]},{"@type":"BreadcrumbList","@id":"https:\/\/smallthings.fr\/lespetitslivres\/2014\/11\/21\/a-vivre-couche-delire-pauline-hillier\/#breadcrumb","itemListElement":[{"@type":"ListItem","position":1,"name":"Accueil","item":"https:\/\/smallthings.fr\/lespetitslivres\/"},{"@type":"ListItem","position":2,"name":"\u00c0 vivre couch\u00e9, un d\u00e9lire de Pauline Hillier"}]},{"@type":"WebSite","@id":"https:\/\/smallthings.fr\/lespetitslivres\/#website","url":"https:\/\/smallthings.fr\/lespetitslivres\/","name":"Les Petits Livres","description":"by Small Things","potentialAction":[{"@type":"SearchAction","target":{"@type":"EntryPoint","urlTemplate":"https:\/\/smallthings.fr\/lespetitslivres\/?s={search_term_string}"},"query-input":"required name=search_term_string"}],"inLanguage":"fr-FR"},{"@type":"Person","@id":"https:\/\/smallthings.fr\/lespetitslivres\/#\/schema\/person\/504d603cacfe064fe039dfa03a8b7918","name":"Claire","image":{"@type":"ImageObject","inLanguage":"fr-FR","@id":"https:\/\/smallthings.fr\/lespetitslivres\/#\/schema\/person\/image\/","url":"https:\/\/secure.gravatar.com\/avatar\/9a85ff83d76b3eb17b8cae208640786e?s=96&d=retro&r=g","contentUrl":"https:\/\/secure.gravatar.com\/avatar\/9a85ff83d76b3eb17b8cae208640786e?s=96&d=retro&r=g","caption":"Claire"},"url":"https:\/\/smallthings.fr\/lespetitslivres\/author\/claire\/"}]}},"jetpack_featured_media_url":"","jetpack_sharing_enabled":true,"jetpack_shortlink":"https:\/\/wp.me\/p6Un21-4QB","jetpack-related-posts":[{"id":29744,"url":"https:\/\/smallthings.fr\/lespetitslivres\/2016\/03\/20\/roman-d-esther-flepp-hypnotique\/","url_meta":{"origin":18637,"position":0},"title":"Le roman d&rsquo;Esther de Pauline Flepp : hypnotique","author":"Lola","date":"20 mars 2016","format":false,"excerpt":"Le roman d'Esther, second roman de Pauline Flepp, jeune agr\u00e9g\u00e9e de Lettres Modernes, vient de para\u00eetre chez Flammarion. Le roman d'Esther d\u00e9bute alors qu'Antoine Gardel, \u00e9crivain \u00e0 succ\u00e8s quarantenaire, se trouve en prison pour l'assassinat de la tr\u00e8s jeune Esther Monod, son amante. Son \u00e9diteur lui propose alors d'\u00e9crire leur\u2026","rel":"","context":"Dans &quot;Roman fran\u00e7ais&quot;","block_context":{"text":"Roman fran\u00e7ais","link":"https:\/\/smallthings.fr\/lespetitslivres\/category\/roman\/roman-francais\/"},"img":{"alt_text":"","src":"https:\/\/i0.wp.com\/smallthings.fr\/lespetitslivres\/wp-content\/uploads\/2016\/03\/roman-d-esther-couv-1.jpg?resize=350%2C200&ssl=1","width":350,"height":200,"srcset":"https:\/\/i0.wp.com\/smallthings.fr\/lespetitslivres\/wp-content\/uploads\/2016\/03\/roman-d-esther-couv-1.jpg?resize=350%2C200&ssl=1 1x, https:\/\/i0.wp.com\/smallthings.fr\/lespetitslivres\/wp-content\/uploads\/2016\/03\/roman-d-esther-couv-1.jpg?resize=525%2C300&ssl=1 1.5x, https:\/\/i0.wp.com\/smallthings.fr\/lespetitslivres\/wp-content\/uploads\/2016\/03\/roman-d-esther-couv-1.jpg?resize=700%2C400&ssl=1 2x"},"classes":[]},{"id":31523,"url":"https:\/\/smallthings.fr\/lespetitslivres\/2018\/02\/01\/rien-a-voir-avec-amour-claire-gallen\/","url_meta":{"origin":18637,"position":1},"title":"Rien \u00e0 voir avec l\u2019amour : le roman noir de Claire Gallen","author":"Diane Norric","date":"1 f\u00e9vrier 2018","format":false,"excerpt":"Rien \u00e0 voir avec l\u2019amour\u00a0de Claire Gallen raconte sept jours, du 8 au 14 juillet, dans la vie de Sandra, la narratrice. Au gr\u00e9 de flashbacks judicieux et du d\u00e9roul\u00e9 de la semaine, on reconstitue petit \u00e0 petit le fil de l\u2019histoire. Le roman est paru aux \u00e9ditions du Rouergue.\u2026","rel":"","context":"Dans &quot;Roman fran\u00e7ais&quot;","block_context":{"text":"Roman fran\u00e7ais","link":"https:\/\/smallthings.fr\/lespetitslivres\/category\/roman\/roman-francais\/"},"img":{"alt_text":"","src":"https:\/\/i0.wp.com\/smallthings.fr\/lespetitslivres\/wp-content\/uploads\/2018\/02\/rien-a-voir-amour-cover.jpg?resize=350%2C200&ssl=1","width":350,"height":200,"srcset":"https:\/\/i0.wp.com\/smallthings.fr\/lespetitslivres\/wp-content\/uploads\/2018\/02\/rien-a-voir-amour-cover.jpg?resize=350%2C200&ssl=1 1x, https:\/\/i0.wp.com\/smallthings.fr\/lespetitslivres\/wp-content\/uploads\/2018\/02\/rien-a-voir-amour-cover.jpg?resize=525%2C300&ssl=1 1.5x, https:\/\/i0.wp.com\/smallthings.fr\/lespetitslivres\/wp-content\/uploads\/2018\/02\/rien-a-voir-amour-cover.jpg?resize=700%2C400&ssl=1 2x"},"classes":[]},{"id":3300,"url":"https:\/\/smallthings.fr\/lespetitslivres\/2013\/01\/03\/trois-fois-le-loyer-de-julien-capron\/","url_meta":{"origin":18637,"position":2},"title":"Trois fois le loyer &#8211; Julien Capron","author":"Claire","date":"3 janvier 2013","format":false,"excerpt":"Le nouveau roman de Julien Capron, publi\u00e9 chez Flammarion \u00e0 la Rentr\u00e9e litt\u00e9raire derni\u00e8re : une histoire d'amour et de poker qui nous entra\u00eene dans les turpitudes d'un couple de parisiens \u00e0 la recherche d'un appartement...","rel":"","context":"Dans &quot;Roman fran\u00e7ais&quot;","block_context":{"text":"Roman fran\u00e7ais","link":"https:\/\/smallthings.fr\/lespetitslivres\/category\/roman\/roman-francais\/"},"img":{"alt_text":"","src":"https:\/\/i0.wp.com\/www.culture-cafe.fr\/site\/wp-content\/uploads\/2012\/06\/trois_fois_le_loyer_p.jpg?resize=350%2C200","width":350,"height":200},"classes":[]},{"id":30856,"url":"https:\/\/smallthings.fr\/lespetitslivres\/2017\/03\/09\/sous-meme-toit-jojo-moyes\/","url_meta":{"origin":18637,"position":3},"title":"Sous le m\u00eame toit, le nouveau roman de Jojo Moyes","author":"Jennifer","date":"9 mars 2017","format":false,"excerpt":"Sous le m\u00eame toit est le dernier roman de l\u2019auteure \u00e0 succ\u00e8s Jojo Moyes. Sorti le 17 f\u00e9vrier dernier aux\u00a0\u00e9ditions Milady, Sous le m\u00eame toit est un livre un peu moins envo\u00fbtant que les deux pr\u00e9c\u00e9dents. Il raconte l\u2019histoire d\u2019Isabel, une violoniste qui a toujours fait passer sa passion avant\u2026","rel":"","context":"Dans &quot;Roman \u00e9tranger&quot;","block_context":{"text":"Roman \u00e9tranger","link":"https:\/\/smallthings.fr\/lespetitslivres\/category\/roman\/roman-etranger\/"},"img":{"alt_text":"","src":"https:\/\/i0.wp.com\/smallthings.fr\/lespetitslivres\/wp-content\/uploads\/2017\/03\/Jojo-Moyes-Sous-le-m\u00eame-toit.jpg?resize=350%2C200&ssl=1","width":350,"height":200,"srcset":"https:\/\/i0.wp.com\/smallthings.fr\/lespetitslivres\/wp-content\/uploads\/2017\/03\/Jojo-Moyes-Sous-le-m\u00eame-toit.jpg?resize=350%2C200&ssl=1 1x, https:\/\/i0.wp.com\/smallthings.fr\/lespetitslivres\/wp-content\/uploads\/2017\/03\/Jojo-Moyes-Sous-le-m\u00eame-toit.jpg?resize=525%2C300&ssl=1 1.5x, https:\/\/i0.wp.com\/smallthings.fr\/lespetitslivres\/wp-content\/uploads\/2017\/03\/Jojo-Moyes-Sous-le-m\u00eame-toit.jpg?resize=700%2C400&ssl=1 2x, https:\/\/i0.wp.com\/smallthings.fr\/lespetitslivres\/wp-content\/uploads\/2017\/03\/Jojo-Moyes-Sous-le-m\u00eame-toit.jpg?resize=1050%2C600&ssl=1 3x, https:\/\/i0.wp.com\/smallthings.fr\/lespetitslivres\/wp-content\/uploads\/2017\/03\/Jojo-Moyes-Sous-le-m\u00eame-toit.jpg?resize=1400%2C800&ssl=1 4x"},"classes":[]},{"id":30417,"url":"https:\/\/smallthings.fr\/lespetitslivres\/2016\/10\/21\/mal-de-pierres-milena-agus\/","url_meta":{"origin":18637,"position":4},"title":"Mal de pierres, roman virtuose de Milena Agus","author":"Claire","date":"21 octobre 2016","format":false,"excerpt":"J'avais lu Mal de pierres lors de sa publication aux \u00e9ditions Liana Levi en 2007. C'est l'un de mes livres pr\u00e9f\u00e9r\u00e9s. Incroyablement sensible, il dresse le portrait d'une h\u00e9ro\u00efne qu'on oublie pas. Transpara\u00eet la grande tendresse de la narratrice qui raconte la vie de sa grand-m\u00e8re qu'elle adorait, et la\u2026","rel":"","context":"Dans &quot;Nos classiques&quot;","block_context":{"text":"Nos classiques","link":"https:\/\/smallthings.fr\/lespetitslivres\/category\/nos-classiques\/"},"img":{"alt_text":"","src":"https:\/\/i0.wp.com\/smallthings.fr\/lespetitslivres\/wp-content\/uploads\/2016\/10\/mal-de-pierres.jpeg?resize=350%2C200&ssl=1","width":350,"height":200,"srcset":"https:\/\/i0.wp.com\/smallthings.fr\/lespetitslivres\/wp-content\/uploads\/2016\/10\/mal-de-pierres.jpeg?resize=350%2C200&ssl=1 1x, https:\/\/i0.wp.com\/smallthings.fr\/lespetitslivres\/wp-content\/uploads\/2016\/10\/mal-de-pierres.jpeg?resize=525%2C300&ssl=1 1.5x, https:\/\/i0.wp.com\/smallthings.fr\/lespetitslivres\/wp-content\/uploads\/2016\/10\/mal-de-pierres.jpeg?resize=700%2C400&ssl=1 2x, https:\/\/i0.wp.com\/smallthings.fr\/lespetitslivres\/wp-content\/uploads\/2016\/10\/mal-de-pierres.jpeg?resize=1050%2C600&ssl=1 3x, https:\/\/i0.wp.com\/smallthings.fr\/lespetitslivres\/wp-content\/uploads\/2016\/10\/mal-de-pierres.jpeg?resize=1400%2C800&ssl=1 4x"},"classes":[]},{"id":30373,"url":"https:\/\/smallthings.fr\/lespetitslivres\/2016\/10\/10\/et-si-rebecca-donovan-avis\/","url_meta":{"origin":18637,"position":5},"title":"Et si&#8230; Le nouveau roman de Rebecca Donovan","author":"Jennifer","date":"10 octobre 2016","format":false,"excerpt":"Et si\u2026 est le nouveau roman de Rebecca Donovan, l\u2019auteure de la s\u00e9rie \u00e0 succ\u00e8s Ma Raison de Vivre. Ce nouveau young-adult est sorti d\u00e9but octobre chez\u00a0Pocket Jeunesse et relate l\u2019histoire de Cal, un jeune homme amoureux d\u2019une amie d\u2019enfance qu\u2019il a perdue de vue. Un jour, il va la\u2026","rel":"","context":"Dans &quot;Young Adult&quot;","block_context":{"text":"Young Adult","link":"https:\/\/smallthings.fr\/lespetitslivres\/category\/young-adult\/"},"img":{"alt_text":"","src":"https:\/\/i0.wp.com\/smallthings.fr\/lespetitslivres\/wp-content\/uploads\/2016\/10\/What-if-et-si-Rebecca-Donovan-4.jpg?resize=350%2C200&ssl=1","width":350,"height":200},"classes":[]}],"_links":{"self":[{"href":"https:\/\/smallthings.fr\/lespetitslivres\/wp-json\/wp\/v2\/posts\/18637"}],"collection":[{"href":"https:\/\/smallthings.fr\/lespetitslivres\/wp-json\/wp\/v2\/posts"}],"about":[{"href":"https:\/\/smallthings.fr\/lespetitslivres\/wp-json\/wp\/v2\/types\/post"}],"author":[{"embeddable":true,"href":"https:\/\/smallthings.fr\/lespetitslivres\/wp-json\/wp\/v2\/users\/2"}],"replies":[{"embeddable":true,"href":"https:\/\/smallthings.fr\/lespetitslivres\/wp-json\/wp\/v2\/comments?post=18637"}],"version-history":[{"count":1,"href":"https:\/\/smallthings.fr\/lespetitslivres\/wp-json\/wp\/v2\/posts\/18637\/revisions"}],"predecessor-version":[{"id":28830,"href":"https:\/\/smallthings.fr\/lespetitslivres\/wp-json\/wp\/v2\/posts\/18637\/revisions\/28830"}],"wp:featuredmedia":[{"embeddable":true,"href":"https:\/\/smallthings.fr\/lespetitslivres\/wp-json\/"}],"wp:attachment":[{"href":"https:\/\/smallthings.fr\/lespetitslivres\/wp-json\/wp\/v2\/media?parent=18637"}],"wp:term":[{"taxonomy":"category","embeddable":true,"href":"https:\/\/smallthings.fr\/lespetitslivres\/wp-json\/wp\/v2\/categories?post=18637"},{"taxonomy":"post_tag","embeddable":true,"href":"https:\/\/smallthings.fr\/lespetitslivres\/wp-json\/wp\/v2\/tags?post=18637"}],"curies":[{"name":"wp","href":"https:\/\/api.w.org\/{rel}","templated":true}]}}