{"id":18543,"date":"2014-11-17T15:04:24","date_gmt":"2014-11-17T14:04:24","guid":{"rendered":"http:\/\/smallthings.fr\/?p=18543"},"modified":"2015-11-27T13:43:53","modified_gmt":"2015-11-27T12:43:53","slug":"welcome-to-harmony-dios-garduno-panini","status":"publish","type":"post","link":"https:\/\/smallthings.fr\/lespetitslivres\/2014\/11\/17\/welcome-to-harmony-dios-garduno-panini\/","title":{"rendered":"Welcome to Harmony : la 3\u00e8me Guerre Mondiale sauce zombies"},"content":{"rendered":"<h2><em>Welcome to Harmony<\/em> est sorti le 8 octobre dernier dans la <a href=\"https:\/\/www.facebook.com\/pages\/Panini-Books-France-Eclipse\/541907195823428\" target=\"_blank\">collection Eclipse des \u00e9ditions Panini<\/a>. Ce thriller de Juan de Dios Gardu\u00f1o a d\u00e9j\u00e0 fait forte impression dans plusieurs pays. L\u2019histoire se situe pendant le mandat d\u2019Obama alors que le monde se d\u00e9chire. La Troisi\u00e8me Guerre Mondiale \u00e9clate et les pays d\u00e9cident d\u2019utiliser des armes biologiques. En quelques mois, l\u2019Humanit\u00e9 a presque disparu et les rares survivants sont traqu\u00e9s par des mort-vivants con\u00e7us pour tuer\u2026<\/h2>\n<p><em><a href=\"http:\/\/smallthings.fr\/2014\/11\/17\/welcome-to-harmony-dios-garduno-panini\/welcome-to-harmony\/\" rel=\"attachment wp-att-18545\"><img loading=\"lazy\" decoding=\"async\" class=\"alignright  wp-image-18545\" src=\"http:\/\/smallthings.fr\/wp-content\/uploads\/2014\/11\/welcome-to-harmony.jpg\" alt=\"welcome-to-harmony\" width=\"217\" height=\"328\" \/><\/a><strong>Welcome To Harmony<\/strong><\/em> de Juan de Dios Gardu\u00f1o nous emm\u00e8ne dans l\u2019hiver glacial de Bangor, une banlieue abritant trois survivants\u00a0: Jack, sa fille Lu, et leur voisin Patrick. Une rue les s\u00e9pare mais les deux hommes se d\u00e9testent cordialement. Malgr\u00e9 les derniers \u00e9v\u00e8nements, ces trois-l\u00e0 vont vivres c\u00f4te \u00e0 c\u00f4te pendant 1 an sans jamais s\u2019adresser la parole.<\/p>\n<p>Pourtant Jack et Patrick \u00e9tait les meilleurs amis du monde \u00e0 une \u00e9poque. Pendant la premi\u00e8re partie du livre, on va apprendre \u00e0 conna\u00eetre ces hommes et on va comprendre comment ils en sont arriv\u00e9s l\u00e0. On d\u00e9couvre que Jack a perdu sa femme pendant l\u2019\u00e9vacuation de la ville\u00a0: <strong>alors que les habitants partaient en bus, ils se sont fait attaquer par des \u00eatres humano\u00efdes con\u00e7us pour tuer<\/strong>. Jack et sa fille ont \u00e9t\u00e9 les seuls \u00e0 r\u00e9ussir \u00e0 s\u2019enfuir. Patrick, quand \u00e0 lui, avait d\u00e9cid\u00e9 de rester \u00e0 Bangor, seul.<\/p>\n<p>C\u2019est pendant la deuxi\u00e8me partie de <em>Welcome to Harmony<\/em> qu\u2019on va faire r\u00e9ellement la connaissance de ces \u00ab\u00a0hommes chauve-souris\u00a0\u00bb, capable de s\u2019organiser pour traquer leurs proies. Jack et Patrick devront alors mettre leur ranc\u0153ur de c\u00f4t\u00e9 s\u2019ils veulent sauver leur peau.<\/p>\n<p><strong>Juan de Dios Gardu\u00f1o a cr\u00e9\u00e9 un chef-d\u2019\u0153uvre de suspense en empruntant certains points \u00e0 des tr\u00e8s bons livres<\/strong>. Par exemple, on retrouve un peu de <em>Je suis une L\u00e9gende<\/em> en la personne de Patrick\u00a0: il est accompagn\u00e9 de son chien qu\u2019il aime par-dessus tout et qui l\u2019a d\u00e9j\u00e0 sauv\u00e9, il boit \u00e9norm\u00e9ment, tente tous les jours de contacter des survivants avec son vieil appareil, organise des sorties pour trouver \u00e0 manger, est arm\u00e9 jusqu\u2019aux dents et a pris l\u2019habitude de parler tout seul.<\/p>\n<div id=\"attachment_18548\" style=\"width: 275px\" class=\"wp-caption alignleft\"><a href=\"http:\/\/smallthings.fr\/2014\/11\/17\/welcome-to-harmony-dios-garduno-panini\/welcome-to-harmony-garduno\/\" rel=\"attachment wp-att-18548\"><img loading=\"lazy\" decoding=\"async\" aria-describedby=\"caption-attachment-18548\" class=\" wp-image-18548\" src=\"http:\/\/smallthings.fr\/wp-content\/uploads\/2014\/11\/welcome-to-harmony-garduno.jpg\" alt=\"Photo de tournage : Juan de Dios Garduno &amp; Matthew Fox\" width=\"265\" height=\"147\" \/><\/a><p id=\"caption-attachment-18548\" class=\"wp-caption-text\">Photo de tournage : Juan de Dios Garduno &amp; Matthew Fox<\/p><\/div>\n<p>Par contre, <strong>vous ne trouverez nul par des zombies comme ceux de <em>Welcome to Harmony<\/em>\u00a0: ils sont rapides, intelligents, organis\u00e9s et presque impossible \u00e0 tuer<\/strong>. Le lecteur va donc se demander comment les trois protagonistes vont r\u00e9ussir \u00e0 s\u2019en sortir vivant\u2026 Lorsqu\u2019ils d\u00e9couvrent une autre survivante errant dans les rues de Bangor, ils ne s\u2019imaginent alors pas que tous les monstres sont apr\u00e8s elle. Bangor, ville plut\u00f4t s\u00fbre depuis un an, sera alors assaillie par une quarantaine de mort-vivants affam\u00e9s.<\/p>\n<p><em>Welcome to Harmony<\/em> est un livre passionnant \u00e0 lire d\u2019une traite\u00a0! Juan de Dios Gardu\u00f1o a de quoi \u00eatre fier\u00a0: <strong>le succ\u00e8s de son livre est tel qu\u2019il est en cours d\u2019adaptation au cin\u00e9ma\u00a0! <\/strong>R\u00e9alis\u00e9 par Miguel Angel Vivas, on retrouvera l\u2019acteur de <em>Lost<\/em>, Matthew Fox dans le r\u00f4le de Patrick et Jeffrey Donovan (<em>Burn Notice, J. Edgar<\/em>) dans le r\u00f4le de Jack. J\u2019ai h\u00e2te de voir ce que \u00e7a donnera \u00e0 l\u2019\u00e9cran\u00a0!<\/p>\n<blockquote><p>\u00ab\u00a0Il resta fig\u00e9 sur place pendant quelques secondes qui lui parurent une \u00e9ternit\u00e9. Les choses d\u00e9voraient sa femme sous ses yeux, mais il \u00e9tait incapable de bouger un muscle. Quand l\u2019une d\u2019elles entreprit d\u2019extraire les boyaux du cadavre, les autres se battirent pour les d\u00e9guster ou les enrouler autour de leur cou noir. Celle qui se trouvait le plus pr\u00e8s de la t\u00eate enfon\u00e7a ses griffes dans les yeux d\u2019Helen en poussant des petits cris\u00a0; elle semblait euphorique. Pour ces \u00eatres, c\u2019\u00e9tait un jeu.\u00a0\u00bb<\/p><\/blockquote>\n<div id=\"attachment_18551\" style=\"width: 533px\" class=\"wp-caption aligncenter\"><a href=\"http:\/\/smallthings.fr\/2014\/11\/17\/welcome-to-harmony-dios-garduno-panini\/welcome-to-harmony-jack\/\" rel=\"attachment wp-att-18551\"><img loading=\"lazy\" decoding=\"async\" aria-describedby=\"caption-attachment-18551\" class=\" wp-image-18551\" src=\"http:\/\/smallthings.fr\/wp-content\/uploads\/2014\/11\/welcome-to-harmony-jack.jpg\" alt=\"Tournage du film : Jeffrey Donovan et Quinn McColgan\" width=\"523\" height=\"294\" \/><\/a><p id=\"caption-attachment-18551\" class=\"wp-caption-text\">Tournage du film : Jeffrey Donovan et Quinn McColgan<\/p><\/div>\n<p>&nbsp;<\/p>\n","protected":false},"excerpt":{"rendered":"<p>Welcome to Harmony est sorti le 8 octobre dernier dans la collection Eclipse des \u00e9ditions Panini. Ce thriller de Juan de Dios Gardu\u00f1o a d\u00e9j\u00e0 fait forte impression dans plusieurs pays. L\u2019histoire se situe pendant le mandat d\u2019Obama alors que le monde se d\u00e9chire. La Troisi\u00e8me Guerre Mondiale \u00e9clate et les pays d\u00e9cident d\u2019utiliser des<\/p>\n","protected":false},"author":14,"featured_media":18544,"comment_status":"open","ping_status":"open","sticky":false,"template":"","format":"standard","meta":{"jetpack_post_was_ever_published":false,"_jetpack_newsletter_access":"","_jetpack_newsletter_tier_id":0,"footnotes":"","jetpack_publicize_message":"","jetpack_is_tweetstorm":false,"jetpack_publicize_feature_enabled":true,"jetpack_social_post_already_shared":false,"jetpack_social_options":{"image_generator_settings":{"template":"highway","enabled":false}}},"categories":[1107],"tags":[842,843,844],"jetpack_publicize_connections":[],"yoast_head":"<!-- This site is optimized with the Yoast SEO plugin v21.5 - https:\/\/yoast.com\/wordpress\/plugins\/seo\/ -->\n<title>Welcome to Harmony : la 3\u00e8me Guerre Mondiale sauce zombies<\/title>\n<meta name=\"description\" content=\"Welcome to Harmony est sorti le 8 octobre dernier dans la collection Eclipse des \u00e9ditions Panini. Ce thriller de Juan de Dios Gardu\u00f1o a d\u00e9j\u00e0 fait forte\" \/>\n<meta name=\"robots\" content=\"index, follow, max-snippet:-1, max-image-preview:large, max-video-preview:-1\" \/>\n<link rel=\"canonical\" href=\"https:\/\/smallthings.fr\/lespetitslivres\/2014\/11\/17\/welcome-to-harmony-dios-garduno-panini\/\" \/>\n<meta property=\"og:locale\" content=\"fr_FR\" \/>\n<meta property=\"og:type\" content=\"article\" \/>\n<meta property=\"og:title\" content=\"Welcome to Harmony : la 3\u00e8me Guerre Mondiale sauce zombies\" \/>\n<meta property=\"og:description\" content=\"Welcome to Harmony est sorti le 8 octobre dernier dans la collection Eclipse des \u00e9ditions Panini. Ce thriller de Juan de Dios Gardu\u00f1o a d\u00e9j\u00e0 fait forte\" \/>\n<meta property=\"og:url\" content=\"https:\/\/smallthings.fr\/lespetitslivres\/2014\/11\/17\/welcome-to-harmony-dios-garduno-panini\/\" \/>\n<meta property=\"og:site_name\" content=\"Les Petits Livres\" \/>\n<meta property=\"article:published_time\" content=\"2014-11-17T14:04:24+00:00\" \/>\n<meta property=\"article:modified_time\" content=\"2015-11-27T12:43:53+00:00\" \/>\n<meta name=\"author\" content=\"Jennifer\" \/>\n<meta name=\"twitter:card\" content=\"summary_large_image\" \/>\n<meta name=\"twitter:label1\" content=\"\u00c9crit par\" \/>\n\t<meta name=\"twitter:data1\" content=\"Jennifer\" \/>\n\t<meta name=\"twitter:label2\" content=\"Dur\u00e9e de lecture estim\u00e9e\" \/>\n\t<meta name=\"twitter:data2\" content=\"3 minutes\" \/>\n<script type=\"application\/ld+json\" class=\"yoast-schema-graph\">{\"@context\":\"https:\/\/schema.org\",\"@graph\":[{\"@type\":\"WebPage\",\"@id\":\"https:\/\/smallthings.fr\/lespetitslivres\/2014\/11\/17\/welcome-to-harmony-dios-garduno-panini\/\",\"url\":\"https:\/\/smallthings.fr\/lespetitslivres\/2014\/11\/17\/welcome-to-harmony-dios-garduno-panini\/\",\"name\":\"Welcome to Harmony : la 3\u00e8me Guerre Mondiale sauce zombies\",\"isPartOf\":{\"@id\":\"https:\/\/smallthings.fr\/lespetitslivres\/#website\"},\"datePublished\":\"2014-11-17T14:04:24+00:00\",\"dateModified\":\"2015-11-27T12:43:53+00:00\",\"author\":{\"@id\":\"https:\/\/smallthings.fr\/lespetitslivres\/#\/schema\/person\/bb8808220f912e72f01f7a55924d9ad1\"},\"description\":\"Welcome to Harmony est sorti le 8 octobre dernier dans la collection Eclipse des \u00e9ditions Panini. Ce thriller de Juan de Dios Gardu\u00f1o a d\u00e9j\u00e0 fait forte\",\"breadcrumb\":{\"@id\":\"https:\/\/smallthings.fr\/lespetitslivres\/2014\/11\/17\/welcome-to-harmony-dios-garduno-panini\/#breadcrumb\"},\"inLanguage\":\"fr-FR\",\"potentialAction\":[{\"@type\":\"ReadAction\",\"target\":[\"https:\/\/smallthings.fr\/lespetitslivres\/2014\/11\/17\/welcome-to-harmony-dios-garduno-panini\/\"]}]},{\"@type\":\"BreadcrumbList\",\"@id\":\"https:\/\/smallthings.fr\/lespetitslivres\/2014\/11\/17\/welcome-to-harmony-dios-garduno-panini\/#breadcrumb\",\"itemListElement\":[{\"@type\":\"ListItem\",\"position\":1,\"name\":\"Accueil\",\"item\":\"https:\/\/smallthings.fr\/lespetitslivres\/\"},{\"@type\":\"ListItem\",\"position\":2,\"name\":\"Welcome to Harmony : la 3\u00e8me Guerre Mondiale sauce zombies\"}]},{\"@type\":\"WebSite\",\"@id\":\"https:\/\/smallthings.fr\/lespetitslivres\/#website\",\"url\":\"https:\/\/smallthings.fr\/lespetitslivres\/\",\"name\":\"Les Petits Livres\",\"description\":\"by Small Things\",\"potentialAction\":[{\"@type\":\"SearchAction\",\"target\":{\"@type\":\"EntryPoint\",\"urlTemplate\":\"https:\/\/smallthings.fr\/lespetitslivres\/?s={search_term_string}\"},\"query-input\":\"required name=search_term_string\"}],\"inLanguage\":\"fr-FR\"},{\"@type\":\"Person\",\"@id\":\"https:\/\/smallthings.fr\/lespetitslivres\/#\/schema\/person\/bb8808220f912e72f01f7a55924d9ad1\",\"name\":\"Jennifer\",\"image\":{\"@type\":\"ImageObject\",\"inLanguage\":\"fr-FR\",\"@id\":\"https:\/\/smallthings.fr\/lespetitslivres\/#\/schema\/person\/image\/\",\"url\":\"https:\/\/secure.gravatar.com\/avatar\/ffcd6b107b6b18c3d5201f1bcc631683?s=96&d=retro&r=g\",\"contentUrl\":\"https:\/\/secure.gravatar.com\/avatar\/ffcd6b107b6b18c3d5201f1bcc631683?s=96&d=retro&r=g\",\"caption\":\"Jennifer\"},\"url\":\"https:\/\/smallthings.fr\/lespetitslivres\/author\/jennifer\/\"}]}<\/script>\n<!-- \/ Yoast SEO plugin. -->","yoast_head_json":{"title":"Welcome to Harmony : la 3\u00e8me Guerre Mondiale sauce zombies","description":"Welcome to Harmony est sorti le 8 octobre dernier dans la collection Eclipse des \u00e9ditions Panini. Ce thriller de Juan de Dios Gardu\u00f1o a d\u00e9j\u00e0 fait forte","robots":{"index":"index","follow":"follow","max-snippet":"max-snippet:-1","max-image-preview":"max-image-preview:large","max-video-preview":"max-video-preview:-1"},"canonical":"https:\/\/smallthings.fr\/lespetitslivres\/2014\/11\/17\/welcome-to-harmony-dios-garduno-panini\/","og_locale":"fr_FR","og_type":"article","og_title":"Welcome to Harmony : la 3\u00e8me Guerre Mondiale sauce zombies","og_description":"Welcome to Harmony est sorti le 8 octobre dernier dans la collection Eclipse des \u00e9ditions Panini. Ce thriller de Juan de Dios Gardu\u00f1o a d\u00e9j\u00e0 fait forte","og_url":"https:\/\/smallthings.fr\/lespetitslivres\/2014\/11\/17\/welcome-to-harmony-dios-garduno-panini\/","og_site_name":"Les Petits Livres","article_published_time":"2014-11-17T14:04:24+00:00","article_modified_time":"2015-11-27T12:43:53+00:00","author":"Jennifer","twitter_card":"summary_large_image","twitter_misc":{"\u00c9crit par":"Jennifer","Dur\u00e9e de lecture estim\u00e9e":"3 minutes"},"schema":{"@context":"https:\/\/schema.org","@graph":[{"@type":"WebPage","@id":"https:\/\/smallthings.fr\/lespetitslivres\/2014\/11\/17\/welcome-to-harmony-dios-garduno-panini\/","url":"https:\/\/smallthings.fr\/lespetitslivres\/2014\/11\/17\/welcome-to-harmony-dios-garduno-panini\/","name":"Welcome to Harmony : la 3\u00e8me Guerre Mondiale sauce zombies","isPartOf":{"@id":"https:\/\/smallthings.fr\/lespetitslivres\/#website"},"datePublished":"2014-11-17T14:04:24+00:00","dateModified":"2015-11-27T12:43:53+00:00","author":{"@id":"https:\/\/smallthings.fr\/lespetitslivres\/#\/schema\/person\/bb8808220f912e72f01f7a55924d9ad1"},"description":"Welcome to Harmony est sorti le 8 octobre dernier dans la collection Eclipse des \u00e9ditions Panini. Ce thriller de Juan de Dios Gardu\u00f1o a d\u00e9j\u00e0 fait forte","breadcrumb":{"@id":"https:\/\/smallthings.fr\/lespetitslivres\/2014\/11\/17\/welcome-to-harmony-dios-garduno-panini\/#breadcrumb"},"inLanguage":"fr-FR","potentialAction":[{"@type":"ReadAction","target":["https:\/\/smallthings.fr\/lespetitslivres\/2014\/11\/17\/welcome-to-harmony-dios-garduno-panini\/"]}]},{"@type":"BreadcrumbList","@id":"https:\/\/smallthings.fr\/lespetitslivres\/2014\/11\/17\/welcome-to-harmony-dios-garduno-panini\/#breadcrumb","itemListElement":[{"@type":"ListItem","position":1,"name":"Accueil","item":"https:\/\/smallthings.fr\/lespetitslivres\/"},{"@type":"ListItem","position":2,"name":"Welcome to Harmony : la 3\u00e8me Guerre Mondiale sauce zombies"}]},{"@type":"WebSite","@id":"https:\/\/smallthings.fr\/lespetitslivres\/#website","url":"https:\/\/smallthings.fr\/lespetitslivres\/","name":"Les Petits Livres","description":"by Small Things","potentialAction":[{"@type":"SearchAction","target":{"@type":"EntryPoint","urlTemplate":"https:\/\/smallthings.fr\/lespetitslivres\/?s={search_term_string}"},"query-input":"required name=search_term_string"}],"inLanguage":"fr-FR"},{"@type":"Person","@id":"https:\/\/smallthings.fr\/lespetitslivres\/#\/schema\/person\/bb8808220f912e72f01f7a55924d9ad1","name":"Jennifer","image":{"@type":"ImageObject","inLanguage":"fr-FR","@id":"https:\/\/smallthings.fr\/lespetitslivres\/#\/schema\/person\/image\/","url":"https:\/\/secure.gravatar.com\/avatar\/ffcd6b107b6b18c3d5201f1bcc631683?s=96&d=retro&r=g","contentUrl":"https:\/\/secure.gravatar.com\/avatar\/ffcd6b107b6b18c3d5201f1bcc631683?s=96&d=retro&r=g","caption":"Jennifer"},"url":"https:\/\/smallthings.fr\/lespetitslivres\/author\/jennifer\/"}]}},"jetpack_featured_media_url":"","jetpack_sharing_enabled":true,"jetpack_shortlink":"https:\/\/wp.me\/p6Un21-4P5","jetpack-related-posts":[{"id":22313,"url":"https:\/\/smallthings.fr\/lespetitslivres\/2015\/04\/08\/partials-futuriste-dan-wells-avis\/","url_meta":{"origin":18543,"position":0},"title":"Partials : le roman futuriste de Dan Wells","author":"Jennifer","date":"8 avril 2015","format":false,"excerpt":"Partials est un livre de Dan Wells qui est paru au Livre de Poche le 1er avril dernier. Cette dystopie raconte comment les humains ont d\u00e9truit la plan\u00e8te en cr\u00e9ant des \u00eatres g\u00e9n\u00e9tiquement modifi\u00e9s ressemblant aux Hommes, mais dot\u00e9s d\u2019une force surhumaine et d\u2019une invincibilit\u00e9 incroyable. Ces derniers, les Partials,\u2026","rel":"","context":"Dans &quot;Science-fiction&quot;","block_context":{"text":"Science-fiction","link":"https:\/\/smallthings.fr\/lespetitslivres\/category\/imaginaire\/science-fiction\/"},"img":{"alt_text":"","src":"https:\/\/i0.wp.com\/smallthings.fr\/wp-content\/uploads\/2015\/04\/partials-dan-wells.jpg?resize=350%2C200","width":350,"height":200},"classes":[]},{"id":6946,"url":"https:\/\/smallthings.fr\/lespetitslivres\/2013\/07\/19\/lames-de-fond-chris-costantini\/","url_meta":{"origin":18543,"position":1},"title":"Lames de fond &#8211; Chris Costantini","author":"Claire","date":"19 juillet 2013","format":false,"excerpt":"Avec Lames de fond, Chris Costantini n'en est pas \u00e0 son coup d'essai. Un bon polar, frais et enlev\u00e9, que la r\u00e9daction vous conseille si vous \u00eates amateur du genre.","rel":"","context":"Dans &quot;Thriller&quot;","block_context":{"text":"Thriller","link":"https:\/\/smallthings.fr\/lespetitslivres\/category\/thriller\/"},"img":{"alt_text":"","src":"https:\/\/i0.wp.com\/uploads.smallthings.fr\/2013\/07\/sans-titre-204x300.png?resize=350%2C200","width":350,"height":200},"classes":[]},{"id":31299,"url":"https:\/\/smallthings.fr\/lespetitslivres\/2017\/09\/26\/dans-epaisseur-chair-blas-de-robles\/","url_meta":{"origin":18543,"position":2},"title":"Dans l&rsquo;\u00e9paisseur de la chair : retour dans le pass\u00e9 d&rsquo;un p\u00e8re myst\u00e9rieux","author":"Betsy","date":"26 septembre 2017","format":false,"excerpt":"Dans l'\u00e9paisseur de la chair est le nouveau roman de Jean-Marie Blas de Robl\u00e8s, paru chez Zulma en cette rentr\u00e9e litt\u00e9raire. Un retour dans un pass\u00e9 pas forc\u00e9ment glorieux mais \u00e9mouvant et ouvrant \u00e0 la r\u00e9flexion. Et bien que l\u00e9g\u00e8rement autobiographique pour rendre hommage \u00e0 son p\u00e8re, Dans l'\u00e9paisseur de\u2026","rel":"","context":"Dans &quot;Roman fran\u00e7ais&quot;","block_context":{"text":"Roman fran\u00e7ais","link":"https:\/\/smallthings.fr\/lespetitslivres\/category\/roman\/roman-francais\/"},"img":{"alt_text":"","src":"https:\/\/i0.wp.com\/smallthings.fr\/lespetitslivres\/wp-content\/uploads\/2017\/09\/blas-de-robles-jean-marie-blas-de-robles-opale-ok_0.jpg?resize=350%2C200&ssl=1","width":350,"height":200,"srcset":"https:\/\/i0.wp.com\/smallthings.fr\/lespetitslivres\/wp-content\/uploads\/2017\/09\/blas-de-robles-jean-marie-blas-de-robles-opale-ok_0.jpg?resize=350%2C200&ssl=1 1x, https:\/\/i0.wp.com\/smallthings.fr\/lespetitslivres\/wp-content\/uploads\/2017\/09\/blas-de-robles-jean-marie-blas-de-robles-opale-ok_0.jpg?resize=525%2C300&ssl=1 1.5x, https:\/\/i0.wp.com\/smallthings.fr\/lespetitslivres\/wp-content\/uploads\/2017\/09\/blas-de-robles-jean-marie-blas-de-robles-opale-ok_0.jpg?resize=700%2C400&ssl=1 2x"},"classes":[]},{"id":23142,"url":"https:\/\/smallthings.fr\/lespetitslivres\/2015\/05\/05\/ex-heroes-roman-super-heros-zombies-critique\/","url_meta":{"origin":18543,"position":3},"title":"Ex Heroes, le roman : super-h\u00e9ros VS zombies","author":"Jennifer","date":"5 mai 2015","format":false,"excerpt":"Ex Heroes est le premier tome d'une saga zombie \u00e9crite par Peter Clines, sorti le 8 avril dernier aux \u00e9ditions Panini. Nous rencontrons plusieurs super-h\u00e9ros qui font face \u00e0 la plus grande \u00e9pid\u00e9mie que la Terre ait connue\u00a0: les humains se transforment en zombies. Ils ont construit un abri pour\u2026","rel":"","context":"Dans &quot;Fantastique&quot;","block_context":{"text":"Fantastique","link":"https:\/\/smallthings.fr\/lespetitslivres\/category\/imaginaire\/fantastique\/"},"img":{"alt_text":"","src":"https:\/\/i0.wp.com\/smallthings.fr\/wp-content\/uploads\/2015\/05\/ex-heroes.jpg?resize=350%2C200","width":350,"height":200},"classes":[]},{"id":30885,"url":"https:\/\/smallthings.fr\/lespetitslivres\/2017\/03\/22\/hortense-et-queenie-levy-critique\/","url_meta":{"origin":18543,"position":4},"title":"Hortense et Queenie, r\u00eaves et espoirs confront\u00e9s au racisme ordinaire","author":"June","date":"22 mars 2017","format":false,"excerpt":"Hortense et Queenie sont deux femmes que tout oppose, except\u00e9 le fait d\u2019\u00eatre n\u00e9es anglaises et le d\u00e9sir farouche de s\u2019extirper de leur condition. Hortense est n\u00e9e mul\u00e2tre dans une Jama\u00efque sous domination anglaise et d\u00e9sire plus que tout vivre en Angleterre dans une jolie maison avec une grosse cloche\u2026","rel":"","context":"Dans &quot;Roman \u00e9tranger&quot;","block_context":{"text":"Roman \u00e9tranger","link":"https:\/\/smallthings.fr\/lespetitslivres\/category\/roman\/roman-etranger\/"},"img":{"alt_text":"","src":"https:\/\/i0.wp.com\/smallthings.fr\/lespetitslivres\/wp-content\/uploads\/2017\/03\/hortense-queenie-couv.jpg?resize=350%2C200&ssl=1","width":350,"height":200,"srcset":"https:\/\/i0.wp.com\/smallthings.fr\/lespetitslivres\/wp-content\/uploads\/2017\/03\/hortense-queenie-couv.jpg?resize=350%2C200&ssl=1 1x, https:\/\/i0.wp.com\/smallthings.fr\/lespetitslivres\/wp-content\/uploads\/2017\/03\/hortense-queenie-couv.jpg?resize=525%2C300&ssl=1 1.5x, https:\/\/i0.wp.com\/smallthings.fr\/lespetitslivres\/wp-content\/uploads\/2017\/03\/hortense-queenie-couv.jpg?resize=700%2C400&ssl=1 2x"},"classes":[]},{"id":30093,"url":"https:\/\/smallthings.fr\/lespetitslivres\/2016\/06\/17\/chemins-de-liberte-serge-revel\/","url_meta":{"origin":18543,"position":5},"title":"Chemins de libert\u00e9, la R\u00e9sistance ordinaire lors de la Seconde Guerre Mondiale","author":"June","date":"17 juin 2016","format":false,"excerpt":"Dans Chemins de libert\u00e9, paru le 11 mai, aux \u00e9ditions du Rouergue, Serge Revel nous emm\u00e8ne dans le quotidien de ceux qui sont entr\u00e9es dans la R\u00e9sistance comme par \u00e9vidence. Il nous conte l\u2019histoire d\u2019une famille ordinaire dans un petit village. Une famille qui paiera le prix de ses convictions\u2026","rel":"","context":"Dans &quot;Roman fran\u00e7ais&quot;","block_context":{"text":"Roman fran\u00e7ais","link":"https:\/\/smallthings.fr\/lespetitslivres\/category\/roman\/roman-francais\/"},"img":{"alt_text":"","src":"https:\/\/i0.wp.com\/smallthings.fr\/lespetitslivres\/wp-content\/uploads\/2016\/06\/chemins-de-liberte.jpg?resize=350%2C200","width":350,"height":200},"classes":[]}],"_links":{"self":[{"href":"https:\/\/smallthings.fr\/lespetitslivres\/wp-json\/wp\/v2\/posts\/18543"}],"collection":[{"href":"https:\/\/smallthings.fr\/lespetitslivres\/wp-json\/wp\/v2\/posts"}],"about":[{"href":"https:\/\/smallthings.fr\/lespetitslivres\/wp-json\/wp\/v2\/types\/post"}],"author":[{"embeddable":true,"href":"https:\/\/smallthings.fr\/lespetitslivres\/wp-json\/wp\/v2\/users\/14"}],"replies":[{"embeddable":true,"href":"https:\/\/smallthings.fr\/lespetitslivres\/wp-json\/wp\/v2\/comments?post=18543"}],"version-history":[{"count":1,"href":"https:\/\/smallthings.fr\/lespetitslivres\/wp-json\/wp\/v2\/posts\/18543\/revisions"}],"predecessor-version":[{"id":28833,"href":"https:\/\/smallthings.fr\/lespetitslivres\/wp-json\/wp\/v2\/posts\/18543\/revisions\/28833"}],"wp:featuredmedia":[{"embeddable":true,"href":"https:\/\/smallthings.fr\/lespetitslivres\/wp-json\/"}],"wp:attachment":[{"href":"https:\/\/smallthings.fr\/lespetitslivres\/wp-json\/wp\/v2\/media?parent=18543"}],"wp:term":[{"taxonomy":"category","embeddable":true,"href":"https:\/\/smallthings.fr\/lespetitslivres\/wp-json\/wp\/v2\/categories?post=18543"},{"taxonomy":"post_tag","embeddable":true,"href":"https:\/\/smallthings.fr\/lespetitslivres\/wp-json\/wp\/v2\/tags?post=18543"}],"curies":[{"name":"wp","href":"https:\/\/api.w.org\/{rel}","templated":true}]}}