{"id":18410,"date":"2014-11-12T10:36:53","date_gmt":"2014-11-12T09:36:53","guid":{"rendered":"http:\/\/smallthings.fr\/?p=18410"},"modified":"2015-11-02T13:27:16","modified_gmt":"2015-11-02T12:27:16","slug":"respire-gagnez-livre-melanie-laurent","status":"publish","type":"post","link":"https:\/\/smallthings.fr\/lespetitslivres\/2014\/11\/12\/respire-gagnez-livre-melanie-laurent\/","title":{"rendered":"Respire : gagnez 2 exs du livre adapt\u00e9 au cin\u00e9ma par M\u00e9lanie Laurent"},"content":{"rendered":"[slickquiz id=23]\n<p><strong><em>Concours termin\u00e9<\/em> <\/strong><\/p>\n<p><strong><a href=\"http:\/\/smallthings.fr\/2014\/11\/14\/respire-deuxieme-realisation-melanie-laurent\/\" target=\"_blank\"><em>Respire<\/em><\/a>, le film r\u00e9alis\u00e9 par M\u00e9lanie Laurent,\u00a0sera dans les salles d\u00e8s demain (le 12 novembre)<\/strong>. En choisissant d&rsquo;adapter cette histoire, la jeune r\u00e9alisatrice dit vouloir \u00ab\u00a0rendre le harc\u00e8lement comme un non-\u00e9v\u00e9nement\u00a0\u00bb afin d&rsquo;en traiter la gu\u00e9rison et la sortie. Pour l&rsquo;occasion,<a href=\"http:\/\/www.livredepoche.com\/respire-anne-sophie-brasme-9782253153641\" target=\"_blank\"><strong> le Livre de Poche<\/strong><\/a>\u00a0lance une nouvelle \u00e9dition du roman d&rsquo;Anne-Sophie Brasme \u00e0 l&rsquo;origine publi\u00e9 chez Fayard. Cette \u00e9dition, que nous vous proposons de gagner aujourd&rsquo;hui, choisit l&rsquo;affiche du film comme couverture.<\/p>\n<p><a href=\"http:\/\/smallthings.fr\/2014\/11\/12\/respire-gagnez-livre-melanie-laurent\/respire-livre\/\" rel=\"attachment wp-att-18411\"><img loading=\"lazy\" decoding=\"async\" class=\"alignright size-full wp-image-18411\" src=\"http:\/\/smallthings.fr\/wp-content\/uploads\/2014\/11\/respire-livre.jpg\" alt=\"respire-livre\" width=\"250\" height=\"404\" \/><\/a>Ce qui impressionne dans <strong>ce livre \u00e9crit par une jeune fille de 17 ans<\/strong>, c&rsquo;est l&rsquo;incroyable maturit\u00e9 qui s&rsquo;en d\u00e9gage. <em>Respire<\/em> nous parle de harc\u00e8lement avec une justesse qui fait froid dans le dos. On observe son h\u00e9ro\u00efne, Charl\u00e8ne, op\u00e9rer une descente en enfer, prisonni\u00e8re des griffes de son \u00ab\u00a0amie\u00a0\u00bb Sarah. Mal dans sa peau, asthmatique et dans le besoin d\u00e9sesp\u00e9r\u00e9 de reconnaissance, Charl\u00e8ne ne poss\u00e8de pas les armes pour se d\u00e9fendre. Sarah lui apporte toute l&rsquo;attention et le bonheur qu&rsquo;elle recherchait, n\u00e9anmoins cela finira par l&rsquo;attirer vers les affres de la jalousie, de la passion d\u00e9vastatrice, du d\u00e9sespoir, jusqu&rsquo;\u00e0 l&rsquo;irr\u00e9parable.<\/p>\n<p>Si le film <em>Respire\u00a0<\/em>met en sc\u00e8ne l&rsquo;amiti\u00e9 naissante entre les deux jeunes filles, mise \u00e0 mal par la cruaut\u00e9 de Sarah et le mal-\u00eatre de Charl\u00e8ne, le roman d&rsquo;Anne-Sophie Brasme ne nous \u00e9pargne aucune description des sentiments de l&rsquo;h\u00e9ro\u00efne. Le premier chapitre nous plonge imm\u00e9diatement dans une atmosph\u00e8re \u00e9touffante ; <strong>ce r\u00e9cit fort et fataliste est une prouesse bluffante pour une auteure de cet \u00e2ge<\/strong>.<\/p>\n<p><strong><em>Respire<\/em> traite le th\u00e8me du harc\u00e8lement avec brio<\/strong>. On en per\u00e7oit les racines dans la d\u00e9couverte du personnage de Charl\u00e8ne d\u00e8s le d\u00e9but du roman. Mal dans sa peau, mal \u00e0 l&rsquo;aise avec ses parents et en recherche d&rsquo;un sens \u00e0 sa vie, Sarah lui met le grappin dessus avec une efficacit\u00e9 terrifiante. Le livre nous raconte\u00a0la perte des rep\u00e8res de son h\u00e9ro\u00efne, sa d\u00e9gringolade incontr\u00f4lable.<\/p>\n<div id=\"attachment_18412\" style=\"width: 421px\" class=\"wp-caption aligncenter\"><a href=\"http:\/\/smallthings.fr\/2014\/11\/12\/respire-gagnez-livre-melanie-laurent\/respire-film-couv\/\" rel=\"attachment wp-att-18412\"><img loading=\"lazy\" decoding=\"async\" aria-describedby=\"caption-attachment-18412\" class=\" wp-image-18412\" src=\"http:\/\/smallthings.fr\/wp-content\/uploads\/2014\/11\/respire-film-couv.jpg\" alt=\"Jos\u00e9phine Japy et Lou de La\u00e2ge, les jeunes actrices de &quot;Respire&quot;\" width=\"411\" height=\"274\" \/><\/a><p id=\"caption-attachment-18412\" class=\"wp-caption-text\">Jos\u00e9phine Japy et Lou de La\u00e2ge, les jeunes actrices de \u00ab\u00a0Respire\u00a0\u00bb<\/p><\/div>\n","protected":false},"excerpt":{"rendered":"<p>[slickquiz id=23] Concours termin\u00e9 Respire, le film r\u00e9alis\u00e9 par M\u00e9lanie Laurent,\u00a0sera dans les salles d\u00e8s demain (le 12 novembre). En choisissant d&rsquo;adapter cette histoire, la jeune r\u00e9alisatrice dit vouloir \u00ab\u00a0rendre le harc\u00e8lement comme un non-\u00e9v\u00e9nement\u00a0\u00bb afin d&rsquo;en traiter la gu\u00e9rison et la sortie. Pour l&rsquo;occasion, le Livre de Poche\u00a0lance une nouvelle \u00e9dition du roman d&rsquo;Anne-Sophie<\/p>\n","protected":false},"author":2,"featured_media":18417,"comment_status":"closed","ping_status":"open","sticky":false,"template":"","format":"standard","meta":{"jetpack_post_was_ever_published":false,"_jetpack_newsletter_access":"","_jetpack_newsletter_tier_id":0,"footnotes":"","jetpack_publicize_message":"","jetpack_is_tweetstorm":false,"jetpack_publicize_feature_enabled":true,"jetpack_social_post_already_shared":false,"jetpack_social_options":{"image_generator_settings":{"template":"highway","enabled":false}}},"categories":[1113,1117],"tags":[716,717,718],"jetpack_publicize_connections":[],"yoast_head":"<!-- This site is optimized with the Yoast SEO plugin v21.5 - https:\/\/yoast.com\/wordpress\/plugins\/seo\/ -->\n<title>Respire : gagnez 2 exs du livre adapt\u00e9 au cin\u00e9ma par M\u00e9lanie Laurent<\/title>\n<meta name=\"description\" content=\"SmallThings vous propose de gagner des exemplaires du roman Respire. Initialement sorti chez Fayard, le roman sort en Livre de Poche \u00e0 l&#039;occasion de la\" \/>\n<meta name=\"robots\" content=\"index, follow, max-snippet:-1, max-image-preview:large, max-video-preview:-1\" \/>\n<link rel=\"canonical\" href=\"https:\/\/smallthings.fr\/lespetitslivres\/2014\/11\/12\/respire-gagnez-livre-melanie-laurent\/\" \/>\n<meta property=\"og:locale\" content=\"fr_FR\" \/>\n<meta property=\"og:type\" content=\"article\" \/>\n<meta property=\"og:title\" content=\"Respire : gagnez 2 exs du livre adapt\u00e9 au cin\u00e9ma par M\u00e9lanie Laurent\" \/>\n<meta property=\"og:description\" content=\"SmallThings vous propose de gagner des exemplaires du roman Respire. Initialement sorti chez Fayard, le roman sort en Livre de Poche \u00e0 l&#039;occasion de la\" \/>\n<meta property=\"og:url\" content=\"https:\/\/smallthings.fr\/lespetitslivres\/2014\/11\/12\/respire-gagnez-livre-melanie-laurent\/\" \/>\n<meta property=\"og:site_name\" content=\"Les Petits Livres\" \/>\n<meta property=\"article:published_time\" content=\"2014-11-12T09:36:53+00:00\" \/>\n<meta property=\"article:modified_time\" content=\"2015-11-02T12:27:16+00:00\" \/>\n<meta name=\"author\" content=\"Claire\" \/>\n<meta name=\"twitter:card\" content=\"summary_large_image\" \/>\n<meta name=\"twitter:label1\" content=\"\u00c9crit par\" \/>\n\t<meta name=\"twitter:data1\" content=\"Claire\" \/>\n\t<meta name=\"twitter:label2\" content=\"Dur\u00e9e de lecture estim\u00e9e\" \/>\n\t<meta name=\"twitter:data2\" content=\"2 minutes\" \/>\n<script type=\"application\/ld+json\" class=\"yoast-schema-graph\">{\"@context\":\"https:\/\/schema.org\",\"@graph\":[{\"@type\":\"WebPage\",\"@id\":\"https:\/\/smallthings.fr\/lespetitslivres\/2014\/11\/12\/respire-gagnez-livre-melanie-laurent\/\",\"url\":\"https:\/\/smallthings.fr\/lespetitslivres\/2014\/11\/12\/respire-gagnez-livre-melanie-laurent\/\",\"name\":\"Respire : gagnez 2 exs du livre adapt\u00e9 au cin\u00e9ma par M\u00e9lanie Laurent\",\"isPartOf\":{\"@id\":\"https:\/\/smallthings.fr\/lespetitslivres\/#website\"},\"datePublished\":\"2014-11-12T09:36:53+00:00\",\"dateModified\":\"2015-11-02T12:27:16+00:00\",\"author\":{\"@id\":\"https:\/\/smallthings.fr\/lespetitslivres\/#\/schema\/person\/504d603cacfe064fe039dfa03a8b7918\"},\"description\":\"SmallThings vous propose de gagner des exemplaires du roman Respire. Initialement sorti chez Fayard, le roman sort en Livre de Poche \u00e0 l'occasion de la\",\"breadcrumb\":{\"@id\":\"https:\/\/smallthings.fr\/lespetitslivres\/2014\/11\/12\/respire-gagnez-livre-melanie-laurent\/#breadcrumb\"},\"inLanguage\":\"fr-FR\",\"potentialAction\":[{\"@type\":\"ReadAction\",\"target\":[\"https:\/\/smallthings.fr\/lespetitslivres\/2014\/11\/12\/respire-gagnez-livre-melanie-laurent\/\"]}]},{\"@type\":\"BreadcrumbList\",\"@id\":\"https:\/\/smallthings.fr\/lespetitslivres\/2014\/11\/12\/respire-gagnez-livre-melanie-laurent\/#breadcrumb\",\"itemListElement\":[{\"@type\":\"ListItem\",\"position\":1,\"name\":\"Accueil\",\"item\":\"https:\/\/smallthings.fr\/lespetitslivres\/\"},{\"@type\":\"ListItem\",\"position\":2,\"name\":\"Respire : gagnez 2 exs du livre adapt\u00e9 au cin\u00e9ma par M\u00e9lanie Laurent\"}]},{\"@type\":\"WebSite\",\"@id\":\"https:\/\/smallthings.fr\/lespetitslivres\/#website\",\"url\":\"https:\/\/smallthings.fr\/lespetitslivres\/\",\"name\":\"Les Petits Livres\",\"description\":\"by Small Things\",\"potentialAction\":[{\"@type\":\"SearchAction\",\"target\":{\"@type\":\"EntryPoint\",\"urlTemplate\":\"https:\/\/smallthings.fr\/lespetitslivres\/?s={search_term_string}\"},\"query-input\":\"required name=search_term_string\"}],\"inLanguage\":\"fr-FR\"},{\"@type\":\"Person\",\"@id\":\"https:\/\/smallthings.fr\/lespetitslivres\/#\/schema\/person\/504d603cacfe064fe039dfa03a8b7918\",\"name\":\"Claire\",\"image\":{\"@type\":\"ImageObject\",\"inLanguage\":\"fr-FR\",\"@id\":\"https:\/\/smallthings.fr\/lespetitslivres\/#\/schema\/person\/image\/\",\"url\":\"https:\/\/secure.gravatar.com\/avatar\/9a85ff83d76b3eb17b8cae208640786e?s=96&d=retro&r=g\",\"contentUrl\":\"https:\/\/secure.gravatar.com\/avatar\/9a85ff83d76b3eb17b8cae208640786e?s=96&d=retro&r=g\",\"caption\":\"Claire\"},\"url\":\"https:\/\/smallthings.fr\/lespetitslivres\/author\/claire\/\"}]}<\/script>\n<!-- \/ Yoast SEO plugin. -->","yoast_head_json":{"title":"Respire : gagnez 2 exs du livre adapt\u00e9 au cin\u00e9ma par M\u00e9lanie Laurent","description":"SmallThings vous propose de gagner des exemplaires du roman Respire. Initialement sorti chez Fayard, le roman sort en Livre de Poche \u00e0 l'occasion de la","robots":{"index":"index","follow":"follow","max-snippet":"max-snippet:-1","max-image-preview":"max-image-preview:large","max-video-preview":"max-video-preview:-1"},"canonical":"https:\/\/smallthings.fr\/lespetitslivres\/2014\/11\/12\/respire-gagnez-livre-melanie-laurent\/","og_locale":"fr_FR","og_type":"article","og_title":"Respire : gagnez 2 exs du livre adapt\u00e9 au cin\u00e9ma par M\u00e9lanie Laurent","og_description":"SmallThings vous propose de gagner des exemplaires du roman Respire. Initialement sorti chez Fayard, le roman sort en Livre de Poche \u00e0 l'occasion de la","og_url":"https:\/\/smallthings.fr\/lespetitslivres\/2014\/11\/12\/respire-gagnez-livre-melanie-laurent\/","og_site_name":"Les Petits Livres","article_published_time":"2014-11-12T09:36:53+00:00","article_modified_time":"2015-11-02T12:27:16+00:00","author":"Claire","twitter_card":"summary_large_image","twitter_misc":{"\u00c9crit par":"Claire","Dur\u00e9e de lecture estim\u00e9e":"2 minutes"},"schema":{"@context":"https:\/\/schema.org","@graph":[{"@type":"WebPage","@id":"https:\/\/smallthings.fr\/lespetitslivres\/2014\/11\/12\/respire-gagnez-livre-melanie-laurent\/","url":"https:\/\/smallthings.fr\/lespetitslivres\/2014\/11\/12\/respire-gagnez-livre-melanie-laurent\/","name":"Respire : gagnez 2 exs du livre adapt\u00e9 au cin\u00e9ma par M\u00e9lanie Laurent","isPartOf":{"@id":"https:\/\/smallthings.fr\/lespetitslivres\/#website"},"datePublished":"2014-11-12T09:36:53+00:00","dateModified":"2015-11-02T12:27:16+00:00","author":{"@id":"https:\/\/smallthings.fr\/lespetitslivres\/#\/schema\/person\/504d603cacfe064fe039dfa03a8b7918"},"description":"SmallThings vous propose de gagner des exemplaires du roman Respire. Initialement sorti chez Fayard, le roman sort en Livre de Poche \u00e0 l'occasion de la","breadcrumb":{"@id":"https:\/\/smallthings.fr\/lespetitslivres\/2014\/11\/12\/respire-gagnez-livre-melanie-laurent\/#breadcrumb"},"inLanguage":"fr-FR","potentialAction":[{"@type":"ReadAction","target":["https:\/\/smallthings.fr\/lespetitslivres\/2014\/11\/12\/respire-gagnez-livre-melanie-laurent\/"]}]},{"@type":"BreadcrumbList","@id":"https:\/\/smallthings.fr\/lespetitslivres\/2014\/11\/12\/respire-gagnez-livre-melanie-laurent\/#breadcrumb","itemListElement":[{"@type":"ListItem","position":1,"name":"Accueil","item":"https:\/\/smallthings.fr\/lespetitslivres\/"},{"@type":"ListItem","position":2,"name":"Respire : gagnez 2 exs du livre adapt\u00e9 au cin\u00e9ma par M\u00e9lanie Laurent"}]},{"@type":"WebSite","@id":"https:\/\/smallthings.fr\/lespetitslivres\/#website","url":"https:\/\/smallthings.fr\/lespetitslivres\/","name":"Les Petits Livres","description":"by Small Things","potentialAction":[{"@type":"SearchAction","target":{"@type":"EntryPoint","urlTemplate":"https:\/\/smallthings.fr\/lespetitslivres\/?s={search_term_string}"},"query-input":"required name=search_term_string"}],"inLanguage":"fr-FR"},{"@type":"Person","@id":"https:\/\/smallthings.fr\/lespetitslivres\/#\/schema\/person\/504d603cacfe064fe039dfa03a8b7918","name":"Claire","image":{"@type":"ImageObject","inLanguage":"fr-FR","@id":"https:\/\/smallthings.fr\/lespetitslivres\/#\/schema\/person\/image\/","url":"https:\/\/secure.gravatar.com\/avatar\/9a85ff83d76b3eb17b8cae208640786e?s=96&d=retro&r=g","contentUrl":"https:\/\/secure.gravatar.com\/avatar\/9a85ff83d76b3eb17b8cae208640786e?s=96&d=retro&r=g","caption":"Claire"},"url":"https:\/\/smallthings.fr\/lespetitslivres\/author\/claire\/"}]}},"jetpack_featured_media_url":"","jetpack_sharing_enabled":true,"jetpack_shortlink":"https:\/\/wp.me\/p6Un21-4MW","jetpack-related-posts":[{"id":9482,"url":"https:\/\/smallthings.fr\/lespetitslivres\/2013\/12\/05\/concours-livres-audio\/","url_meta":{"origin":18410,"position":0},"title":"[Concours ] Gagnez 10 livres audio avec Lire dans le noir !","author":"Claire","date":"5 d\u00e9cembre 2013","format":false,"excerpt":"Les laur\u00e9ats du Prix Lire dans le noir ont \u00e9t\u00e9 annonc\u00e9s jeudi 5 d\u00e9cembre : il est maintenant temps pour vous de participer \u00e0 notre jeu-concours et de gagner des livres audio !","rel":"","context":"Dans &quot;Concours&quot;","block_context":{"text":"Concours","link":"https:\/\/smallthings.fr\/lespetitslivres\/category\/concours\/"},"img":{"alt_text":"","src":"","width":0,"height":0},"classes":[]},{"id":24047,"url":"https:\/\/smallthings.fr\/lespetitslivres\/2015\/05\/29\/diam-s-melanie-francaise-et-musulmane-livre\/","url_meta":{"origin":18410,"position":1},"title":"Diam&rsquo;s est M\u00e9lanie fran\u00e7aise et musulmane","author":"Claire","date":"29 mai 2015","format":false,"excerpt":"Le 21 mai paraissait chez Don Quichotte le second livre de Diam's : M\u00e9lanie fran\u00e7aise et musulmane. Cette deuxi\u00e8me autobiographie, elle a d\u00e9cid\u00e9 de l'\u00e9crire suite aux \u00e9v\u00e9nements du 7 janvier dernier, comme pour mettre sa pierre \u00e0 l'\u00e9difice du combat contre les id\u00e9es re\u00e7ues. En publiant sous son nom,\u2026","rel":"","context":"Dans &quot;(Auto) Biographie&quot;","block_context":{"text":"(Auto) Biographie","link":"https:\/\/smallthings.fr\/lespetitslivres\/category\/non-fiction\/auto-biographie\/"},"img":{"alt_text":"","src":"https:\/\/i0.wp.com\/smallthings.fr\/lespetitslivres\/wp-content\/uploads\/2015\/05\/diams-francaise-musulmane.jpg?resize=350%2C200&ssl=1","width":350,"height":200},"classes":[]},{"id":18056,"url":"https:\/\/smallthings.fr\/lespetitslivres\/2014\/11\/09\/carey-celle-qui-a-tous-les-dons-atalante\/","url_meta":{"origin":18410,"position":2},"title":"Les enfants-zombies par M. R. Carey : Celle qui a tous les dons","author":"Claire","date":"9 novembre 2014","format":false,"excerpt":"La traduction du roman de M. R. Carey, Celle qui a tous les dons, vient de para\u00eetre (le 23 octobre) aux \u00e9ditions de l'Atalante. En anglais, The Girl with all the gifts a b\u00e9n\u00e9fici\u00e9 en Angleterre d'une presse dithyrambique. On comprend vite que Celle qui a tous les dons est\u2026","rel":"","context":"Dans &quot;Science-fiction&quot;","block_context":{"text":"Science-fiction","link":"https:\/\/smallthings.fr\/lespetitslivres\/category\/imaginaire\/science-fiction\/"},"img":{"alt_text":"","src":"https:\/\/i0.wp.com\/smallthings.fr\/wp-content\/uploads\/2014\/10\/celle-qui-a-tous-les-dons.jpg?resize=350%2C200","width":350,"height":200},"classes":[]},{"id":31826,"url":"https:\/\/smallthings.fr\/lespetitslivres\/2018\/11\/08\/sa-verite-melanie-raabe\/","url_meta":{"origin":18410,"position":3},"title":"Sa v\u00e9rit\u00e9, le nouveau thriller efficace de Melanie Raabe","author":"June","date":"8 novembre 2018","format":false,"excerpt":"Que faire lorsqu'un inconnu usurpe l'identit\u00e9 de votre \u00e9poux \u00e0 la faveur de son enl\u00e8vement ? Comment prouver que celui qui sait tout de lui, tout de vous, de votre fils n'est pas l'homme qu'il pr\u00e9tend \u00eatre ? Voil\u00e0 le cauchemar auquel Sarah doit faire face, sept ans apr\u00e8s la\u2026","rel":"","context":"Dans &quot;Thriller&quot;","block_context":{"text":"Thriller","link":"https:\/\/smallthings.fr\/lespetitslivres\/category\/thriller\/"},"img":{"alt_text":"","src":"https:\/\/i0.wp.com\/smallthings.fr\/lespetitslivres\/wp-content\/uploads\/2018\/11\/raaba-sa-verite.jpeg?resize=350%2C200","width":350,"height":200},"classes":[]},{"id":29025,"url":"https:\/\/smallthings.fr\/lespetitslivres\/2015\/10\/23\/retour-sur-terre-rose-critique\/","url_meta":{"origin":18410,"position":4},"title":"Retour sur Terre : et si vous perdiez 6 ans de votre vie en 5 minutes ?","author":"Jennifer","date":"23 octobre 2015","format":false,"excerpt":"Retour sur Terre est un roman de M\u00e9lanie Rose, paru aux \u00e9ditions de l\u2019Archipel le 7 octobre dernier. On y rencontre Michaela, 25 ans, qui s\u2019appr\u00eate \u00e0 faire un saut en parachute avec ses coll\u00e8gues. Mais apr\u00e8s s\u2019\u00eatre jet\u00e9e dans le vide, une bourrasque l\u2019emm\u00e8ne plus loin que pr\u00e9vu et,\u2026","rel":"","context":"Dans &quot;Roman \u00e9tranger&quot;","block_context":{"text":"Roman \u00e9tranger","link":"https:\/\/smallthings.fr\/lespetitslivres\/category\/roman\/roman-etranger\/"},"img":{"alt_text":"","src":"https:\/\/i0.wp.com\/smallthings.fr\/lespetitslivres\/wp-content\/uploads\/2015\/10\/retour-sur-terre-couv.jpg?resize=350%2C200&ssl=1","width":350,"height":200,"srcset":"https:\/\/i0.wp.com\/smallthings.fr\/lespetitslivres\/wp-content\/uploads\/2015\/10\/retour-sur-terre-couv.jpg?resize=350%2C200&ssl=1 1x, https:\/\/i0.wp.com\/smallthings.fr\/lespetitslivres\/wp-content\/uploads\/2015\/10\/retour-sur-terre-couv.jpg?resize=525%2C300&ssl=1 1.5x, https:\/\/i0.wp.com\/smallthings.fr\/lespetitslivres\/wp-content\/uploads\/2015\/10\/retour-sur-terre-couv.jpg?resize=700%2C400&ssl=1 2x, https:\/\/i0.wp.com\/smallthings.fr\/lespetitslivres\/wp-content\/uploads\/2015\/10\/retour-sur-terre-couv.jpg?resize=1050%2C600&ssl=1 3x"},"classes":[]},{"id":24408,"url":"https:\/\/smallthings.fr\/lespetitslivres\/2015\/06\/12\/prince-captif-guerrier-pacat-critique\/","url_meta":{"origin":18410,"position":5},"title":"Prince Captif : Le Guerrier &#8211; suite de la saga fantasy de C.S. Pacat","author":"Jennifer","date":"12 juin 2015","format":false,"excerpt":"Le deuxi\u00e8me tome de Prince Captif, Le Guerrier, est sorti le m\u00eame jour que L\u2019esclave aux \u00e9ditions Milady, soit le 29 mai dernier. L\u2019auteure C.S. Pacat nous offre une suite tr\u00e8s int\u00e9ressante. Dans ce deuxi\u00e8me tome, Damen, toujours esclave de Laurent, va d\u00e9cider d\u2019aider son ennemi jur\u00e9 pour tenter d\u2019\u00e9viter\u2026","rel":"","context":"Dans &quot;Fantasy&quot;","block_context":{"text":"Fantasy","link":"https:\/\/smallthings.fr\/lespetitslivres\/category\/imaginaire\/fantasy\/"},"img":{"alt_text":"","src":"https:\/\/i0.wp.com\/smallthings.fr\/wp-content\/uploads\/2015\/06\/prince-captif-t-2-pacat.jpg?resize=350%2C200","width":350,"height":200},"classes":[]}],"_links":{"self":[{"href":"https:\/\/smallthings.fr\/lespetitslivres\/wp-json\/wp\/v2\/posts\/18410"}],"collection":[{"href":"https:\/\/smallthings.fr\/lespetitslivres\/wp-json\/wp\/v2\/posts"}],"about":[{"href":"https:\/\/smallthings.fr\/lespetitslivres\/wp-json\/wp\/v2\/types\/post"}],"author":[{"embeddable":true,"href":"https:\/\/smallthings.fr\/lespetitslivres\/wp-json\/wp\/v2\/users\/2"}],"replies":[{"embeddable":true,"href":"https:\/\/smallthings.fr\/lespetitslivres\/wp-json\/wp\/v2\/comments?post=18410"}],"version-history":[{"count":1,"href":"https:\/\/smallthings.fr\/lespetitslivres\/wp-json\/wp\/v2\/posts\/18410\/revisions"}],"predecessor-version":[{"id":28836,"href":"https:\/\/smallthings.fr\/lespetitslivres\/wp-json\/wp\/v2\/posts\/18410\/revisions\/28836"}],"wp:featuredmedia":[{"embeddable":true,"href":"https:\/\/smallthings.fr\/lespetitslivres\/wp-json\/"}],"wp:attachment":[{"href":"https:\/\/smallthings.fr\/lespetitslivres\/wp-json\/wp\/v2\/media?parent=18410"}],"wp:term":[{"taxonomy":"category","embeddable":true,"href":"https:\/\/smallthings.fr\/lespetitslivres\/wp-json\/wp\/v2\/categories?post=18410"},{"taxonomy":"post_tag","embeddable":true,"href":"https:\/\/smallthings.fr\/lespetitslivres\/wp-json\/wp\/v2\/tags?post=18410"}],"curies":[{"name":"wp","href":"https:\/\/api.w.org\/{rel}","templated":true}]}}