{"id":17928,"date":"2014-10-27T14:06:58","date_gmt":"2014-10-27T13:06:58","guid":{"rendered":"http:\/\/smallthings.fr\/?p=17928"},"modified":"2015-10-22T17:13:02","modified_gmt":"2015-10-22T16:13:02","slug":"galatea-evanescence-monia-sommer","status":"publish","type":"post","link":"https:\/\/smallthings.fr\/lespetitslivres\/2014\/10\/27\/galatea-evanescence-monia-sommer\/","title":{"rendered":"Galat\u00e9a : tome 1 Evanescence &#8211; 1er roman de Monia Sommer"},"content":{"rendered":"<h2><em>Galat\u00e9a\u00a0: tome 1 Evanescence <\/em>: le premier \u00ab\u00a0vrai\u00a0\u00bb roman de l\u2019auteur Monia Sommer sortira le 10 novembre prochain aux <a href=\"http:\/\/valentina-editions.com\/evanescence\/\" target=\"_blank\">\u00e9ditions Valentina<\/a>. Elle nous y conte l\u2019histoire d\u2019une princesse guerri\u00e8re, au centre d\u2019une proph\u00e9tie, qui va devoir affronter un ennemi redouble afin de sauver son royaume.<\/h2>\n<p><strong><em>Galat\u00e9a<\/em>, princesse d\u2019une plan\u00e8te d\u2019hiver \u00e9ternel, apprend avec ses amies guerri\u00e8res \u00e0 ma\u00eetriser ses pouvoirs<\/strong>. Apr\u00e8s un entra\u00eenement laborieux, le lecteur se rend vite compte que ses demoiselles ne sont pas pr\u00eates \u00e0 affronter une guerre. Lors d\u2019une r\u00e9union rassemblant les rois et reines des plan\u00e8tes environnantes, Galat\u00e9a apprend qu\u2019une nouvelle plan\u00e8te est en train d\u2019appara\u00eetre.<\/p>\n<p><a href=\"http:\/\/smallthings.fr\/2014\/10\/27\/galatea-evanescence-monia-sommer\/galatea-evanescence\/\" rel=\"attachment wp-att-17930\"><img loading=\"lazy\" decoding=\"async\" class=\"alignright  wp-image-17930\" src=\"http:\/\/smallthings.fr\/wp-content\/uploads\/2014\/10\/galatea-evanescence.jpg\" alt=\"galatea-evanescence\" width=\"232\" height=\"361\" \/><\/a>Un choix s\u2019impose alors aux dirigeants\u00a0: doivent-ils \u00e9liminer la plan\u00e8te avant qu\u2019elle ne devienne une menace, ou bien attendent-ils de conna\u00eetre ses intentions\u00a0? Inutile de r\u00e9pondre \u00e0 cette question car l\u2019ennemie, appel\u00e9e l\u2019Ultime Puissance, est d\u00e9j\u00e0 l\u00e0\u00a0! <strong><em>Galat\u00e9a <\/em>et ses amies n\u2019ont alors plus d\u2019autres choix\u00a0: pr\u00eates ou non, elles devront se battre afin de prot\u00e9ger leur royaume.<\/strong><\/p>\n<p>Monia Sommer signe avec <em>Galat\u00e9a, Evanescence<\/em>, son tout premier roman. En effet, l\u2019auteur a principalement \u00e9crit des nouvelles pr\u00e9sentes dans les recueils <em>Mal\u00e9dictions<\/em> et <em>Zombies<\/em>. Lorsque vous lirez <em>Galat\u00e9a<\/em>, vous vous demanderez pourquoi cette auteure n\u2019est pas encore connue\u00a0! Son \u00e9criture est fluide, l\u2019histoire est tr\u00e8s bien imagin\u00e9e, les personnages sont attachants et le livre addictif\u00a0!<\/p>\n<p>Monia Sommer nous fait rentrer dans son univers et on se d\u00e9lecte de d\u00e9couvrir toutes ces plan\u00e8tes et ces personnages qui ont chacun leur personnalit\u00e9, et qu\u2019on finit par adorer. Lorsqu\u2019on lit un roman, un personnage sort du lot en g\u00e9n\u00e9ral. Ce n\u2019est pas vraiment le cas pour <em>Galat\u00e9a<\/em> car, m\u00eame si l\u2019histoire est clairement bas\u00e9e sur la princesse guerri\u00e8re, tous les autres personnages prennent une place importante.<\/p>\n<p><em>Galat\u00e9a<\/em> n\u2019est pas vraiment une h\u00e9ro\u00efne. Elle a son lot de maladresse et commet quelques erreurs, si bien qu\u2019elle a appris \u00e0 compter sur les autres pour rattraper la situation lorsqu\u2019elle ne peut pas le faire elle-m\u00eame. Elle n\u2019est pas nombriliste et un personnage comme \u00e7a, \u00e7a fait du bien\u00a0!<\/p>\n<div id=\"attachment_17931\" style=\"width: 156px\" class=\"wp-caption alignleft\"><a href=\"http:\/\/smallthings.fr\/2014\/10\/27\/galatea-evanescence-monia-sommer\/galatea-monia-sommer\/\" rel=\"attachment wp-att-17931\"><img loading=\"lazy\" decoding=\"async\" aria-describedby=\"caption-attachment-17931\" class=\" wp-image-17931\" src=\"http:\/\/smallthings.fr\/wp-content\/uploads\/2014\/10\/galatea-monia-sommer.jpeg\" alt=\"Monia Sommer\" width=\"146\" height=\"275\" \/><\/a><p id=\"caption-attachment-17931\" class=\"wp-caption-text\">Monia Sommer<\/p><\/div>\n<p>Si je devais trouver un point n\u00e9gatif, je dirais que <strong>la narration est peut-\u00eatre un peu trop enfantine parfois<\/strong>. Lorsque c\u2019est <em>Galat\u00e9a <\/em>qui nous conte l\u2019histoire, je trouve cela normal car il s\u2019agit de son r\u00e9cit. Mais lorsque c\u2019est la reine ou une autre personne vraiment \u00ab\u00a0mature\u00a0\u00bb, le ton ne change pas et c\u2019est un peu dommage. Cela n\u2019entache cependant pas le roman et j\u2019attends avec impatience de d\u00e9couvrir la suite des aventures de <em>Galat\u00e9a<\/em> et ses amis.<\/p>\n<blockquote><p>\u00ab\u00a0&#8211; Pour r\u00e9sumer la situation, nos plus lointains voisins avaient des soup\u00e7ons sur une plan\u00e8te, une plan\u00e8te noire qui semble mal\u00e9fique et sur laquelle nous n\u2019avons que tr\u00e8s peu de renseignements. Elle \u00e9tait sans activit\u00e9 et ne pr\u00e9sentait aucune menace, mais depuis peu, il semblerait qu\u2019elle se soit\u2026 r\u00e9veill\u00e9e\u2026<\/p>\n<p>&#8211; Et c\u2019est grave\u00a0?<\/p>\n<p>&#8211; Le probl\u00e8me, c\u2019est que nous ne savons rien, \u00e0 part qu\u2019il s\u2019en d\u00e9gage une puissante force obscure\u2026\u00a0\u00bb<\/p><\/blockquote>\n","protected":false},"excerpt":{"rendered":"<p>Galat\u00e9a\u00a0: tome 1 Evanescence : le premier \u00ab\u00a0vrai\u00a0\u00bb roman de l\u2019auteur Monia Sommer sortira le 10 novembre prochain aux \u00e9ditions Valentina. Elle nous y conte l\u2019histoire d\u2019une princesse guerri\u00e8re, au centre d\u2019une proph\u00e9tie, qui va devoir affronter un ennemi redouble afin de sauver son royaume. Galat\u00e9a, princesse d\u2019une plan\u00e8te d\u2019hiver \u00e9ternel, apprend avec ses amies<\/p>\n","protected":false},"author":14,"featured_media":17929,"comment_status":"open","ping_status":"open","sticky":false,"template":"","format":"standard","meta":{"jetpack_post_was_ever_published":false,"_jetpack_newsletter_access":"","_jetpack_newsletter_tier_id":0,"footnotes":"","jetpack_publicize_message":"","jetpack_is_tweetstorm":false,"jetpack_publicize_feature_enabled":true,"jetpack_social_post_already_shared":false,"jetpack_social_options":{"image_generator_settings":{"template":"highway","enabled":false}}},"categories":[1107],"tags":[847,848,849,850],"jetpack_publicize_connections":[],"yoast_head":"<!-- This site is optimized with the Yoast SEO plugin v21.5 - https:\/\/yoast.com\/wordpress\/plugins\/seo\/ -->\n<title>Galat\u00e9a : tome 1 Evanescence - 1er roman de Monia Sommer<\/title>\n<meta name=\"description\" content=\"Galat\u00e9a : tome 1 Evanescence : le premier \u00ab vrai \u00bb roman de l\u2019auteur Monia Sommer sortira le 10 novembre prochain aux \u00e9ditions Valentina. Elle nous y conte\" \/>\n<meta name=\"robots\" content=\"index, follow, max-snippet:-1, max-image-preview:large, max-video-preview:-1\" \/>\n<link rel=\"canonical\" href=\"http:\/\/smallthings.fr\/lespetitslivres\/2014\/10\/27\/galatea-evanescence-monia-sommer\/\" \/>\n<meta property=\"og:locale\" content=\"fr_FR\" \/>\n<meta property=\"og:type\" content=\"article\" \/>\n<meta property=\"og:title\" content=\"Galat\u00e9a : tome 1 Evanescence - 1er roman de Monia Sommer\" \/>\n<meta property=\"og:description\" content=\"Galat\u00e9a : tome 1 Evanescence : le premier \u00ab vrai \u00bb roman de l\u2019auteur Monia Sommer sortira le 10 novembre prochain aux \u00e9ditions Valentina. Elle nous y conte\" \/>\n<meta property=\"og:url\" content=\"http:\/\/smallthings.fr\/lespetitslivres\/2014\/10\/27\/galatea-evanescence-monia-sommer\/\" \/>\n<meta property=\"og:site_name\" content=\"Les Petits Livres\" \/>\n<meta property=\"article:published_time\" content=\"2014-10-27T13:06:58+00:00\" \/>\n<meta property=\"article:modified_time\" content=\"2015-10-22T16:13:02+00:00\" \/>\n<meta name=\"author\" content=\"Jennifer\" \/>\n<meta name=\"twitter:card\" content=\"summary_large_image\" \/>\n<meta name=\"twitter:label1\" content=\"\u00c9crit par\" \/>\n\t<meta name=\"twitter:data1\" content=\"Jennifer\" \/>\n\t<meta name=\"twitter:label2\" content=\"Dur\u00e9e de lecture estim\u00e9e\" \/>\n\t<meta name=\"twitter:data2\" content=\"3 minutes\" \/>\n<script type=\"application\/ld+json\" class=\"yoast-schema-graph\">{\"@context\":\"https:\/\/schema.org\",\"@graph\":[{\"@type\":\"WebPage\",\"@id\":\"http:\/\/smallthings.fr\/lespetitslivres\/2014\/10\/27\/galatea-evanescence-monia-sommer\/\",\"url\":\"http:\/\/smallthings.fr\/lespetitslivres\/2014\/10\/27\/galatea-evanescence-monia-sommer\/\",\"name\":\"Galat\u00e9a : tome 1 Evanescence - 1er roman de Monia Sommer\",\"isPartOf\":{\"@id\":\"https:\/\/smallthings.fr\/lespetitslivres\/#website\"},\"datePublished\":\"2014-10-27T13:06:58+00:00\",\"dateModified\":\"2015-10-22T16:13:02+00:00\",\"author\":{\"@id\":\"https:\/\/smallthings.fr\/lespetitslivres\/#\/schema\/person\/bb8808220f912e72f01f7a55924d9ad1\"},\"description\":\"Galat\u00e9a : tome 1 Evanescence : le premier \u00ab vrai \u00bb roman de l\u2019auteur Monia Sommer sortira le 10 novembre prochain aux \u00e9ditions Valentina. Elle nous y conte\",\"breadcrumb\":{\"@id\":\"http:\/\/smallthings.fr\/lespetitslivres\/2014\/10\/27\/galatea-evanescence-monia-sommer\/#breadcrumb\"},\"inLanguage\":\"fr-FR\",\"potentialAction\":[{\"@type\":\"ReadAction\",\"target\":[\"http:\/\/smallthings.fr\/lespetitslivres\/2014\/10\/27\/galatea-evanescence-monia-sommer\/\"]}]},{\"@type\":\"BreadcrumbList\",\"@id\":\"http:\/\/smallthings.fr\/lespetitslivres\/2014\/10\/27\/galatea-evanescence-monia-sommer\/#breadcrumb\",\"itemListElement\":[{\"@type\":\"ListItem\",\"position\":1,\"name\":\"Accueil\",\"item\":\"https:\/\/smallthings.fr\/lespetitslivres\/\"},{\"@type\":\"ListItem\",\"position\":2,\"name\":\"Galat\u00e9a : tome 1 Evanescence &#8211; 1er roman de Monia Sommer\"}]},{\"@type\":\"WebSite\",\"@id\":\"https:\/\/smallthings.fr\/lespetitslivres\/#website\",\"url\":\"https:\/\/smallthings.fr\/lespetitslivres\/\",\"name\":\"Les Petits Livres\",\"description\":\"by Small Things\",\"potentialAction\":[{\"@type\":\"SearchAction\",\"target\":{\"@type\":\"EntryPoint\",\"urlTemplate\":\"https:\/\/smallthings.fr\/lespetitslivres\/?s={search_term_string}\"},\"query-input\":\"required name=search_term_string\"}],\"inLanguage\":\"fr-FR\"},{\"@type\":\"Person\",\"@id\":\"https:\/\/smallthings.fr\/lespetitslivres\/#\/schema\/person\/bb8808220f912e72f01f7a55924d9ad1\",\"name\":\"Jennifer\",\"image\":{\"@type\":\"ImageObject\",\"inLanguage\":\"fr-FR\",\"@id\":\"https:\/\/smallthings.fr\/lespetitslivres\/#\/schema\/person\/image\/\",\"url\":\"https:\/\/secure.gravatar.com\/avatar\/ffcd6b107b6b18c3d5201f1bcc631683?s=96&d=retro&r=g\",\"contentUrl\":\"https:\/\/secure.gravatar.com\/avatar\/ffcd6b107b6b18c3d5201f1bcc631683?s=96&d=retro&r=g\",\"caption\":\"Jennifer\"},\"url\":\"https:\/\/smallthings.fr\/lespetitslivres\/author\/jennifer\/\"}]}<\/script>\n<!-- \/ Yoast SEO plugin. -->","yoast_head_json":{"title":"Galat\u00e9a : tome 1 Evanescence - 1er roman de Monia Sommer","description":"Galat\u00e9a : tome 1 Evanescence : le premier \u00ab vrai \u00bb roman de l\u2019auteur Monia Sommer sortira le 10 novembre prochain aux \u00e9ditions Valentina. Elle nous y conte","robots":{"index":"index","follow":"follow","max-snippet":"max-snippet:-1","max-image-preview":"max-image-preview:large","max-video-preview":"max-video-preview:-1"},"canonical":"http:\/\/smallthings.fr\/lespetitslivres\/2014\/10\/27\/galatea-evanescence-monia-sommer\/","og_locale":"fr_FR","og_type":"article","og_title":"Galat\u00e9a : tome 1 Evanescence - 1er roman de Monia Sommer","og_description":"Galat\u00e9a : tome 1 Evanescence : le premier \u00ab vrai \u00bb roman de l\u2019auteur Monia Sommer sortira le 10 novembre prochain aux \u00e9ditions Valentina. Elle nous y conte","og_url":"http:\/\/smallthings.fr\/lespetitslivres\/2014\/10\/27\/galatea-evanescence-monia-sommer\/","og_site_name":"Les Petits Livres","article_published_time":"2014-10-27T13:06:58+00:00","article_modified_time":"2015-10-22T16:13:02+00:00","author":"Jennifer","twitter_card":"summary_large_image","twitter_misc":{"\u00c9crit par":"Jennifer","Dur\u00e9e de lecture estim\u00e9e":"3 minutes"},"schema":{"@context":"https:\/\/schema.org","@graph":[{"@type":"WebPage","@id":"http:\/\/smallthings.fr\/lespetitslivres\/2014\/10\/27\/galatea-evanescence-monia-sommer\/","url":"http:\/\/smallthings.fr\/lespetitslivres\/2014\/10\/27\/galatea-evanescence-monia-sommer\/","name":"Galat\u00e9a : tome 1 Evanescence - 1er roman de Monia Sommer","isPartOf":{"@id":"https:\/\/smallthings.fr\/lespetitslivres\/#website"},"datePublished":"2014-10-27T13:06:58+00:00","dateModified":"2015-10-22T16:13:02+00:00","author":{"@id":"https:\/\/smallthings.fr\/lespetitslivres\/#\/schema\/person\/bb8808220f912e72f01f7a55924d9ad1"},"description":"Galat\u00e9a : tome 1 Evanescence : le premier \u00ab vrai \u00bb roman de l\u2019auteur Monia Sommer sortira le 10 novembre prochain aux \u00e9ditions Valentina. Elle nous y conte","breadcrumb":{"@id":"http:\/\/smallthings.fr\/lespetitslivres\/2014\/10\/27\/galatea-evanescence-monia-sommer\/#breadcrumb"},"inLanguage":"fr-FR","potentialAction":[{"@type":"ReadAction","target":["http:\/\/smallthings.fr\/lespetitslivres\/2014\/10\/27\/galatea-evanescence-monia-sommer\/"]}]},{"@type":"BreadcrumbList","@id":"http:\/\/smallthings.fr\/lespetitslivres\/2014\/10\/27\/galatea-evanescence-monia-sommer\/#breadcrumb","itemListElement":[{"@type":"ListItem","position":1,"name":"Accueil","item":"https:\/\/smallthings.fr\/lespetitslivres\/"},{"@type":"ListItem","position":2,"name":"Galat\u00e9a : tome 1 Evanescence &#8211; 1er roman de Monia Sommer"}]},{"@type":"WebSite","@id":"https:\/\/smallthings.fr\/lespetitslivres\/#website","url":"https:\/\/smallthings.fr\/lespetitslivres\/","name":"Les Petits Livres","description":"by Small Things","potentialAction":[{"@type":"SearchAction","target":{"@type":"EntryPoint","urlTemplate":"https:\/\/smallthings.fr\/lespetitslivres\/?s={search_term_string}"},"query-input":"required name=search_term_string"}],"inLanguage":"fr-FR"},{"@type":"Person","@id":"https:\/\/smallthings.fr\/lespetitslivres\/#\/schema\/person\/bb8808220f912e72f01f7a55924d9ad1","name":"Jennifer","image":{"@type":"ImageObject","inLanguage":"fr-FR","@id":"https:\/\/smallthings.fr\/lespetitslivres\/#\/schema\/person\/image\/","url":"https:\/\/secure.gravatar.com\/avatar\/ffcd6b107b6b18c3d5201f1bcc631683?s=96&d=retro&r=g","contentUrl":"https:\/\/secure.gravatar.com\/avatar\/ffcd6b107b6b18c3d5201f1bcc631683?s=96&d=retro&r=g","caption":"Jennifer"},"url":"https:\/\/smallthings.fr\/lespetitslivres\/author\/jennifer\/"}]}},"jetpack_featured_media_url":"","jetpack_sharing_enabled":true,"jetpack_shortlink":"https:\/\/wp.me\/p6Un21-4Fa","jetpack-related-posts":[{"id":25461,"url":"https:\/\/smallthings.fr\/lespetitslivres\/2015\/07\/15\/leo-loups-riverdance-bit-lit-critique\/","url_meta":{"origin":17928,"position":0},"title":"L\u00e9o : T2 des Loups de Riverdance &#8211; la suite de la saga bit-lit","author":"Jennifer","date":"15 juillet 2015","format":false,"excerpt":"L\u00e9o, le tome 2 des Loups de Riverdance, saga de H.V. Gavriel, est sorti vendredi dernier aux \u00e9ditions Milady. Dans ce roman, nous allons retrouver le fils de Marcus, L\u00e9o, qui a presque atteint la trentaine. Devenu un brillant avocat, le jeune homme est \u00e9cartel\u00e9 entre ses devoirs envers la\u2026","rel":"","context":"Dans &quot;Fantastique&quot;","block_context":{"text":"Fantastique","link":"https:\/\/smallthings.fr\/lespetitslivres\/category\/imaginaire\/fantastique\/"},"img":{"alt_text":"","src":"","width":0,"height":0},"classes":[]},{"id":31118,"url":"https:\/\/smallthings.fr\/lespetitslivres\/2017\/07\/05\/genesis-defi-etoiles-claudia-gray\/","url_meta":{"origin":17928,"position":1},"title":"G\u00e9n\u00e9sis, le d\u00e9fi des \u00e9toiles : explorons l\u2019univers !","author":"Jennifer","date":"5 juillet 2017","format":false,"excerpt":"Le d\u00e9fi des \u00e9toiles est le premier tome de la saga G\u00e9n\u00e9sis de Claudia Gray. Ce roman young adult ax\u00e9 science-fiction est sorti en mai chez le label Castelmore. Il raconte le combat de No\u00e9mi Vidal pour sauver G\u00e9n\u00e9sis, sa plan\u00e8te, en s\u2019alliant \u00e0 son pire ennemi\u00a0: le prototype m\u00e9ca\u2026","rel":"","context":"Dans &quot;Science-fiction&quot;","block_context":{"text":"Science-fiction","link":"https:\/\/smallthings.fr\/lespetitslivres\/category\/imaginaire\/science-fiction\/"},"img":{"alt_text":"","src":"https:\/\/i0.wp.com\/smallthings.fr\/lespetitslivres\/wp-content\/uploads\/2017\/07\/Genesis-le-d\u00e9fi-des-\u00e9toiles-4.jpg?resize=350%2C200&ssl=1","width":350,"height":200,"srcset":"https:\/\/i0.wp.com\/smallthings.fr\/lespetitslivres\/wp-content\/uploads\/2017\/07\/Genesis-le-d\u00e9fi-des-\u00e9toiles-4.jpg?resize=350%2C200&ssl=1 1x, https:\/\/i0.wp.com\/smallthings.fr\/lespetitslivres\/wp-content\/uploads\/2017\/07\/Genesis-le-d\u00e9fi-des-\u00e9toiles-4.jpg?resize=525%2C300&ssl=1 1.5x, https:\/\/i0.wp.com\/smallthings.fr\/lespetitslivres\/wp-content\/uploads\/2017\/07\/Genesis-le-d\u00e9fi-des-\u00e9toiles-4.jpg?resize=700%2C400&ssl=1 2x, https:\/\/i0.wp.com\/smallthings.fr\/lespetitslivres\/wp-content\/uploads\/2017\/07\/Genesis-le-d\u00e9fi-des-\u00e9toiles-4.jpg?resize=1050%2C600&ssl=1 3x"},"classes":[]},{"id":30502,"url":"https:\/\/smallthings.fr\/lespetitslivres\/2016\/11\/22\/marjane-le-serment-pavlenko-avis\/","url_meta":{"origin":17928,"position":2},"title":"Marjane, ou le destin d\u2019une h\u00e9ro\u00efne qui a la poisse !","author":"Jennifer","date":"22 novembre 2016","format":false,"excerpt":"Le Serment est le second tome de la saga Marjane\u00a0de Marie Pavlenko. Sorti fin octobre chez les \u00e9ditions Pocket Jeunesse, ce roman Fantastique arrive une fois de plus \u00e0 nous bouleverser avec son h\u00e9ro\u00efne qui continue de s\u2019enliser dans les secrets de son peuple. Cette fois-ci, Marjane va tenter de\u2026","rel":"","context":"Dans &quot;Fantastique&quot;","block_context":{"text":"Fantastique","link":"https:\/\/smallthings.fr\/lespetitslivres\/category\/imaginaire\/fantastique\/"},"img":{"alt_text":"","src":"https:\/\/i0.wp.com\/smallthings.fr\/lespetitslivres\/wp-content\/uploads\/2016\/11\/Marjane-tome-2-Le-Serment-Marue-Pavlenko-2.jpg?resize=350%2C200&ssl=1","width":350,"height":200,"srcset":"https:\/\/i0.wp.com\/smallthings.fr\/lespetitslivres\/wp-content\/uploads\/2016\/11\/Marjane-tome-2-Le-Serment-Marue-Pavlenko-2.jpg?resize=350%2C200&ssl=1 1x, https:\/\/i0.wp.com\/smallthings.fr\/lespetitslivres\/wp-content\/uploads\/2016\/11\/Marjane-tome-2-Le-Serment-Marue-Pavlenko-2.jpg?resize=525%2C300&ssl=1 1.5x"},"classes":[]},{"id":29887,"url":"https:\/\/smallthings.fr\/lespetitslivres\/2016\/04\/27\/kayla-marchal-coup-de-coeur-saga-destelle-vagner\/","url_meta":{"origin":17928,"position":3},"title":"Kayla Marchal : coup de c\u0153ur pour la saga d\u2019Estelle Vagner","author":"Jennifer","date":"27 avril 2016","format":false,"excerpt":"L\u2019Exil est le premier tome de la trilogie Kayla Marchal d\u2019Estelle Vagner, paru le 2 avril dernier aux \u00e9ditions du Chat Noir. Le livre raconte l\u2019histoire d\u2019une morphe incapable de se transformer et \u00a0qui finit chass\u00e9e de son clan. Kayla Marchal est une saga d\u2019urban-fantasy comme on les aime. De\u2026","rel":"","context":"Dans &quot;Fantastique&quot;","block_context":{"text":"Fantastique","link":"https:\/\/smallthings.fr\/lespetitslivres\/category\/imaginaire\/fantastique\/"},"img":{"alt_text":"","src":"https:\/\/i0.wp.com\/smallthings.fr\/lespetitslivres\/wp-content\/uploads\/2016\/04\/kayla-marchal-couv.jpg?resize=350%2C200&ssl=1","width":350,"height":200,"srcset":"https:\/\/i0.wp.com\/smallthings.fr\/lespetitslivres\/wp-content\/uploads\/2016\/04\/kayla-marchal-couv.jpg?resize=350%2C200&ssl=1 1x, https:\/\/i0.wp.com\/smallthings.fr\/lespetitslivres\/wp-content\/uploads\/2016\/04\/kayla-marchal-couv.jpg?resize=525%2C300&ssl=1 1.5x"},"classes":[]},{"id":20279,"url":"https:\/\/smallthings.fr\/lespetitslivres\/2015\/01\/23\/fille-hecate-cecile-guillot-saga\/","url_meta":{"origin":17928,"position":4},"title":"Fille d&rsquo;H\u00e9cate, la saga de C\u00e9cile Guillot aux \u00e9ditions du Chat Noir","author":"Jennifer","date":"23 janvier 2015","format":false,"excerpt":"Fille d\u2019H\u00e9cate est une s\u00e9rie \u00e9crite par C\u00e9cile Guillot et \u00e9dit\u00e9e aux \u00e9ditions du Chat Noir. Le tome 1, La Voie de la Sorci\u00e8re (juillet 2012) nous emporte dans l\u2019univers de la Wicca gr\u00e2ce \u00e0 l\u2019h\u00e9ro\u00efne Ma\u00eblys, qui apprend qu\u2019elle est une sorci\u00e8re. Dans le tome 2, Le Parfum du\u2026","rel":"","context":"Dans &quot;Fantastique&quot;","block_context":{"text":"Fantastique","link":"https:\/\/smallthings.fr\/lespetitslivres\/category\/imaginaire\/fantastique\/"},"img":{"alt_text":"","src":"https:\/\/i0.wp.com\/smallthings.fr\/wp-content\/uploads\/2015\/01\/fille-hecate-voie-sorciere-210x300.jpg?resize=350%2C200","width":350,"height":200},"classes":[]},{"id":31421,"url":"https:\/\/smallthings.fr\/lespetitslivres\/2017\/12\/08\/sarah-bande-dessinee-critique\/","url_meta":{"origin":17928,"position":5},"title":"(Princesse) Sarah, une histoire de l&rsquo;\u00eele d&rsquo;Errance","author":"Aya-chan","date":"8 d\u00e9cembre 2017","format":false,"excerpt":"La bande-dessin\u00e9e Sarah vient de para\u00eetre chez Gl\u00e9nat. Il s\u2019agit du troisi\u00e8me opus de l\u2019univers d\u2019Errance. On y d\u00e9couvre la vie de la jeune Sarah, princesse du royaume des hommes, coinc\u00e9e dans sa position royale. Mais elle ne se comporte pas comme toutes les nobles et agit activement pour son\u2026","rel":"","context":"Dans &quot;BD&quot;","block_context":{"text":"BD","link":"https:\/\/smallthings.fr\/lespetitslivres\/category\/bd-manga\/bd\/"},"img":{"alt_text":"","src":"https:\/\/i0.wp.com\/smallthings.fr\/lespetitslivres\/wp-content\/uploads\/2017\/12\/sarah-bd-cover.png?resize=350%2C200&ssl=1","width":350,"height":200,"srcset":"https:\/\/i0.wp.com\/smallthings.fr\/lespetitslivres\/wp-content\/uploads\/2017\/12\/sarah-bd-cover.png?resize=350%2C200&ssl=1 1x, https:\/\/i0.wp.com\/smallthings.fr\/lespetitslivres\/wp-content\/uploads\/2017\/12\/sarah-bd-cover.png?resize=525%2C300&ssl=1 1.5x"},"classes":[]}],"_links":{"self":[{"href":"https:\/\/smallthings.fr\/lespetitslivres\/wp-json\/wp\/v2\/posts\/17928"}],"collection":[{"href":"https:\/\/smallthings.fr\/lespetitslivres\/wp-json\/wp\/v2\/posts"}],"about":[{"href":"https:\/\/smallthings.fr\/lespetitslivres\/wp-json\/wp\/v2\/types\/post"}],"author":[{"embeddable":true,"href":"https:\/\/smallthings.fr\/lespetitslivres\/wp-json\/wp\/v2\/users\/14"}],"replies":[{"embeddable":true,"href":"https:\/\/smallthings.fr\/lespetitslivres\/wp-json\/wp\/v2\/comments?post=17928"}],"version-history":[{"count":1,"href":"https:\/\/smallthings.fr\/lespetitslivres\/wp-json\/wp\/v2\/posts\/17928\/revisions"}],"predecessor-version":[{"id":28841,"href":"https:\/\/smallthings.fr\/lespetitslivres\/wp-json\/wp\/v2\/posts\/17928\/revisions\/28841"}],"wp:featuredmedia":[{"embeddable":true,"href":"https:\/\/smallthings.fr\/lespetitslivres\/wp-json\/"}],"wp:attachment":[{"href":"https:\/\/smallthings.fr\/lespetitslivres\/wp-json\/wp\/v2\/media?parent=17928"}],"wp:term":[{"taxonomy":"category","embeddable":true,"href":"https:\/\/smallthings.fr\/lespetitslivres\/wp-json\/wp\/v2\/categories?post=17928"},{"taxonomy":"post_tag","embeddable":true,"href":"https:\/\/smallthings.fr\/lespetitslivres\/wp-json\/wp\/v2\/tags?post=17928"}],"curies":[{"name":"wp","href":"https:\/\/api.w.org\/{rel}","templated":true}]}}