{"id":17750,"date":"2014-10-23T15:41:07","date_gmt":"2014-10-23T14:41:07","guid":{"rendered":"http:\/\/smallthings.fr\/?p=17750"},"modified":"2015-10-22T17:12:53","modified_gmt":"2015-10-22T16:12:53","slug":"crique-de-caliban-resident-evil-livre","status":"publish","type":"post","link":"https:\/\/smallthings.fr\/lespetitslivres\/2014\/10\/23\/crique-de-caliban-resident-evil-livre\/","title":{"rendered":"La Crique de Caliban : la suite de Resident Evil"},"content":{"rendered":"<h2><em>La Crique de Caliban<\/em>, deuxi\u00e8me tome de la saga <em>Resident Evil <\/em>de S.D. Perry, est sorti le 19 septembre <a href=\"http:\/\/www.milady.fr\/livres\/view\/la-crique-de-caliban\" target=\"_blank\">aux \u00e9ditions Milady<\/a>. On avait laiss\u00e9 les lecteurs avec une \u00e9quipe des S.T.A.R.S choqu\u00e9e et un manoir incendi\u00e9. Quelques jours plus tard, l\u2019\u00e9quipe est relev\u00e9e de l\u2019enqu\u00eate et on les accuse d\u2019avoir consomm\u00e9 de la drogue tant les faits qu\u2019ils racontent sont aberrants.<\/h2>\n<p><strong><a href=\"http:\/\/smallthings.fr\/2014\/10\/21\/crique-de-caliban-resident-evil-livre\/crique-caliban-resident-evil\/\" rel=\"attachment wp-att-17753\"><img loading=\"lazy\" decoding=\"async\" class=\"alignright  wp-image-17753\" src=\"http:\/\/smallthings.fr\/wp-content\/uploads\/2014\/10\/crique-caliban-resident-evil.jpg\" alt=\"crique-caliban-resident-evil\" width=\"292\" height=\"464\" \/><\/a><\/strong>Dans <em>La Crique de Caliban<\/em>, on retrouve le peu d\u2019agents qui reste des S.T.A.R.S en proie \u00e0 une pure incompr\u00e9hension. Ils ont voulu r\u00e9v\u00e9ler les agissements d\u2019Umbrella et pr\u00e9venir les habitants qu\u2019un virus avait \u00e9t\u00e9 cr\u00e9\u00e9 et avait transform\u00e9 des \u00eatres humains en cannibales en \u00e9tat de putr\u00e9faction, mais personne ne les croit et l\u2019affaire est \u00e9touff\u00e9e gr\u00e2ce au pouvoir qu\u2019exerce Umbrella sur les politiques et surtout au sein m\u00eame des S.T.A.R.S.<\/p>\n<p><strong>Apr\u00e8s avoir compris que leur unit\u00e9 avait \u00e9t\u00e9 soit manipul\u00e9e, soit corrompue par la soci\u00e9t\u00e9, l\u2019ancienne \u00e9quipe ne sait plus quoi faire<\/strong>. Un jour, alors qu\u2019ils se r\u00e9unissent et que Barry leur pr\u00e9sente un ancien coll\u00e8gue, David, qui croit \u00e0 leur version, ils sont attaqu\u00e9s pour une \u00e9quipe faisant partie des S.T.A.R.S. David leur r\u00e9v\u00e8le qu\u2019il a appris qu\u2019un autre labo pourrait avoir \u00e9t\u00e9 cr\u00e9\u00e9 et qu\u2019il a mont\u00e9 une \u00e9quipe pour aller r\u00e9colter des preuves. Il leur annonce qu\u2019il ne prendra qu\u2019une personne de l\u2019ancienne \u00e9quipe avec lui\u00a0: Rebecca, la biochimiste de 18 ans, ancienne membre de l\u2019\u00e9quipe Beta.<\/p>\n<p>C\u2019est donc avec une toute nouvelle \u00e9quipe et avec la superbe Rebecca que le lecteur s\u2019embarque dans <em>La Crique de Caliban<\/em>. M\u00eame si le groupe a pr\u00e9vu une sortie de secours en cas de probl\u00e8me<strong>, <\/strong>on se doute rapidement que cela ne va pas tourner comme il l\u2019aurait voulu et on sp\u00e9cule sur les prochains membres tu\u00e9s ou infect\u00e9s.<br \/>\n<em>La Crique de Caliban <\/em>est vraiment meilleur que le pr\u00e9c\u00e9dent tome de <em>Resident Evil<\/em>. On s\u2019attend \u00e0 revoir des zombies mais ce n\u2019est pas tout \u00e0 fait le cas.<strong> Les professeurs \u00e0 l\u2019origine du virus ont cr\u00e9\u00e9 diff\u00e9rentes sortes de mort-vivants avec des \u2018\u2019utilisations\u2019\u2019 compl\u00e8tement diff\u00e9rentes.<\/strong> On va d\u2019ailleurs en apprendre un peu plus sur l\u2019un d\u2019entre eux, qui a vir\u00e9 fou au point de vouloir contaminer le monde entier.<\/p>\n<div id=\"attachment_17752\" style=\"width: 288px\" class=\"wp-caption alignleft\"><a href=\"http:\/\/smallthings.fr\/2014\/10\/21\/crique-de-caliban-resident-evil-livre\/crique-caliban-s-d-perry\/\" rel=\"attachment wp-att-17752\"><img loading=\"lazy\" decoding=\"async\" aria-describedby=\"caption-attachment-17752\" class=\"size-full wp-image-17752\" src=\"http:\/\/smallthings.fr\/wp-content\/uploads\/2014\/10\/crique-caliban-s-d-perry.jpg\" alt=\"S. D. Perry\" width=\"278\" height=\"320\" \/><\/a><p id=\"caption-attachment-17752\" class=\"wp-caption-text\">S. D. Perry<\/p><\/div>\n<p><em>La Crique de Caliban<\/em> est un peu plus centr\u00e9e sur une personne en particulier\u00a0: Rebecca. C\u2019est parce qu\u2019elle a un r\u00f4le majeur dans ce tome, \u00e9tant la seule \u00e0 pouvoir comprendre le virus et ses premiers sympt\u00f4mes. Les autres membres de l\u2019\u00e9quipe sont tout de m\u00eame bien repr\u00e9sent\u00e9s et on s\u2019attache rapidement \u00e0 chacun d\u2019entre eux.<\/p>\n<p><strong><em>La Crique de Caliban <\/em>est un deuxi\u00e8me tome captivant avec une intrigue un peu mieux construite.<\/strong> On attend le troisi\u00e8me volet,<em> La Cit\u00e9 des Morts<\/em>, qui devrait sortir courant d\u00e9cembre 2014 avec impatience, car la fin n\u2019en est pas vraiment une\u2026<\/p>\n<blockquote><p>\u00ab\u00a0Chris se leva et commen\u00e7a \u00e0 marcher de long en large, son visage juv\u00e9nile crisp\u00e9 par la col\u00e8re.<\/p>\n<p>&#8211; Alors, si je comprends bien, nous n\u2019avons plus de cr\u00e9dibilit\u00e9 ici, plus de renforts \u00e0 esp\u00e9rer, et nos propres coll\u00e8gues nous ont trait\u00e9s de menteurs. L\u2019enqu\u00eate Umbrella est morte et <em>on s\u2019est fait avoir<\/em>, c\u2019est \u00e7a\u00a0? [\u2026]<\/p>\n<p>David se leva en regardant Chris, mais ses paroles s\u2019adressaient \u00e0 tout le groupe. Il n\u2019avait pas m\u00eame eu le temps de pr\u00e9venir Barry.<\/p>\n<p>&#8211; En fait, il y a autre chose. Il semble qu\u2019Umbrella ait install\u00e9 un nouveau laboratoire sur la c\u00f4te du Maine et poursuive ses exp\u00e9riences sur le virus \u2013 et, comme ici, ils ont perdu le contr\u00f4le.<\/p>\n<p>David se tourna vers Rebecca, remarqua son regard horrifi\u00e9 tandis qu\u2019il achevait de parler.<\/p>\n<p>&#8211; J\u2019emm\u00e8ne une \u00e9quipe l\u00e0-bas, sans l\u2019autorisation des S.T.A.R.S. \u2013 et je veux que vous veniez avec nous.\u00a0\u00bb<\/p><\/blockquote>\n","protected":false},"excerpt":{"rendered":"<p>La Crique de Caliban, deuxi\u00e8me tome de la saga Resident Evil de S.D. Perry, est sorti le 19 septembre aux \u00e9ditions Milady. On avait laiss\u00e9 les lecteurs avec une \u00e9quipe des S.T.A.R.S choqu\u00e9e et un manoir incendi\u00e9. Quelques jours plus tard, l\u2019\u00e9quipe est relev\u00e9e de l\u2019enqu\u00eate et on les accuse d\u2019avoir consomm\u00e9 de la drogue<\/p>\n","protected":false},"author":14,"featured_media":17751,"comment_status":"open","ping_status":"open","sticky":false,"template":"","format":"standard","meta":{"jetpack_post_was_ever_published":false,"_jetpack_newsletter_access":"","_jetpack_newsletter_tier_id":0,"footnotes":"","jetpack_publicize_message":"","jetpack_is_tweetstorm":false,"jetpack_publicize_feature_enabled":true,"jetpack_social_post_already_shared":false,"jetpack_social_options":{"image_generator_settings":{"template":"highway","enabled":false}}},"categories":[1107],"tags":[839,840,841],"jetpack_publicize_connections":[],"yoast_head":"<!-- This site is optimized with the Yoast SEO plugin v21.5 - https:\/\/yoast.com\/wordpress\/plugins\/seo\/ -->\n<title>La Crique de Caliban : la suite de Resident Evil<\/title>\n<meta name=\"description\" content=\"La Crique de Caliban, deuxi\u00e8me tome de la saga Resident Evil de S.D. Perry, est sorti le 19 septembre aux \u00e9ditions Milady. On avait laiss\u00e9 les lecteurs\" \/>\n<meta name=\"robots\" content=\"index, follow, max-snippet:-1, max-image-preview:large, max-video-preview:-1\" \/>\n<link rel=\"canonical\" href=\"http:\/\/smallthings.fr\/lespetitslivres\/2014\/10\/23\/crique-de-caliban-resident-evil-livre\/\" \/>\n<meta property=\"og:locale\" content=\"fr_FR\" \/>\n<meta property=\"og:type\" content=\"article\" \/>\n<meta property=\"og:title\" content=\"La Crique de Caliban : la suite de Resident Evil\" \/>\n<meta property=\"og:description\" content=\"La Crique de Caliban, deuxi\u00e8me tome de la saga Resident Evil de S.D. Perry, est sorti le 19 septembre aux \u00e9ditions Milady. On avait laiss\u00e9 les lecteurs\" \/>\n<meta property=\"og:url\" content=\"http:\/\/smallthings.fr\/lespetitslivres\/2014\/10\/23\/crique-de-caliban-resident-evil-livre\/\" \/>\n<meta property=\"og:site_name\" content=\"Les Petits Livres\" \/>\n<meta property=\"article:published_time\" content=\"2014-10-23T14:41:07+00:00\" \/>\n<meta property=\"article:modified_time\" content=\"2015-10-22T16:12:53+00:00\" \/>\n<meta name=\"author\" content=\"Jennifer\" \/>\n<meta name=\"twitter:card\" content=\"summary_large_image\" \/>\n<meta name=\"twitter:label1\" content=\"\u00c9crit par\" \/>\n\t<meta name=\"twitter:data1\" content=\"Jennifer\" \/>\n\t<meta name=\"twitter:label2\" content=\"Dur\u00e9e de lecture estim\u00e9e\" \/>\n\t<meta name=\"twitter:data2\" content=\"4 minutes\" \/>\n<script type=\"application\/ld+json\" class=\"yoast-schema-graph\">{\"@context\":\"https:\/\/schema.org\",\"@graph\":[{\"@type\":\"WebPage\",\"@id\":\"http:\/\/smallthings.fr\/lespetitslivres\/2014\/10\/23\/crique-de-caliban-resident-evil-livre\/\",\"url\":\"http:\/\/smallthings.fr\/lespetitslivres\/2014\/10\/23\/crique-de-caliban-resident-evil-livre\/\",\"name\":\"La Crique de Caliban : la suite de Resident Evil\",\"isPartOf\":{\"@id\":\"https:\/\/smallthings.fr\/lespetitslivres\/#website\"},\"datePublished\":\"2014-10-23T14:41:07+00:00\",\"dateModified\":\"2015-10-22T16:12:53+00:00\",\"author\":{\"@id\":\"https:\/\/smallthings.fr\/lespetitslivres\/#\/schema\/person\/bb8808220f912e72f01f7a55924d9ad1\"},\"description\":\"La Crique de Caliban, deuxi\u00e8me tome de la saga Resident Evil de S.D. Perry, est sorti le 19 septembre aux \u00e9ditions Milady. On avait laiss\u00e9 les lecteurs\",\"breadcrumb\":{\"@id\":\"http:\/\/smallthings.fr\/lespetitslivres\/2014\/10\/23\/crique-de-caliban-resident-evil-livre\/#breadcrumb\"},\"inLanguage\":\"fr-FR\",\"potentialAction\":[{\"@type\":\"ReadAction\",\"target\":[\"http:\/\/smallthings.fr\/lespetitslivres\/2014\/10\/23\/crique-de-caliban-resident-evil-livre\/\"]}]},{\"@type\":\"BreadcrumbList\",\"@id\":\"http:\/\/smallthings.fr\/lespetitslivres\/2014\/10\/23\/crique-de-caliban-resident-evil-livre\/#breadcrumb\",\"itemListElement\":[{\"@type\":\"ListItem\",\"position\":1,\"name\":\"Accueil\",\"item\":\"https:\/\/smallthings.fr\/lespetitslivres\/\"},{\"@type\":\"ListItem\",\"position\":2,\"name\":\"La Crique de Caliban : la suite de Resident Evil\"}]},{\"@type\":\"WebSite\",\"@id\":\"https:\/\/smallthings.fr\/lespetitslivres\/#website\",\"url\":\"https:\/\/smallthings.fr\/lespetitslivres\/\",\"name\":\"Les Petits Livres\",\"description\":\"by Small Things\",\"potentialAction\":[{\"@type\":\"SearchAction\",\"target\":{\"@type\":\"EntryPoint\",\"urlTemplate\":\"https:\/\/smallthings.fr\/lespetitslivres\/?s={search_term_string}\"},\"query-input\":\"required name=search_term_string\"}],\"inLanguage\":\"fr-FR\"},{\"@type\":\"Person\",\"@id\":\"https:\/\/smallthings.fr\/lespetitslivres\/#\/schema\/person\/bb8808220f912e72f01f7a55924d9ad1\",\"name\":\"Jennifer\",\"image\":{\"@type\":\"ImageObject\",\"inLanguage\":\"fr-FR\",\"@id\":\"https:\/\/smallthings.fr\/lespetitslivres\/#\/schema\/person\/image\/\",\"url\":\"https:\/\/secure.gravatar.com\/avatar\/ffcd6b107b6b18c3d5201f1bcc631683?s=96&d=retro&r=g\",\"contentUrl\":\"https:\/\/secure.gravatar.com\/avatar\/ffcd6b107b6b18c3d5201f1bcc631683?s=96&d=retro&r=g\",\"caption\":\"Jennifer\"},\"url\":\"https:\/\/smallthings.fr\/lespetitslivres\/author\/jennifer\/\"}]}<\/script>\n<!-- \/ Yoast SEO plugin. -->","yoast_head_json":{"title":"La Crique de Caliban : la suite de Resident Evil","description":"La Crique de Caliban, deuxi\u00e8me tome de la saga Resident Evil de S.D. Perry, est sorti le 19 septembre aux \u00e9ditions Milady. On avait laiss\u00e9 les lecteurs","robots":{"index":"index","follow":"follow","max-snippet":"max-snippet:-1","max-image-preview":"max-image-preview:large","max-video-preview":"max-video-preview:-1"},"canonical":"http:\/\/smallthings.fr\/lespetitslivres\/2014\/10\/23\/crique-de-caliban-resident-evil-livre\/","og_locale":"fr_FR","og_type":"article","og_title":"La Crique de Caliban : la suite de Resident Evil","og_description":"La Crique de Caliban, deuxi\u00e8me tome de la saga Resident Evil de S.D. Perry, est sorti le 19 septembre aux \u00e9ditions Milady. On avait laiss\u00e9 les lecteurs","og_url":"http:\/\/smallthings.fr\/lespetitslivres\/2014\/10\/23\/crique-de-caliban-resident-evil-livre\/","og_site_name":"Les Petits Livres","article_published_time":"2014-10-23T14:41:07+00:00","article_modified_time":"2015-10-22T16:12:53+00:00","author":"Jennifer","twitter_card":"summary_large_image","twitter_misc":{"\u00c9crit par":"Jennifer","Dur\u00e9e de lecture estim\u00e9e":"4 minutes"},"schema":{"@context":"https:\/\/schema.org","@graph":[{"@type":"WebPage","@id":"http:\/\/smallthings.fr\/lespetitslivres\/2014\/10\/23\/crique-de-caliban-resident-evil-livre\/","url":"http:\/\/smallthings.fr\/lespetitslivres\/2014\/10\/23\/crique-de-caliban-resident-evil-livre\/","name":"La Crique de Caliban : la suite de Resident Evil","isPartOf":{"@id":"https:\/\/smallthings.fr\/lespetitslivres\/#website"},"datePublished":"2014-10-23T14:41:07+00:00","dateModified":"2015-10-22T16:12:53+00:00","author":{"@id":"https:\/\/smallthings.fr\/lespetitslivres\/#\/schema\/person\/bb8808220f912e72f01f7a55924d9ad1"},"description":"La Crique de Caliban, deuxi\u00e8me tome de la saga Resident Evil de S.D. Perry, est sorti le 19 septembre aux \u00e9ditions Milady. On avait laiss\u00e9 les lecteurs","breadcrumb":{"@id":"http:\/\/smallthings.fr\/lespetitslivres\/2014\/10\/23\/crique-de-caliban-resident-evil-livre\/#breadcrumb"},"inLanguage":"fr-FR","potentialAction":[{"@type":"ReadAction","target":["http:\/\/smallthings.fr\/lespetitslivres\/2014\/10\/23\/crique-de-caliban-resident-evil-livre\/"]}]},{"@type":"BreadcrumbList","@id":"http:\/\/smallthings.fr\/lespetitslivres\/2014\/10\/23\/crique-de-caliban-resident-evil-livre\/#breadcrumb","itemListElement":[{"@type":"ListItem","position":1,"name":"Accueil","item":"https:\/\/smallthings.fr\/lespetitslivres\/"},{"@type":"ListItem","position":2,"name":"La Crique de Caliban : la suite de Resident Evil"}]},{"@type":"WebSite","@id":"https:\/\/smallthings.fr\/lespetitslivres\/#website","url":"https:\/\/smallthings.fr\/lespetitslivres\/","name":"Les Petits Livres","description":"by Small Things","potentialAction":[{"@type":"SearchAction","target":{"@type":"EntryPoint","urlTemplate":"https:\/\/smallthings.fr\/lespetitslivres\/?s={search_term_string}"},"query-input":"required name=search_term_string"}],"inLanguage":"fr-FR"},{"@type":"Person","@id":"https:\/\/smallthings.fr\/lespetitslivres\/#\/schema\/person\/bb8808220f912e72f01f7a55924d9ad1","name":"Jennifer","image":{"@type":"ImageObject","inLanguage":"fr-FR","@id":"https:\/\/smallthings.fr\/lespetitslivres\/#\/schema\/person\/image\/","url":"https:\/\/secure.gravatar.com\/avatar\/ffcd6b107b6b18c3d5201f1bcc631683?s=96&d=retro&r=g","contentUrl":"https:\/\/secure.gravatar.com\/avatar\/ffcd6b107b6b18c3d5201f1bcc631683?s=96&d=retro&r=g","caption":"Jennifer"},"url":"https:\/\/smallthings.fr\/lespetitslivres\/author\/jennifer\/"}]}},"jetpack_featured_media_url":"","jetpack_sharing_enabled":true,"jetpack_shortlink":"https:\/\/wp.me\/p6Un21-4Ci","jetpack-related-posts":[{"id":16204,"url":"https:\/\/smallthings.fr\/lespetitslivres\/2014\/09\/02\/resident-evil-jeu-conspiration-livre\/","url_meta":{"origin":17750,"position":0},"title":"Les fans du jeu l\u2019attendaient : Resident Evil, T1 : La Conspiration d\u2019Umbrella","author":"Jennifer","date":"2 septembre 2014","format":false,"excerpt":"C\u2019est le 22 ao\u00fbt dernier chez Milady que la saga Resident Evil de S.D. Perry a \u00e9t\u00e9 relanc\u00e9e. Inspir\u00e9e des c\u00e9l\u00e8bres jeux, le premier tome, La Conspiration d\u2019Umbrella, \u00e9tait attendu depuis longtemps par les gamers. Dans ce premier volet, on va d\u00e9couvrir l\u2019\u00e9quipe des S.T.A.R.S, une unit\u00e9 d\u2019\u00e9lite cens\u00e9e pouvoir\u2026","rel":"","context":"Dans &quot;Fantastique&quot;","block_context":{"text":"Fantastique","link":"https:\/\/smallthings.fr\/lespetitslivres\/category\/imaginaire\/fantastique\/"},"img":{"alt_text":"","src":"https:\/\/i0.wp.com\/smallthings.fr\/wp-content\/uploads\/2014\/09\/resident-evil-conspiration.jpg?resize=350%2C200","width":350,"height":200},"classes":[]},{"id":19890,"url":"https:\/\/smallthings.fr\/lespetitslivres\/2015\/01\/13\/resident-evil-cite-des-morts-livre\/","url_meta":{"origin":17750,"position":1},"title":"Resident Evil : le cauchemar continue dans La cit\u00e9 des morts","author":"Jennifer","date":"13 janvier 2015","format":false,"excerpt":"Avec La cit\u00e9 des morts, 3\u00e8me tome de la saga Resident Evil de S.D. Perry continue dans sa lanc\u00e9e (en librairies depuis le 5 d\u00e9cembre dernier chez Milady). Malgr\u00e9 leurs investigations, les S.T.A.R.S. n\u2019ont pas r\u00e9ussi \u00e0 d\u00e9voiler au grand jour les agissements d\u2019Umbrella. Il est trop tard pour les\u2026","rel":"","context":"Dans &quot;Fantastique&quot;","block_context":{"text":"Fantastique","link":"https:\/\/smallthings.fr\/lespetitslivres\/category\/imaginaire\/fantastique\/"},"img":{"alt_text":"","src":"https:\/\/i0.wp.com\/smallthings.fr\/wp-content\/uploads\/2015\/01\/resident-evil-cit\u00c3\u00a9-morts.jpg?resize=350%2C200","width":350,"height":200},"classes":[]},{"id":25469,"url":"https:\/\/smallthings.fr\/lespetitslivres\/2015\/07\/17\/resident-evil-code-veronica-livre-critique\/","url_meta":{"origin":17750,"position":2},"title":"Resident Evil : Code Veronica","author":"Jennifer","date":"17 juillet 2015","format":false,"excerpt":"Resident Evil\u00a0: Code Veronica de S.D. Perry est sorti le 10 juillet dernier chez Milady. Claire et Chris Redfield tenteront de se retrouver non sans difficult\u00e9s\u00a0: Umbrella a cr\u00e9\u00e9 de nouvelles armes biologiques terrifiantes et redoutables\u00a0! Dans Code Veronica, nous retrouvons l\u2019ancien membre des S.T.A.R.S Chris Redfield ainsi que sa\u2026","rel":"","context":"Dans &quot;Fantastique&quot;","block_context":{"text":"Fantastique","link":"https:\/\/smallthings.fr\/lespetitslivres\/category\/imaginaire\/fantastique\/"},"img":{"alt_text":"","src":"https:\/\/i0.wp.com\/smallthings.fr\/wp-content\/uploads\/2015\/07\/resident-evil-code-veronica.jpg?resize=350%2C200","width":350,"height":200},"classes":[]},{"id":30226,"url":"https:\/\/smallthings.fr\/lespetitslivres\/2016\/08\/31\/seduire-isabelle-a-bassignac-critique\/","url_meta":{"origin":17750,"position":3},"title":"S\u00e9duire Isabelle A. : \u00ab\u00a0on choisit pas sa famille\u00a0\u00bb","author":"Claire","date":"31 ao\u00fbt 2016","format":false,"excerpt":"S\u00e9duire Isabelle A. est le roman que nous propose Sophie Bassignac pour la rentr\u00e9e litt\u00e9raire. Il para\u00eet aujourd'hui aux \u00e9ditions JC Latt\u00e8s. Quelques ann\u00e9es apr\u00e8s le tr\u00e8s remarqu\u00e9 Mer agit\u00e9e \u00e0 tr\u00e8s agit\u00e9e, l'auteur nous entra\u00eene au c\u0153ur d'une famille compl\u00e8tement d\u00e9jant\u00e9e \u00e0 travers les yeux du futur gendre, \u00e0\u2026","rel":"","context":"Dans &quot;Rentr\u00e9e litt\u00e9raire&quot;","block_context":{"text":"Rentr\u00e9e litt\u00e9raire","link":"https:\/\/smallthings.fr\/lespetitslivres\/category\/rentree-litteraire\/"},"img":{"alt_text":"","src":"https:\/\/i0.wp.com\/smallthings.fr\/lespetitslivres\/wp-content\/uploads\/2016\/08\/sophie-bassignac.jpg?resize=350%2C200&ssl=1","width":350,"height":200,"srcset":"https:\/\/i0.wp.com\/smallthings.fr\/lespetitslivres\/wp-content\/uploads\/2016\/08\/sophie-bassignac.jpg?resize=350%2C200&ssl=1 1x, https:\/\/i0.wp.com\/smallthings.fr\/lespetitslivres\/wp-content\/uploads\/2016\/08\/sophie-bassignac.jpg?resize=525%2C300&ssl=1 1.5x, https:\/\/i0.wp.com\/smallthings.fr\/lespetitslivres\/wp-content\/uploads\/2016\/08\/sophie-bassignac.jpg?resize=700%2C400&ssl=1 2x"},"classes":[]},{"id":32176,"url":"https:\/\/smallthings.fr\/lespetitslivres\/2021\/01\/18\/blood-type-compagne-de-sang\/","url_meta":{"origin":17750,"position":4},"title":"Blood Type, compagne de sang de K.A. Linde","author":"Jennifer","date":"18 janvier 2021","format":false,"excerpt":"Compagne de sang est le premier tome de la nouvelle saga bit-lit de Milady. \u00c9crite par K.A. Linde, Blood Type sort du lot, nous offrant une vision d\u2019un monde o\u00f9 les vampires r\u00e8gnent en ma\u00eetres et o\u00f9 les humains doivent se vendre pour survivre. Dans Bloody Type, le monde est\u2026","rel":"","context":"Dans &quot;Fantastique&quot;","block_context":{"text":"Fantastique","link":"https:\/\/smallthings.fr\/lespetitslivres\/category\/imaginaire\/fantastique\/"},"img":{"alt_text":"","src":"https:\/\/i0.wp.com\/smallthings.fr\/lespetitslivres\/wp-content\/uploads\/2021\/01\/Blood-Type-Compagne-de-sang-3.jpg?resize=350%2C200&ssl=1","width":350,"height":200,"srcset":"https:\/\/i0.wp.com\/smallthings.fr\/lespetitslivres\/wp-content\/uploads\/2021\/01\/Blood-Type-Compagne-de-sang-3.jpg?resize=350%2C200&ssl=1 1x, https:\/\/i0.wp.com\/smallthings.fr\/lespetitslivres\/wp-content\/uploads\/2021\/01\/Blood-Type-Compagne-de-sang-3.jpg?resize=525%2C300&ssl=1 1.5x"},"classes":[]},{"id":24655,"url":"https:\/\/smallthings.fr\/lespetitslivres\/2015\/06\/23\/hunter-suite-vampire-nation-ione\/","url_meta":{"origin":17750,"position":5},"title":"Hunter, la suite de la saga Vampire Nation de Larissa Ione","author":"Jennifer","date":"23 juin 2015","format":false,"excerpt":"Hunter, deuxi\u00e8me tome de la saga Vampire Nation de Larissa Ione est sorti vendredi dernier aux \u00e9ditions Milady. Apr\u00e8s avoir lu l\u2019histoire de Riker, c\u2019est au tour du chef de clan de d\u00e9voiler ses secrets. Pour sauver la femme de son meilleur ami, Hunter a d\u00fb accepter de s\u2019unir \u00e0\u2026","rel":"","context":"Dans &quot;Fantastique&quot;","block_context":{"text":"Fantastique","link":"https:\/\/smallthings.fr\/lespetitslivres\/category\/imaginaire\/fantastique\/"},"img":{"alt_text":"","src":"","width":0,"height":0},"classes":[]}],"_links":{"self":[{"href":"https:\/\/smallthings.fr\/lespetitslivres\/wp-json\/wp\/v2\/posts\/17750"}],"collection":[{"href":"https:\/\/smallthings.fr\/lespetitslivres\/wp-json\/wp\/v2\/posts"}],"about":[{"href":"https:\/\/smallthings.fr\/lespetitslivres\/wp-json\/wp\/v2\/types\/post"}],"author":[{"embeddable":true,"href":"https:\/\/smallthings.fr\/lespetitslivres\/wp-json\/wp\/v2\/users\/14"}],"replies":[{"embeddable":true,"href":"https:\/\/smallthings.fr\/lespetitslivres\/wp-json\/wp\/v2\/comments?post=17750"}],"version-history":[{"count":1,"href":"https:\/\/smallthings.fr\/lespetitslivres\/wp-json\/wp\/v2\/posts\/17750\/revisions"}],"predecessor-version":[{"id":28839,"href":"https:\/\/smallthings.fr\/lespetitslivres\/wp-json\/wp\/v2\/posts\/17750\/revisions\/28839"}],"wp:featuredmedia":[{"embeddable":true,"href":"https:\/\/smallthings.fr\/lespetitslivres\/wp-json\/"}],"wp:attachment":[{"href":"https:\/\/smallthings.fr\/lespetitslivres\/wp-json\/wp\/v2\/media?parent=17750"}],"wp:term":[{"taxonomy":"category","embeddable":true,"href":"https:\/\/smallthings.fr\/lespetitslivres\/wp-json\/wp\/v2\/categories?post=17750"},{"taxonomy":"post_tag","embeddable":true,"href":"https:\/\/smallthings.fr\/lespetitslivres\/wp-json\/wp\/v2\/tags?post=17750"}],"curies":[{"name":"wp","href":"https:\/\/api.w.org\/{rel}","templated":true}]}}