{"id":17667,"date":"2014-11-20T15:30:32","date_gmt":"2014-11-20T14:30:32","guid":{"rendered":"http:\/\/smallthings.fr\/?p=17667"},"modified":"2015-11-02T13:25:55","modified_gmt":"2015-11-02T12:25:55","slug":"origine-notre-pere-obscur-kaoutar-harchi","status":"publish","type":"post","link":"https:\/\/smallthings.fr\/lespetitslivres\/2014\/11\/20\/origine-notre-pere-obscur-kaoutar-harchi\/","title":{"rendered":"\u00c0 l\u2019origine notre p\u00e8re obscur \u2013 Kaoutar Harchi"},"content":{"rendered":"<h2><em>A l&rsquo;origine notre p\u00e8re obscur<\/em> est un roman de Kaoutar Harchi, \u00e9crivaine d&rsquo;origine marocaine n\u00e9 en France. Il s&rsquo;agit du deuxi\u00e8me roman de cette auteure, publi\u00e9 par <a href=\"http:\/\/www.actes-sud.fr\/catalogue\/litterature\/lorigine-notre-pere-obscur\" target=\"_blank\">Actes Sud<\/a> pour la rentr\u00e9e litt\u00e9raire. R\u00e9cit poignant d\u2019une lib\u00e9ration \u00e0 la fois physique et psychologique du sevrage des femmes dans la soci\u00e9t\u00e9 arabe, ce r\u00e9cit, pour sombre qu\u2019il est, laisse une impression de lumi\u00e8re pure et dure au milieu des t\u00e9n\u00e8bres fangeuses travers\u00e9es par le personnage principal, qui rayonne de toute sa hauteur \u00e0 la fin du livre.<\/h2>\n<p><a href=\"http:\/\/smallthings.fr\/2014\/11\/22\/origine-notre-pere-obscur-kaoutar-harchi\/origine-pere-obscur\/\" rel=\"attachment wp-att-18668\"><img loading=\"lazy\" decoding=\"async\" class=\"alignright  wp-image-18668\" src=\"http:\/\/smallthings.fr\/wp-content\/uploads\/2014\/10\/origine-pere-obscur.jpg\" alt=\"origine-pere-obscur\" width=\"196\" height=\"362\" \/><\/a>Le point de vue \u00e0 la premi\u00e8re personne est ici tr\u00e8s bien choisi par <strong>Kaoutar Harchi<\/strong>. Loin de l\u2019introspection verbeuse et st\u00e9rile dans laquelle il peut verser, son usage nous montre ici tout <strong>l\u2019enfermement psychologique et moral dans lequel l\u2019h\u00e9ro\u00efne grandit<\/strong>, dans cette \u00ab maison des femmes \u00bb dont on ne prend la pleine teneur que graduellement, \u00e0 mesure qu\u2019elle en prend elle-m\u00eame conscience. Et c\u2019est lorsqu\u2019on apprend que cette maison n\u2019est jamais ferm\u00e9e \u00e0 cl\u00e9, que rien ne s\u00e9pare ces femmes de la libert\u00e9 que l\u2019enceinte de la cour, non verrouill\u00e9e, et la seule d\u00e9cision des hommes de les y bannir, que jaillit la r\u00e9volte dans nos veines, aussi violemment que dans celles de l\u2019h\u00e9ro\u00efne, que nous saute aux yeux l\u2019injustice criante de ce syst\u00e8me.<\/p>\n<p>Mais aussi et surtout le degr\u00e9 supr\u00eame d\u2019asservissement auquel ces femmes se r\u00e9signent, et, pire, qu\u2019elles entretiennent d\u2019elles-m\u00eames au lieu de le combattre. Par l\u00e0 d\u00e9j\u00e0, <strong>le r\u00e9cit de Kaoutar Harchi glisse vers l\u2019intemporel<\/strong>, ce que renforce l\u2019absence de nom de lieu, de personnage, de pays, d\u2019\u00e9poque historique, et ces citations de la Bible en exergue de chacune des trois parties. Il devient ainsi le mythe fondateur d\u2019une femme qui refuse la soumission f\u00e9minine aussi bien que l\u2019asservissement masculin de la soci\u00e9t\u00e9 patriarcale, qui ose se lever, s\u2019individualiser, dire non \u00e0 la face du monde, qui ose aller au-devant des \u00eatres et de la v\u00e9rit\u00e9 pour perdre ses illusions et par l\u00e0 ses cha\u00eenes, s\u2019appropriant d\u00e9finitivement et pleinement son destin.<\/p>\n<p>L\u2019\u00e9criture de Kaoutar Harchi est sensible, tant\u00f4t haletante, syncop\u00e9e, au rythme de la tension et des battements de c\u0153ur de l\u2019h\u00e9ro\u00efne, tant\u00f4t d\u00e9li\u00e9e, ample, scand\u00e9e par des r\u00e9p\u00e9titions qui donnent de l\u2019\u00e9lan aux paroles, \u00e0 la mesure de son \u00e9lan de vie.<br \/>\nC\u2019est ainsi, par petites touches sensibles, que Kaoutar Harchi nous plonge toujours plus avant dans cette atmosph\u00e8re si lourde, opaque, moite, des non-dits, du trop-plein d\u2019amour non d\u00e9sir\u00e9, du vide criant d\u2019amour recherch\u00e9, de cet amour qui n\u2019est r\u00e9ellement qu\u2019un besoin d\u00e9vorant d\u2019attention, ou une qu\u00eate d\u00e9sesp\u00e9r\u00e9e de l\u2019existence.<\/p>\n<p>Accapar\u00e9e par une M\u00e8re qui lui demande une attention de tous les instants mais sans vraiment retourner son adoration, <strong>la narratrice la voit se consumer dans l\u2019attente fi\u00e9vreuse du retour de son mari<\/strong> \u2013 le P\u00e8re \u2013 jusqu\u2019\u00e0 sa mort, environn\u00e9e de femmes avides de r\u00e9confort moral de la M\u00e8re, et affectif de sa part, puisqu\u2019elle est comme leur fille \u00e0 toutes. Il faudra la mort de la M\u00e8re et l\u2019immense d\u00e9chirement qui en r\u00e9sulte pour qu\u2019elle ose enfin sortir de cette maison morbide, enferm\u00e9e dans le malheur et l\u2019attente, puis partir \u00e0 la recherche du P\u00e8re. Pour le conna\u00eetre, s\u2019en faire reconna\u00eetre comme sa fille, mais aussi obscur\u00e9ment pour savoir, pour comprendre comment il a pu d\u00e9laisser la M\u00e8re \u00e0 ce point.<\/p>\n<div id=\"attachment_18669\" style=\"width: 332px\" class=\"wp-caption alignleft\"><a href=\"http:\/\/smallthings.fr\/2014\/11\/22\/origine-notre-pere-obscur-kaoutar-harchi\/kaoutar-harchi\/\" rel=\"attachment wp-att-18669\"><img loading=\"lazy\" decoding=\"async\" aria-describedby=\"caption-attachment-18669\" class=\" wp-image-18669\" src=\"http:\/\/smallthings.fr\/wp-content\/uploads\/2014\/10\/kaoutar-harchi.jpg\" alt=\"Kaoutar Harchi\" width=\"322\" height=\"214\" \/><\/a><p id=\"caption-attachment-18669\" class=\"wp-caption-text\">Kaoutar Harchi<\/p><\/div>\n<p>Et ce cheminement \u00e0 la fois tout \u0153dipien \u2013parce que c\u2019est dans la ligne de faille, le conflit, la rupture entre la M\u00e8re et le P\u00e8re que la narratrice tente de trouver sa place, de se construire en tant que femme, de conna\u00eetre la faute de ses parents \u2013 et personnel, car elle n\u2019est pas coupable de cette faute m\u00eame si elle en est l\u2019incarnation, r\u00e9v\u00e8le le malheur sans nom d\u2019une famille pourrie jusqu\u2019\u00e0 la moelle comme un arbre mort. Et le final rappelle \u00e0 tous, en un trait de lumi\u00e8re \u00e9clatant, l\u2019\u00e9ternelle solitude de chacun, <strong>l\u2019importance de s\u2019aimer soi-m\u00eame pour pouvoir v\u00e9ritablement entrer dans la libert\u00e9, l\u2019\u00e2ge adulte, et le pardon<\/strong>.<\/p>\n<blockquote><p>\u00ab Et je ne veux plus rentrer \u00e0 la maison, je ne veux plus entendre claquer la lourde porte de bois, je ne veux plus sentir sur moi les regards apitoy\u00e9s des femmes, je veux demeurer sur cette route dans l\u2019attente du jour qui se l\u00e8ve, dans sa clart\u00e9, dans sa fra\u00eecheur. Je veux assister au r\u00e9veil de la ville. Je veux retrouver ce qui m\u2019a \u00e9t\u00e9 pris. Tout ce temps, ce temps infini, ce temps \u00e9ternel de l\u2019adolescence. Je veux conna\u00eetre ce qui m\u2019est inconnu. Cette situation d\u2019\u00eatre en pr\u00e9sence du P\u00e8re, ressentir sa force, sa grandeur, comprendre ce qui a emp\u00each\u00e9 cet homme d\u2019\u00eatre un p\u00e8re.\u00a0 (&#8230;) En moi naissait une ivresse profonde au fur et \u00e0 mesure que je parcourais la ville, zigzaguant entre immeubles et b\u00e2timents, le souffle haletant, le c\u0153ur pr\u00eat \u00e0 imploser. Folie de vouloir vivre ainsi, au grand jour, sans plus personne pour m\u2019\u00e9pier, me surveiller, me contr\u00f4ler. Mes pens\u00e9es, mes gestes, qui ne seraient plus jamais entrav\u00e9s. La libert\u00e9 que je m\u2019appr\u00eatais \u00e0 recouvrer, enfin, car en allant vers le P\u00e8re, c\u2019est vers moi que j\u2019allais. \u00bb<\/p><\/blockquote>\n","protected":false},"excerpt":{"rendered":"<p>A l&rsquo;origine notre p\u00e8re obscur est un roman de Kaoutar Harchi, \u00e9crivaine d&rsquo;origine marocaine n\u00e9 en France. Il s&rsquo;agit du deuxi\u00e8me roman de cette auteure, publi\u00e9 par Actes Sud pour la rentr\u00e9e litt\u00e9raire. R\u00e9cit poignant d\u2019une lib\u00e9ration \u00e0 la fois physique et psychologique du sevrage des femmes dans la soci\u00e9t\u00e9 arabe, ce r\u00e9cit, pour sombre<\/p>\n","protected":false},"author":13,"featured_media":18667,"comment_status":"open","ping_status":"open","sticky":false,"template":"","format":"standard","meta":{"jetpack_post_was_ever_published":false,"_jetpack_newsletter_access":"","_jetpack_newsletter_tier_id":0,"footnotes":"","jetpack_publicize_message":"","jetpack_is_tweetstorm":false,"jetpack_publicize_feature_enabled":true,"jetpack_social_post_already_shared":false,"jetpack_social_options":{"image_generator_settings":{"template":"highway","enabled":false}}},"categories":[1118],"tags":[217,218,32],"jetpack_publicize_connections":[],"yoast_head":"<!-- This site is optimized with the Yoast SEO plugin v21.5 - https:\/\/yoast.com\/wordpress\/plugins\/seo\/ -->\n<title>\u00c0 l\u2019origine notre p\u00e8re obscur \u2013 Kaoutar Harchi<\/title>\n<meta name=\"description\" content=\"A l&#039;origine notre p\u00e8re obscur est un roman de Kaoutar Harchi, \u00e9crivain d&#039;origine marocaine n\u00e9 en France. Il s&#039;agit du deuxi\u00e8me roman de cet auteur, publi\u00e9 p\" \/>\n<meta name=\"robots\" content=\"index, follow, max-snippet:-1, max-image-preview:large, max-video-preview:-1\" \/>\n<link rel=\"canonical\" href=\"https:\/\/smallthings.fr\/lespetitslivres\/2014\/11\/20\/origine-notre-pere-obscur-kaoutar-harchi\/\" \/>\n<meta property=\"og:locale\" content=\"fr_FR\" \/>\n<meta property=\"og:type\" content=\"article\" \/>\n<meta property=\"og:title\" content=\"\u00c0 l\u2019origine notre p\u00e8re obscur \u2013 Kaoutar Harchi\" \/>\n<meta property=\"og:description\" content=\"A l&#039;origine notre p\u00e8re obscur est un roman de Kaoutar Harchi, \u00e9crivain d&#039;origine marocaine n\u00e9 en France. Il s&#039;agit du deuxi\u00e8me roman de cet auteur, publi\u00e9 p\" \/>\n<meta property=\"og:url\" content=\"https:\/\/smallthings.fr\/lespetitslivres\/2014\/11\/20\/origine-notre-pere-obscur-kaoutar-harchi\/\" \/>\n<meta property=\"og:site_name\" content=\"Les Petits Livres\" \/>\n<meta property=\"article:published_time\" content=\"2014-11-20T14:30:32+00:00\" \/>\n<meta property=\"article:modified_time\" content=\"2015-11-02T12:25:55+00:00\" \/>\n<meta name=\"author\" content=\"Cecile\" \/>\n<meta name=\"twitter:card\" content=\"summary_large_image\" \/>\n<meta name=\"twitter:label1\" content=\"\u00c9crit par\" \/>\n\t<meta name=\"twitter:data1\" content=\"Cecile\" \/>\n\t<meta name=\"twitter:label2\" content=\"Dur\u00e9e de lecture estim\u00e9e\" \/>\n\t<meta name=\"twitter:data2\" content=\"5 minutes\" \/>\n<script type=\"application\/ld+json\" class=\"yoast-schema-graph\">{\"@context\":\"https:\/\/schema.org\",\"@graph\":[{\"@type\":\"WebPage\",\"@id\":\"https:\/\/smallthings.fr\/lespetitslivres\/2014\/11\/20\/origine-notre-pere-obscur-kaoutar-harchi\/\",\"url\":\"https:\/\/smallthings.fr\/lespetitslivres\/2014\/11\/20\/origine-notre-pere-obscur-kaoutar-harchi\/\",\"name\":\"\u00c0 l\u2019origine notre p\u00e8re obscur \u2013 Kaoutar Harchi\",\"isPartOf\":{\"@id\":\"https:\/\/smallthings.fr\/lespetitslivres\/#website\"},\"datePublished\":\"2014-11-20T14:30:32+00:00\",\"dateModified\":\"2015-11-02T12:25:55+00:00\",\"author\":{\"@id\":\"https:\/\/smallthings.fr\/lespetitslivres\/#\/schema\/person\/7b3de8ef611f2b29f758a00cad7cafb2\"},\"description\":\"A l'origine notre p\u00e8re obscur est un roman de Kaoutar Harchi, \u00e9crivain d'origine marocaine n\u00e9 en France. Il s'agit du deuxi\u00e8me roman de cet auteur, publi\u00e9 p\",\"breadcrumb\":{\"@id\":\"https:\/\/smallthings.fr\/lespetitslivres\/2014\/11\/20\/origine-notre-pere-obscur-kaoutar-harchi\/#breadcrumb\"},\"inLanguage\":\"fr-FR\",\"potentialAction\":[{\"@type\":\"ReadAction\",\"target\":[\"https:\/\/smallthings.fr\/lespetitslivres\/2014\/11\/20\/origine-notre-pere-obscur-kaoutar-harchi\/\"]}]},{\"@type\":\"BreadcrumbList\",\"@id\":\"https:\/\/smallthings.fr\/lespetitslivres\/2014\/11\/20\/origine-notre-pere-obscur-kaoutar-harchi\/#breadcrumb\",\"itemListElement\":[{\"@type\":\"ListItem\",\"position\":1,\"name\":\"Accueil\",\"item\":\"https:\/\/smallthings.fr\/lespetitslivres\/\"},{\"@type\":\"ListItem\",\"position\":2,\"name\":\"\u00c0 l\u2019origine notre p\u00e8re obscur \u2013 Kaoutar Harchi\"}]},{\"@type\":\"WebSite\",\"@id\":\"https:\/\/smallthings.fr\/lespetitslivres\/#website\",\"url\":\"https:\/\/smallthings.fr\/lespetitslivres\/\",\"name\":\"Les Petits Livres\",\"description\":\"by Small Things\",\"potentialAction\":[{\"@type\":\"SearchAction\",\"target\":{\"@type\":\"EntryPoint\",\"urlTemplate\":\"https:\/\/smallthings.fr\/lespetitslivres\/?s={search_term_string}\"},\"query-input\":\"required name=search_term_string\"}],\"inLanguage\":\"fr-FR\"},{\"@type\":\"Person\",\"@id\":\"https:\/\/smallthings.fr\/lespetitslivres\/#\/schema\/person\/7b3de8ef611f2b29f758a00cad7cafb2\",\"name\":\"Cecile\",\"image\":{\"@type\":\"ImageObject\",\"inLanguage\":\"fr-FR\",\"@id\":\"https:\/\/smallthings.fr\/lespetitslivres\/#\/schema\/person\/image\/\",\"url\":\"https:\/\/secure.gravatar.com\/avatar\/a855fa1dbad38b06e97132a8a6579746?s=96&d=retro&r=g\",\"contentUrl\":\"https:\/\/secure.gravatar.com\/avatar\/a855fa1dbad38b06e97132a8a6579746?s=96&d=retro&r=g\",\"caption\":\"Cecile\"},\"url\":\"https:\/\/smallthings.fr\/lespetitslivres\/author\/cecile\/\"}]}<\/script>\n<!-- \/ Yoast SEO plugin. -->","yoast_head_json":{"title":"\u00c0 l\u2019origine notre p\u00e8re obscur \u2013 Kaoutar Harchi","description":"A l'origine notre p\u00e8re obscur est un roman de Kaoutar Harchi, \u00e9crivain d'origine marocaine n\u00e9 en France. Il s'agit du deuxi\u00e8me roman de cet auteur, publi\u00e9 p","robots":{"index":"index","follow":"follow","max-snippet":"max-snippet:-1","max-image-preview":"max-image-preview:large","max-video-preview":"max-video-preview:-1"},"canonical":"https:\/\/smallthings.fr\/lespetitslivres\/2014\/11\/20\/origine-notre-pere-obscur-kaoutar-harchi\/","og_locale":"fr_FR","og_type":"article","og_title":"\u00c0 l\u2019origine notre p\u00e8re obscur \u2013 Kaoutar Harchi","og_description":"A l'origine notre p\u00e8re obscur est un roman de Kaoutar Harchi, \u00e9crivain d'origine marocaine n\u00e9 en France. Il s'agit du deuxi\u00e8me roman de cet auteur, publi\u00e9 p","og_url":"https:\/\/smallthings.fr\/lespetitslivres\/2014\/11\/20\/origine-notre-pere-obscur-kaoutar-harchi\/","og_site_name":"Les Petits Livres","article_published_time":"2014-11-20T14:30:32+00:00","article_modified_time":"2015-11-02T12:25:55+00:00","author":"Cecile","twitter_card":"summary_large_image","twitter_misc":{"\u00c9crit par":"Cecile","Dur\u00e9e de lecture estim\u00e9e":"5 minutes"},"schema":{"@context":"https:\/\/schema.org","@graph":[{"@type":"WebPage","@id":"https:\/\/smallthings.fr\/lespetitslivres\/2014\/11\/20\/origine-notre-pere-obscur-kaoutar-harchi\/","url":"https:\/\/smallthings.fr\/lespetitslivres\/2014\/11\/20\/origine-notre-pere-obscur-kaoutar-harchi\/","name":"\u00c0 l\u2019origine notre p\u00e8re obscur \u2013 Kaoutar Harchi","isPartOf":{"@id":"https:\/\/smallthings.fr\/lespetitslivres\/#website"},"datePublished":"2014-11-20T14:30:32+00:00","dateModified":"2015-11-02T12:25:55+00:00","author":{"@id":"https:\/\/smallthings.fr\/lespetitslivres\/#\/schema\/person\/7b3de8ef611f2b29f758a00cad7cafb2"},"description":"A l'origine notre p\u00e8re obscur est un roman de Kaoutar Harchi, \u00e9crivain d'origine marocaine n\u00e9 en France. Il s'agit du deuxi\u00e8me roman de cet auteur, publi\u00e9 p","breadcrumb":{"@id":"https:\/\/smallthings.fr\/lespetitslivres\/2014\/11\/20\/origine-notre-pere-obscur-kaoutar-harchi\/#breadcrumb"},"inLanguage":"fr-FR","potentialAction":[{"@type":"ReadAction","target":["https:\/\/smallthings.fr\/lespetitslivres\/2014\/11\/20\/origine-notre-pere-obscur-kaoutar-harchi\/"]}]},{"@type":"BreadcrumbList","@id":"https:\/\/smallthings.fr\/lespetitslivres\/2014\/11\/20\/origine-notre-pere-obscur-kaoutar-harchi\/#breadcrumb","itemListElement":[{"@type":"ListItem","position":1,"name":"Accueil","item":"https:\/\/smallthings.fr\/lespetitslivres\/"},{"@type":"ListItem","position":2,"name":"\u00c0 l\u2019origine notre p\u00e8re obscur \u2013 Kaoutar Harchi"}]},{"@type":"WebSite","@id":"https:\/\/smallthings.fr\/lespetitslivres\/#website","url":"https:\/\/smallthings.fr\/lespetitslivres\/","name":"Les Petits Livres","description":"by Small Things","potentialAction":[{"@type":"SearchAction","target":{"@type":"EntryPoint","urlTemplate":"https:\/\/smallthings.fr\/lespetitslivres\/?s={search_term_string}"},"query-input":"required name=search_term_string"}],"inLanguage":"fr-FR"},{"@type":"Person","@id":"https:\/\/smallthings.fr\/lespetitslivres\/#\/schema\/person\/7b3de8ef611f2b29f758a00cad7cafb2","name":"Cecile","image":{"@type":"ImageObject","inLanguage":"fr-FR","@id":"https:\/\/smallthings.fr\/lespetitslivres\/#\/schema\/person\/image\/","url":"https:\/\/secure.gravatar.com\/avatar\/a855fa1dbad38b06e97132a8a6579746?s=96&d=retro&r=g","contentUrl":"https:\/\/secure.gravatar.com\/avatar\/a855fa1dbad38b06e97132a8a6579746?s=96&d=retro&r=g","caption":"Cecile"},"url":"https:\/\/smallthings.fr\/lespetitslivres\/author\/cecile\/"}]}},"jetpack_featured_media_url":"","jetpack_sharing_enabled":true,"jetpack_shortlink":"https:\/\/wp.me\/p6Un21-4AX","jetpack-related-posts":[{"id":28517,"url":"https:\/\/smallthings.fr\/lespetitslivres\/2015\/10\/22\/profession-du-pere-sorj-chalandon\/","url_meta":{"origin":17667,"position":0},"title":"Profession du p\u00e8re : cri d&rsquo;amour terrible de Sorj Chalandon","author":"June","date":"22 octobre 2015","format":false,"excerpt":"Paru le 19 ao\u00fbt aux \u00e9ditions Grasset, Profession du p\u00e8re est un roman aux accents de v\u00e9rit\u00e9 qui ne peut laisser indiff\u00e9rent. Avec une douceur singuli\u00e8re, Sorj Chalandon nous fait passer de l\u2019effroi \u00e0 un sourire incr\u00e9dule, de la com\u00e9die aux larmes. A l\u2019origine, il y a un enfant, Emile.\u2026","rel":"","context":"Dans &quot;Actu&quot;","block_context":{"text":"Actu","link":"https:\/\/smallthings.fr\/lespetitslivres\/category\/actu\/"},"img":{"alt_text":"","src":"https:\/\/i0.wp.com\/smallthings.fr\/lespetitslivres\/wp-content\/uploads\/2015\/10\/slider-profession-du-pere1.jpg?resize=350%2C200&ssl=1","width":350,"height":200},"classes":[]},{"id":9048,"url":"https:\/\/smallthings.fr\/lespetitslivres\/2013\/11\/13\/grace-mccleen-plus-beau-de-tous-les-pays\/","url_meta":{"origin":17667,"position":1},"title":"Le plus beau de tous les pays selon Grace McCleen","author":"Yohann","date":"13 novembre 2013","format":false,"excerpt":"Le premier roman de Grace McCleen, Le plus beau de tous les pays (en anglais The land of decoration) est sorti en fran\u00e7ais chez Nil Editions pour la rentr\u00e9e litt\u00e9raire.","rel":"","context":"Dans &quot;Roman \u00e9tranger&quot;","block_context":{"text":"Roman \u00e9tranger","link":"https:\/\/smallthings.fr\/lespetitslivres\/category\/roman\/roman-etranger\/"},"img":{"alt_text":"Grace McCleen \u00c2\u00a9 Pal Hansen","src":"https:\/\/i0.wp.com\/uploads.smallthings.fr\/2013\/11\/Grace-McCleen-010.jpg?resize=350%2C200","width":350,"height":200},"classes":[]},{"id":31260,"url":"https:\/\/smallthings.fr\/lespetitslivres\/2017\/09\/03\/avancee-de-la-nuit-alikavazovic-avis\/","url_meta":{"origin":17667,"position":2},"title":"L&rsquo;Avanc\u00e9e de la nuit : un r\u00e9cit peut-il changer une vie ?","author":"No\u00e9mie Toledano","date":"3 septembre 2017","format":false,"excerpt":"L'Avanc\u00e9e de la nuit de Jakuta Alikavazovic est l'un des romans de la rentr\u00e9e litt\u00e9raire des \u00e9ditions de l'Olivier. Un r\u00e9cit peut-il changer une vie\u00a0? Telle est la question. Dans ce roman, o\u00f9 l\u2019on se plonge comme on se laisse envahir par la nuit qui tombe, le r\u00e9cit est celui\u2026","rel":"","context":"Dans &quot;Roman fran\u00e7ais&quot;","block_context":{"text":"Roman fran\u00e7ais","link":"https:\/\/smallthings.fr\/lespetitslivres\/category\/roman\/roman-francais\/"},"img":{"alt_text":"","src":"https:\/\/i0.wp.com\/smallthings.fr\/lespetitslivres\/wp-content\/uploads\/2017\/09\/avancee-de-la-nuit-couv.jpg?resize=350%2C200&ssl=1","width":350,"height":200},"classes":[]},{"id":26444,"url":"https:\/\/smallthings.fr\/lespetitslivres\/2015\/08\/24\/la-maladroite-alexandre-seurat-critique\/","url_meta":{"origin":17667,"position":3},"title":"La maladroite, premier roman d&rsquo;Alexandre Seurat","author":"Claire","date":"24 ao\u00fbt 2015","format":false,"excerpt":"La maladroite, premier roman d'Alexandre Seurat, est le bijou inattendu de cette rentr\u00e9e litt\u00e9raire. Paru aux \u00e9ditions du Rouergue le 19 ao\u00fbt, il a d\u00e9j\u00e0 remport\u00e9 le coup de c\u0153ur des magasins Cultura, qui lui assure une belle visibilit\u00e9. Il est \u00e9galement finaliste du Prix Roman Fnac 2015, et on\u2026","rel":"","context":"Dans &quot;Rentr\u00e9e Litt\u00e9raire&quot;","block_context":{"text":"Rentr\u00e9e Litt\u00e9raire","link":"https:\/\/smallthings.fr\/lespetitslivres\/category\/rentree-litteraire-2015\/"},"img":{"alt_text":"","src":"https:\/\/i0.wp.com\/smallthings.fr\/wp-content\/uploads\/2015\/08\/la-maladroite-205x300.jpg?resize=350%2C200","width":350,"height":200},"classes":[]},{"id":31425,"url":"https:\/\/smallthings.fr\/lespetitslivres\/2017\/12\/07\/t-arracher-claudine-desmarteau-avis\/","url_meta":{"origin":17667,"position":4},"title":"T&rsquo;arracher : le d\u00e9sespoir amoureux qui nous construit","author":"Marie Leroy","date":"7 d\u00e9cembre 2017","format":false,"excerpt":"T'arracher de Claudine Desmarteau est sorti pour la rentr\u00e9e litt\u00e9raire aux \u00e9ditions Thierry Magnier. Le livre est destin\u00e9 \u00e0 un public jeunesse, mais son th\u00e8me universel - la d\u00e9ception amoureuse - peut r\u00e9sonner en chacun de nous. On plonge la t\u00eate la premi\u00e8re dans le c\u0153ur bris\u00e9 de Lou, lyc\u00e9enne\u2026","rel":"","context":"Dans &quot;Roman fran\u00e7ais&quot;","block_context":{"text":"Roman fran\u00e7ais","link":"https:\/\/smallthings.fr\/lespetitslivres\/category\/roman\/roman-francais\/"},"img":{"alt_text":"","src":"https:\/\/i0.wp.com\/smallthings.fr\/lespetitslivres\/wp-content\/uploads\/2017\/12\/t-arracher-cover.jpg?resize=350%2C200&ssl=1","width":350,"height":200},"classes":[]},{"id":7662,"url":"https:\/\/smallthings.fr\/lespetitslivres\/2013\/08\/28\/laure-adler-immortelles\/","url_meta":{"origin":17667,"position":5},"title":"Laure Adler &#8211; Immortelles","author":"Yohann","date":"28 ao\u00fbt 2013","format":false,"excerpt":"Le premier roman de Laure Adler, par ailleurs historienne et journaliste, sort aujourd'hui chez Grasset dans le cadre de la rentr\u00e9e litt\u00e9raire. Yohann nous en fait la critique.","rel":"","context":"Dans &quot;Roman fran\u00e7ais&quot;","block_context":{"text":"Roman fran\u00e7ais","link":"https:\/\/smallthings.fr\/lespetitslivres\/category\/roman\/roman-francais\/"},"img":{"alt_text":"","src":"","width":0,"height":0},"classes":[]}],"_links":{"self":[{"href":"https:\/\/smallthings.fr\/lespetitslivres\/wp-json\/wp\/v2\/posts\/17667"}],"collection":[{"href":"https:\/\/smallthings.fr\/lespetitslivres\/wp-json\/wp\/v2\/posts"}],"about":[{"href":"https:\/\/smallthings.fr\/lespetitslivres\/wp-json\/wp\/v2\/types\/post"}],"author":[{"embeddable":true,"href":"https:\/\/smallthings.fr\/lespetitslivres\/wp-json\/wp\/v2\/users\/13"}],"replies":[{"embeddable":true,"href":"https:\/\/smallthings.fr\/lespetitslivres\/wp-json\/wp\/v2\/comments?post=17667"}],"version-history":[{"count":1,"href":"https:\/\/smallthings.fr\/lespetitslivres\/wp-json\/wp\/v2\/posts\/17667\/revisions"}],"predecessor-version":[{"id":28831,"href":"https:\/\/smallthings.fr\/lespetitslivres\/wp-json\/wp\/v2\/posts\/17667\/revisions\/28831"}],"wp:featuredmedia":[{"embeddable":true,"href":"https:\/\/smallthings.fr\/lespetitslivres\/wp-json\/"}],"wp:attachment":[{"href":"https:\/\/smallthings.fr\/lespetitslivres\/wp-json\/wp\/v2\/media?parent=17667"}],"wp:term":[{"taxonomy":"category","embeddable":true,"href":"https:\/\/smallthings.fr\/lespetitslivres\/wp-json\/wp\/v2\/categories?post=17667"},{"taxonomy":"post_tag","embeddable":true,"href":"https:\/\/smallthings.fr\/lespetitslivres\/wp-json\/wp\/v2\/tags?post=17667"}],"curies":[{"name":"wp","href":"https:\/\/api.w.org\/{rel}","templated":true}]}}