{"id":17558,"date":"2014-10-17T14:19:09","date_gmt":"2014-10-17T13:19:09","guid":{"rendered":"http:\/\/smallthings.fr\/?p=17558"},"modified":"2015-11-02T13:27:39","modified_gmt":"2015-11-02T12:27:39","slug":"charlotte-david-foenkinos-renaudot","status":"publish","type":"post","link":"https:\/\/smallthings.fr\/lespetitslivres\/2014\/10\/17\/charlotte-david-foenkinos-renaudot\/","title":{"rendered":"Charlotte : la claque de David Foenkinos &#8211; Prix Renaudot 2014"},"content":{"rendered":"<h2><em>Charlotte<\/em>, pour moi, c&rsquo;est LE livre de la rentr\u00e9e litt\u00e9raire. Si je n&rsquo;attendais Foenkinos, ni sur la rentr\u00e9e, ni sur ce cr\u00e9neau, je dois dire que j&rsquo;ai \u00e9t\u00e9 bluff\u00e9e. <em>Charlotte<\/em>, c&rsquo;est aussi son livre \u00e0 lui : \u00ab\u00a0c&rsquo;est toute [s]a vie\u00a0\u00bb, confesse-t-il. Tous les \u00e9crivains ont un livre \u00ab\u00a0fant\u00f4me\u00a0\u00bb, celui qu&rsquo;ils ont tant de fois tent\u00e9 d&rsquo;\u00e9crire sans y arriver, et qui un jour sort de l&rsquo;ombre. Parfois c&rsquo;est d\u00e9cevant ; dans le cas de <em>Charlotte<\/em>, c&rsquo;est parfaitement r\u00e9ussi.<\/h2>\n<p><em>Charlotte<\/em> retrace <strong>la vie de la jeune peintre Charlotte Salomon<\/strong>, assassin\u00e9e \u00e0 Drancy \u00e0 26 ans alors qu&rsquo;elle \u00e9tait enceinte. David Foenkinos raconte toute sa courte vie, depuis son enfance \u00e0 son adolescence et le d\u00e9but de l&rsquo;\u00e2ge adulte, ses cr\u00e9ations, ainsi que le destin des personnes qui l&rsquo;ont entour\u00e9e : p\u00e8re, m\u00e8re, grands-parents, amis, amants.<\/p>\n<p><strong><a href=\"http:\/\/smallthings.fr\/2014\/10\/17\/charlotte-david-foenkinos-roman-avis\/charlotte-foenkinos\/\" rel=\"attachment wp-att-17563\"><img loading=\"lazy\" decoding=\"async\" class=\"alignright size-full wp-image-17563\" src=\"http:\/\/smallthings.fr\/wp-content\/uploads\/2014\/10\/Charlotte-Foenkinos.jpeg\" alt=\"Charlotte-Foenkinos\" width=\"195\" height=\"286\" \/><\/a>David Foenkinos base son livre sur le projet artistique de Charlotte<\/strong>, nomm\u00e9 <em>Vie ? ou Th\u00e9\u00e2tre ?<\/em>, qu&rsquo;elle a d\u00e9velopp\u00e9 dans les derni\u00e8res ann\u00e9es de sa vie. Dessins et textes r\u00e9v\u00e8lent une artiste envahie par le d\u00e9sespoir li\u00e9 \u00e0 son \u00e9poque, mais qui s&rsquo;\u00e9vade au fil des histoires qu&rsquo;elle s&rsquo;invente et des \u00e9motions qu&rsquo;elle ressent. Tout comme l&rsquo;\u0153uvre de Charlotte Salomon m\u00eale r\u00e9alit\u00e9 et r\u00eave, Foenkinos s&rsquo;autorise \u00e0 risquer la fiction. Il l&rsquo;\u00e9crit sans d\u00e9tour : parfois il n&rsquo;est pas s\u00fbr que telle ou telle chose soit r\u00e9ellement arriv\u00e9e de cette mani\u00e8re \u00e0 Charlotte. Alors il se laisse porter. Inspir\u00e9 et rempli des les recherches qu&rsquo;il a faites pendant des ann\u00e9es, et des lieux qu&rsquo;il est all\u00e9 d\u00e9couvrir. \u00c7a et l\u00e0 dans le roman, il nous rappelle cette obsession qui l&rsquo;habite depuis longtemps.<\/p>\n<p>Le style pourra d\u00e9concerter au premier abord, mais le lecteur se rend vite compte que cette forme est la seule possible pour un livre comme <em>Charlotte<\/em>. Phrase apr\u00e8s phrase, tr\u00e8s courtes, Foenkinos retourne \u00e0 la ligne. En effet, il faut bien respirer. Si certains passages se lisent extr\u00eamement vite, d&rsquo;autres n\u00e9cessitent de prendre davantage son temps. Ils sont lourds : la mort est omnipr\u00e9sente, et de la pire des fa\u00e7ons. Tout comme Charlotte a appris \u00e0 lire son pr\u00e9nom sur la tombe de sa tante, elle est, et se sent, depuis tr\u00e8s jeune, promise \u00e0 un destin funeste. La fatalit\u00e9 li\u00e9e \u00e0 sa famille se m\u00eale au nazisme pour ne lui laisser effectivement envisager que le pire. <strong>Toute son existence prendra alors la forme de la survie : la survie par l&rsquo;amour, la survie par l&rsquo;art.<\/strong><\/p>\n<p>En refermant <em>Charlotte<\/em>, on se sent tr\u00e8s bizarre. On a beau conna\u00eetre la fin : elle n&rsquo;en est que plus violente. Cette transcription du caract\u00e8re pur et doux de Charlotte, \u00e0 la lumi\u00e8re de tout ce qu&rsquo;elle a v\u00e9cu, flotte abstraitement dans nos pens\u00e9es des heures apr\u00e8s. Comme <strong>une all\u00e9gorie<\/strong> de l&rsquo;amour que l&rsquo;on peut malgr\u00e9 tout, inconditionnellement, nourrir envers la vie. David Foenkinos en fait une h\u00e9ro\u00efne, \u00e0 l&rsquo;image de l&rsquo;importance qu&rsquo;elle a pour lui. La d\u00e9marche est sinc\u00e8re. Il est impossible de ne pas \u00eatre touch\u00e9.<\/p>\n<p><a href=\"http:\/\/smallthings.fr\/2014\/10\/17\/charlotte-david-foenkinos-roman-avis\/france-culture-literature-foenkinos\/\" rel=\"attachment wp-att-17561\"><img loading=\"lazy\" decoding=\"async\" class=\"aligncenter  wp-image-17561\" src=\"http:\/\/smallthings.fr\/wp-content\/uploads\/2014\/10\/David-Foenkinos.jpg\" alt=\"FRANCE-CULTURE-LITERATURE-FOENKINOS\" width=\"424\" height=\"283\" \/><\/a><\/p>\n<blockquote><p>\u00ab\u00a0Fallait-il aller au bout du supportable ?<\/p>\n<p>Pour enfin consid\u00e9rer l&rsquo;art comme seule possibilit\u00e9 de vie.<\/p>\n<p>[&#8230;] Une r\u00e9v\u00e9lation est la compr\u00e9hension de ce que l&rsquo;on sait d\u00e9j\u00e0.<\/p>\n<p>C&rsquo;est le chemin qu&#8217;emprunte chaque artiste.<\/p>\n<p>Ce tunnel impr\u00e9cis d&rsquo;heures ou d&rsquo;ann\u00e9es.<\/p>\n<p>Qui m\u00e8ne au moment o\u00f9 l&rsquo;on peut enfin dire : c&rsquo;est maintenant.\u00a0\u00bb<\/p><\/blockquote>\n<p>Paru chez <a href=\"http:\/\/www.gallimard.fr\/Catalogue\/GALLIMARD\/Blanche\/Charlotte\" target=\"_blank\">Gallimard<\/a> pour la rentr\u00e9e litt\u00e9raire, <em>Charlotte<\/em> vient de recevoir le Prix Renaudot 2014.<\/p>\n","protected":false},"excerpt":{"rendered":"<p>Charlotte, pour moi, c&rsquo;est LE livre de la rentr\u00e9e litt\u00e9raire. Si je n&rsquo;attendais Foenkinos, ni sur la rentr\u00e9e, ni sur ce cr\u00e9neau, je dois dire que j&rsquo;ai \u00e9t\u00e9 bluff\u00e9e. Charlotte, c&rsquo;est aussi son livre \u00e0 lui : \u00ab\u00a0c&rsquo;est toute [s]a vie\u00a0\u00bb, confesse-t-il. Tous les \u00e9crivains ont un livre \u00ab\u00a0fant\u00f4me\u00a0\u00bb, celui qu&rsquo;ils ont tant de fois<\/p>\n","protected":false},"author":2,"featured_media":17560,"comment_status":"open","ping_status":"open","sticky":false,"template":"","format":"standard","meta":{"jetpack_post_was_ever_published":false,"_jetpack_newsletter_access":"","_jetpack_newsletter_tier_id":0,"footnotes":"","jetpack_publicize_message":"","jetpack_is_tweetstorm":false,"jetpack_publicize_feature_enabled":true,"jetpack_social_post_already_shared":false,"jetpack_social_options":{"image_generator_settings":{"template":"highway","enabled":false}}},"categories":[1117],"tags":[713,530,32],"jetpack_publicize_connections":[],"yoast_head":"<!-- This site is optimized with the Yoast SEO plugin v21.5 - https:\/\/yoast.com\/wordpress\/plugins\/seo\/ -->\n<title>Charlotte : la claque de David Foenkinos<\/title>\n<meta name=\"description\" content=\"Charlotte, pour moi, c&#039;est LE livre de la rentr\u00e9e litt\u00e9raire. Si je n&#039;attendais Foenkinos, ni sur la rentr\u00e9e, ni sur ce cr\u00e9neau, je dois dire que l&#039;exp\u00e9rien\" \/>\n<meta name=\"robots\" content=\"index, follow, max-snippet:-1, max-image-preview:large, max-video-preview:-1\" \/>\n<link rel=\"canonical\" href=\"http:\/\/smallthings.fr\/lespetitslivres\/2014\/10\/17\/charlotte-david-foenkinos-renaudot\/\" \/>\n<meta property=\"og:locale\" content=\"fr_FR\" \/>\n<meta property=\"og:type\" content=\"article\" \/>\n<meta property=\"og:title\" content=\"Charlotte : la claque de David Foenkinos\" \/>\n<meta property=\"og:description\" content=\"Charlotte, pour moi, c&#039;est LE livre de la rentr\u00e9e litt\u00e9raire. Si je n&#039;attendais Foenkinos, ni sur la rentr\u00e9e, ni sur ce cr\u00e9neau, je dois dire que l&#039;exp\u00e9rien\" \/>\n<meta property=\"og:url\" content=\"http:\/\/smallthings.fr\/lespetitslivres\/2014\/10\/17\/charlotte-david-foenkinos-renaudot\/\" \/>\n<meta property=\"og:site_name\" content=\"Les Petits Livres\" \/>\n<meta property=\"article:published_time\" content=\"2014-10-17T13:19:09+00:00\" \/>\n<meta property=\"article:modified_time\" content=\"2015-11-02T12:27:39+00:00\" \/>\n<meta name=\"author\" content=\"Claire\" \/>\n<meta name=\"twitter:card\" content=\"summary_large_image\" \/>\n<meta name=\"twitter:label1\" content=\"\u00c9crit par\" \/>\n\t<meta name=\"twitter:data1\" content=\"Claire\" \/>\n\t<meta name=\"twitter:label2\" content=\"Dur\u00e9e de lecture estim\u00e9e\" \/>\n\t<meta name=\"twitter:data2\" content=\"3 minutes\" \/>\n<script type=\"application\/ld+json\" class=\"yoast-schema-graph\">{\"@context\":\"https:\/\/schema.org\",\"@graph\":[{\"@type\":\"WebPage\",\"@id\":\"http:\/\/smallthings.fr\/lespetitslivres\/2014\/10\/17\/charlotte-david-foenkinos-renaudot\/\",\"url\":\"http:\/\/smallthings.fr\/lespetitslivres\/2014\/10\/17\/charlotte-david-foenkinos-renaudot\/\",\"name\":\"Charlotte : la claque de David Foenkinos\",\"isPartOf\":{\"@id\":\"https:\/\/smallthings.fr\/lespetitslivres\/#website\"},\"datePublished\":\"2014-10-17T13:19:09+00:00\",\"dateModified\":\"2015-11-02T12:27:39+00:00\",\"author\":{\"@id\":\"https:\/\/smallthings.fr\/lespetitslivres\/#\/schema\/person\/504d603cacfe064fe039dfa03a8b7918\"},\"description\":\"Charlotte, pour moi, c'est LE livre de la rentr\u00e9e litt\u00e9raire. Si je n'attendais Foenkinos, ni sur la rentr\u00e9e, ni sur ce cr\u00e9neau, je dois dire que l'exp\u00e9rien\",\"breadcrumb\":{\"@id\":\"http:\/\/smallthings.fr\/lespetitslivres\/2014\/10\/17\/charlotte-david-foenkinos-renaudot\/#breadcrumb\"},\"inLanguage\":\"fr-FR\",\"potentialAction\":[{\"@type\":\"ReadAction\",\"target\":[\"http:\/\/smallthings.fr\/lespetitslivres\/2014\/10\/17\/charlotte-david-foenkinos-renaudot\/\"]}]},{\"@type\":\"BreadcrumbList\",\"@id\":\"http:\/\/smallthings.fr\/lespetitslivres\/2014\/10\/17\/charlotte-david-foenkinos-renaudot\/#breadcrumb\",\"itemListElement\":[{\"@type\":\"ListItem\",\"position\":1,\"name\":\"Accueil\",\"item\":\"https:\/\/smallthings.fr\/lespetitslivres\/\"},{\"@type\":\"ListItem\",\"position\":2,\"name\":\"Charlotte : la claque de David Foenkinos &#8211; Prix Renaudot 2014\"}]},{\"@type\":\"WebSite\",\"@id\":\"https:\/\/smallthings.fr\/lespetitslivres\/#website\",\"url\":\"https:\/\/smallthings.fr\/lespetitslivres\/\",\"name\":\"Les Petits Livres\",\"description\":\"by Small Things\",\"potentialAction\":[{\"@type\":\"SearchAction\",\"target\":{\"@type\":\"EntryPoint\",\"urlTemplate\":\"https:\/\/smallthings.fr\/lespetitslivres\/?s={search_term_string}\"},\"query-input\":\"required name=search_term_string\"}],\"inLanguage\":\"fr-FR\"},{\"@type\":\"Person\",\"@id\":\"https:\/\/smallthings.fr\/lespetitslivres\/#\/schema\/person\/504d603cacfe064fe039dfa03a8b7918\",\"name\":\"Claire\",\"image\":{\"@type\":\"ImageObject\",\"inLanguage\":\"fr-FR\",\"@id\":\"https:\/\/smallthings.fr\/lespetitslivres\/#\/schema\/person\/image\/\",\"url\":\"https:\/\/secure.gravatar.com\/avatar\/9a85ff83d76b3eb17b8cae208640786e?s=96&d=retro&r=g\",\"contentUrl\":\"https:\/\/secure.gravatar.com\/avatar\/9a85ff83d76b3eb17b8cae208640786e?s=96&d=retro&r=g\",\"caption\":\"Claire\"},\"url\":\"https:\/\/smallthings.fr\/lespetitslivres\/author\/claire\/\"}]}<\/script>\n<!-- \/ Yoast SEO plugin. -->","yoast_head_json":{"title":"Charlotte : la claque de David Foenkinos","description":"Charlotte, pour moi, c'est LE livre de la rentr\u00e9e litt\u00e9raire. Si je n'attendais Foenkinos, ni sur la rentr\u00e9e, ni sur ce cr\u00e9neau, je dois dire que l'exp\u00e9rien","robots":{"index":"index","follow":"follow","max-snippet":"max-snippet:-1","max-image-preview":"max-image-preview:large","max-video-preview":"max-video-preview:-1"},"canonical":"http:\/\/smallthings.fr\/lespetitslivres\/2014\/10\/17\/charlotte-david-foenkinos-renaudot\/","og_locale":"fr_FR","og_type":"article","og_title":"Charlotte : la claque de David Foenkinos","og_description":"Charlotte, pour moi, c'est LE livre de la rentr\u00e9e litt\u00e9raire. Si je n'attendais Foenkinos, ni sur la rentr\u00e9e, ni sur ce cr\u00e9neau, je dois dire que l'exp\u00e9rien","og_url":"http:\/\/smallthings.fr\/lespetitslivres\/2014\/10\/17\/charlotte-david-foenkinos-renaudot\/","og_site_name":"Les Petits Livres","article_published_time":"2014-10-17T13:19:09+00:00","article_modified_time":"2015-11-02T12:27:39+00:00","author":"Claire","twitter_card":"summary_large_image","twitter_misc":{"\u00c9crit par":"Claire","Dur\u00e9e de lecture estim\u00e9e":"3 minutes"},"schema":{"@context":"https:\/\/schema.org","@graph":[{"@type":"WebPage","@id":"http:\/\/smallthings.fr\/lespetitslivres\/2014\/10\/17\/charlotte-david-foenkinos-renaudot\/","url":"http:\/\/smallthings.fr\/lespetitslivres\/2014\/10\/17\/charlotte-david-foenkinos-renaudot\/","name":"Charlotte : la claque de David Foenkinos","isPartOf":{"@id":"https:\/\/smallthings.fr\/lespetitslivres\/#website"},"datePublished":"2014-10-17T13:19:09+00:00","dateModified":"2015-11-02T12:27:39+00:00","author":{"@id":"https:\/\/smallthings.fr\/lespetitslivres\/#\/schema\/person\/504d603cacfe064fe039dfa03a8b7918"},"description":"Charlotte, pour moi, c'est LE livre de la rentr\u00e9e litt\u00e9raire. Si je n'attendais Foenkinos, ni sur la rentr\u00e9e, ni sur ce cr\u00e9neau, je dois dire que l'exp\u00e9rien","breadcrumb":{"@id":"http:\/\/smallthings.fr\/lespetitslivres\/2014\/10\/17\/charlotte-david-foenkinos-renaudot\/#breadcrumb"},"inLanguage":"fr-FR","potentialAction":[{"@type":"ReadAction","target":["http:\/\/smallthings.fr\/lespetitslivres\/2014\/10\/17\/charlotte-david-foenkinos-renaudot\/"]}]},{"@type":"BreadcrumbList","@id":"http:\/\/smallthings.fr\/lespetitslivres\/2014\/10\/17\/charlotte-david-foenkinos-renaudot\/#breadcrumb","itemListElement":[{"@type":"ListItem","position":1,"name":"Accueil","item":"https:\/\/smallthings.fr\/lespetitslivres\/"},{"@type":"ListItem","position":2,"name":"Charlotte : la claque de David Foenkinos &#8211; Prix Renaudot 2014"}]},{"@type":"WebSite","@id":"https:\/\/smallthings.fr\/lespetitslivres\/#website","url":"https:\/\/smallthings.fr\/lespetitslivres\/","name":"Les Petits Livres","description":"by Small Things","potentialAction":[{"@type":"SearchAction","target":{"@type":"EntryPoint","urlTemplate":"https:\/\/smallthings.fr\/lespetitslivres\/?s={search_term_string}"},"query-input":"required name=search_term_string"}],"inLanguage":"fr-FR"},{"@type":"Person","@id":"https:\/\/smallthings.fr\/lespetitslivres\/#\/schema\/person\/504d603cacfe064fe039dfa03a8b7918","name":"Claire","image":{"@type":"ImageObject","inLanguage":"fr-FR","@id":"https:\/\/smallthings.fr\/lespetitslivres\/#\/schema\/person\/image\/","url":"https:\/\/secure.gravatar.com\/avatar\/9a85ff83d76b3eb17b8cae208640786e?s=96&d=retro&r=g","contentUrl":"https:\/\/secure.gravatar.com\/avatar\/9a85ff83d76b3eb17b8cae208640786e?s=96&d=retro&r=g","caption":"Claire"},"url":"https:\/\/smallthings.fr\/lespetitslivres\/author\/claire\/"}]}},"jetpack_featured_media_url":"","jetpack_sharing_enabled":true,"jetpack_shortlink":"https:\/\/wp.me\/p6Un21-4zc","jetpack-related-posts":[{"id":12380,"url":"https:\/\/smallthings.fr\/lespetitslivres\/2014\/03\/24\/david-foenkinos-rencontre-salon-livre\/","url_meta":{"origin":17558,"position":0},"title":"David Foenkinos rencontre ses lecteurs au Salon du Livre","author":"Claire","date":"24 mars 2014","format":false,"excerpt":"SmallThings \u00e9tait \u00e0 la rencontre de David Foenkinos avec ses lecteurs dimanche au Salon du Livre de Paris. 1h d'\u00e9change, d'anecdotes et d'analyse de son dernier roman La t\u00eate de l'emploi. La gen\u00e8se du roman David Foenkinos, entour\u00e9 de deux \u00e9ditrices des \u00e9ditions J\u2019ai Lu, nous donne quelques pr\u00e9cisions sur\u2026","rel":"","context":"Dans &quot;Actu&quot;","block_context":{"text":"Actu","link":"https:\/\/smallthings.fr\/lespetitslivres\/category\/actu\/"},"img":{"alt_text":"foenkinos-rencontre","src":"https:\/\/i0.wp.com\/smallthings.fr\/wp-content\/uploads\/2014\/03\/foenkinos-rencontre.jpg?resize=350%2C200","width":350,"height":200},"classes":[]},{"id":11900,"url":"https:\/\/smallthings.fr\/lespetitslivres\/2014\/03\/10\/david-foenkinos-la-tete-de-lemploi\/","url_meta":{"origin":17558,"position":1},"title":"David Foenkinos &#8211; La t\u00eate de l&#8217;emploi","author":"Claire","date":"10 mars 2014","format":false,"excerpt":"On ne pr\u00e9sente plus David Foenkinos : de La d\u00e9licatesse (adapt\u00e9 au cin\u00e9ma en 2011 avec Audrey Tautou) aux Souvenirs, en passant par Je vais mieux... il est laur\u00e9at de plusieurs prix litt\u00e9raires et ses romans remportent de plus en plus de succ\u00e8s aupr\u00e8s du public. C'est \u00e0 parier que\u2026","rel":"","context":"Dans &quot;Roman fran\u00e7ais&quot;","block_context":{"text":"Roman fran\u00e7ais","link":"https:\/\/smallthings.fr\/lespetitslivres\/category\/roman\/roman-francais\/"},"img":{"alt_text":"","src":"https:\/\/i0.wp.com\/smallthings.fr\/wp-content\/uploads\/2014\/03\/foenkinos-tete-de-lemploi.gif?resize=350%2C200","width":350,"height":200},"classes":[]},{"id":8666,"url":"https:\/\/smallthings.fr\/lespetitslivres\/2013\/10\/15\/matinale-litterature-courte\/","url_meta":{"origin":17558,"position":2},"title":"La matinale de la litt\u00e9rature courte","author":"Claire","date":"15 octobre 2013","format":false,"excerpt":"Ce matin a lieu la deuxi\u00e8me \u00e9dition de la Matinale de la litt\u00e9rature courte \u00e0 Paris, organis\u00e9e par Short \u00e9dition. Concours de cr\u00e9ation en live","rel":"","context":"Dans &quot;Num\u00e9rique et audio&quot;","block_context":{"text":"Num\u00e9rique et audio","link":"https:\/\/smallthings.fr\/lespetitslivres\/category\/numerique-audio\/"},"img":{"alt_text":"","src":"https:\/\/i0.wp.com\/uploads.smallthings.fr\/2013\/10\/Sh\u00c3\u00a9ma-Short-Edition-392x1024.jpg?resize=350%2C200","width":350,"height":200},"classes":[]},{"id":31762,"url":"https:\/\/smallthings.fr\/lespetitslivres\/2018\/08\/23\/vie-de-pierres-chaudes-aurelie-razimbaud\/","url_meta":{"origin":17558,"position":3},"title":"Une vie de pierres chaudes, le premier roman d&rsquo;Aur\u00e9lie Razimbaud","author":"Claire","date":"23 ao\u00fbt 2018","format":false,"excerpt":"Aur\u00e9lie Razimbaud publie son premier roman chez Albin Michel pour cette Rentr\u00e9e litt\u00e9raire, Une vie de pierres chaudes. C'est dans le contexte de la guerre d'Alg\u00e9rie qu'elle plonge ses personnages. Un moyen pour elle de dire cette \u00e9poque que son grand-p\u00e8re n'a jamais pu lui raconter... En Alg\u00e9rie, dans les\u2026","rel":"","context":"Dans &quot;Roman fran\u00e7ais&quot;","block_context":{"text":"Roman fran\u00e7ais","link":"https:\/\/smallthings.fr\/lespetitslivres\/category\/roman\/roman-francais\/"},"img":{"alt_text":"","src":"https:\/\/i0.wp.com\/smallthings.fr\/lespetitslivres\/wp-content\/uploads\/2018\/08\/aurelie-razimbaud.jpg?resize=350%2C200&ssl=1","width":350,"height":200,"srcset":"https:\/\/i0.wp.com\/smallthings.fr\/lespetitslivres\/wp-content\/uploads\/2018\/08\/aurelie-razimbaud.jpg?resize=350%2C200&ssl=1 1x, https:\/\/i0.wp.com\/smallthings.fr\/lespetitslivres\/wp-content\/uploads\/2018\/08\/aurelie-razimbaud.jpg?resize=525%2C300&ssl=1 1.5x, https:\/\/i0.wp.com\/smallthings.fr\/lespetitslivres\/wp-content\/uploads\/2018\/08\/aurelie-razimbaud.jpg?resize=700%2C400&ssl=1 2x, https:\/\/i0.wp.com\/smallthings.fr\/lespetitslivres\/wp-content\/uploads\/2018\/08\/aurelie-razimbaud.jpg?resize=1050%2C600&ssl=1 3x"},"classes":[]},{"id":30350,"url":"https:\/\/smallthings.fr\/lespetitslivres\/2016\/09\/28\/a-la-fin-le-silence-tardieu\/","url_meta":{"origin":17558,"position":4},"title":"A la fin le silence : la mort puis la vie, de Laurence Tardieu","author":"Claire","date":"28 septembre 2016","format":false,"excerpt":"A la fin le silence est le roman que nous propose Laurence Tardieu pour cette rentr\u00e9e litt\u00e9raire aux \u00e9ditions du Seuil. Apr\u00e8s Le jugement de L\u00e9a, Puisque rien ne dure et Une vie \u00e0 soi, A la fin le silence s'apparente plus \u00e0 un essai litt\u00e9raire qu'\u00e0 une fiction. S'il\u2026","rel":"","context":"Dans &quot;Rentr\u00e9e litt\u00e9raire&quot;","block_context":{"text":"Rentr\u00e9e litt\u00e9raire","link":"https:\/\/smallthings.fr\/lespetitslivres\/category\/rentree-litteraire\/"},"img":{"alt_text":"","src":"https:\/\/i0.wp.com\/smallthings.fr\/lespetitslivres\/wp-content\/uploads\/2016\/09\/laurence-tardieu.jpg?resize=350%2C200&ssl=1","width":350,"height":200,"srcset":"https:\/\/i0.wp.com\/smallthings.fr\/lespetitslivres\/wp-content\/uploads\/2016\/09\/laurence-tardieu.jpg?resize=350%2C200&ssl=1 1x, https:\/\/i0.wp.com\/smallthings.fr\/lespetitslivres\/wp-content\/uploads\/2016\/09\/laurence-tardieu.jpg?resize=525%2C300&ssl=1 1.5x"},"classes":[]},{"id":28263,"url":"https:\/\/smallthings.fr\/lespetitslivres\/2015\/10\/14\/charlotte-rampling-qui-je-suis-critique\/","url_meta":{"origin":17558,"position":5},"title":"Charlotte Rampling : conversation intime dans Qui je suis","author":"June","date":"14 octobre 2015","format":false,"excerpt":"De confidence en confidence, dans Qui je suis, Charlotte Rampling se d\u00e9voile avec une simplicit\u00e9 touchante. Tout au long de l\u2019ouvrage paru chez Grasset le 30 septembre, elle m\u00e8ne avec Christophe Bataille une conversation po\u00e9tique qui confine \u00e0 l\u2019intime o\u00f9, tour \u00e0 tour, elle se livre et se cache. Un\u2026","rel":"","context":"Dans &quot;(Auto) Biographie&quot;","block_context":{"text":"(Auto) Biographie","link":"https:\/\/smallthings.fr\/lespetitslivres\/category\/non-fiction\/auto-biographie\/"},"img":{"alt_text":"","src":"https:\/\/i0.wp.com\/smallthings.fr\/lespetitslivres\/wp-content\/uploads\/2015\/10\/rampling-couv.jpg?resize=350%2C200&ssl=1","width":350,"height":200,"srcset":"https:\/\/i0.wp.com\/smallthings.fr\/lespetitslivres\/wp-content\/uploads\/2015\/10\/rampling-couv.jpg?resize=350%2C200&ssl=1 1x, https:\/\/i0.wp.com\/smallthings.fr\/lespetitslivres\/wp-content\/uploads\/2015\/10\/rampling-couv.jpg?resize=525%2C300&ssl=1 1.5x, https:\/\/i0.wp.com\/smallthings.fr\/lespetitslivres\/wp-content\/uploads\/2015\/10\/rampling-couv.jpg?resize=700%2C400&ssl=1 2x"},"classes":[]}],"_links":{"self":[{"href":"https:\/\/smallthings.fr\/lespetitslivres\/wp-json\/wp\/v2\/posts\/17558"}],"collection":[{"href":"https:\/\/smallthings.fr\/lespetitslivres\/wp-json\/wp\/v2\/posts"}],"about":[{"href":"https:\/\/smallthings.fr\/lespetitslivres\/wp-json\/wp\/v2\/types\/post"}],"author":[{"embeddable":true,"href":"https:\/\/smallthings.fr\/lespetitslivres\/wp-json\/wp\/v2\/users\/2"}],"replies":[{"embeddable":true,"href":"https:\/\/smallthings.fr\/lespetitslivres\/wp-json\/wp\/v2\/comments?post=17558"}],"version-history":[{"count":1,"href":"https:\/\/smallthings.fr\/lespetitslivres\/wp-json\/wp\/v2\/posts\/17558\/revisions"}],"predecessor-version":[{"id":28843,"href":"https:\/\/smallthings.fr\/lespetitslivres\/wp-json\/wp\/v2\/posts\/17558\/revisions\/28843"}],"wp:featuredmedia":[{"embeddable":true,"href":"https:\/\/smallthings.fr\/lespetitslivres\/wp-json\/"}],"wp:attachment":[{"href":"https:\/\/smallthings.fr\/lespetitslivres\/wp-json\/wp\/v2\/media?parent=17558"}],"wp:term":[{"taxonomy":"category","embeddable":true,"href":"https:\/\/smallthings.fr\/lespetitslivres\/wp-json\/wp\/v2\/categories?post=17558"},{"taxonomy":"post_tag","embeddable":true,"href":"https:\/\/smallthings.fr\/lespetitslivres\/wp-json\/wp\/v2\/tags?post=17558"}],"curies":[{"name":"wp","href":"https:\/\/api.w.org\/{rel}","templated":true}]}}