{"id":17223,"date":"2014-10-06T15:14:37","date_gmt":"2014-10-06T14:14:37","guid":{"rendered":"http:\/\/smallthings.fr\/?p=17223"},"modified":"2015-11-02T13:28:02","modified_gmt":"2015-11-02T12:28:02","slug":"regne-du-vivant-alice-ferney-avis","status":"publish","type":"post","link":"https:\/\/smallthings.fr\/lespetitslivres\/2014\/10\/06\/regne-du-vivant-alice-ferney-avis\/","title":{"rendered":"\u00ab\u00a0Le r\u00e8gne du vivant\u00a0\u00bb, le plaidoyer d&rsquo;Alice Ferney"},"content":{"rendered":"<h2><em>Le r\u00e8gne du vivant<\/em>, c&rsquo;est le roman de la rentr\u00e9e d&rsquo;Alice Ferney publi\u00e9 chez <a href=\"http:\/\/www.actes-sud.fr\/catalogue\/litterature\/le-regne-du-vivant\" target=\"_blank\">Actes Sud<\/a>. Une voix \u00e9cologiste et d&rsquo;amoureuse combattive de la nature : un cr\u00e9neau sur lequel on ne l&rsquo;attendait pas forc\u00e9ment. Alice Ferney surprend et s\u00e9duit : notre chroniqueuse C\u00e9cile est tomb\u00e9e sous le charme.<\/h2>\n<p>Qui pourrait bien menacer les baleines qui r\u00e8gnent en seigneurs et ma\u00eetres sur les oc\u00e9ans, les parcourant sous toutes leurs latitudes, de l\u2019Arctique aux mers du Sud, de l\u2019Antarctique \u00e0 l\u2019Alaska\u00a0? Et ternir la beaut\u00e9 de ce royaume en les y chassant sans rel\u00e2che\u00a0? C\u2019est l\u2019homme, leur seul pr\u00e9dateur, qui gr\u00e8ve sans vergogne les ressources des oc\u00e9ans, aiguill\u00e9 par l\u2019app\u00e2t du gain. C\u2019est de lui que vient le pillage marin et par lui seul qu\u2019il peut cesser.<\/p>\n<p><strong><a href=\"http:\/\/smallthings.fr\/2014\/10\/06\/regne-du-vivant-alice-ferney-avis\/ferney-regne-vivant\/\" rel=\"attachment wp-att-17230\"><img loading=\"lazy\" decoding=\"async\" class=\"alignright  wp-image-17230\" src=\"http:\/\/smallthings.fr\/wp-content\/uploads\/2014\/10\/ferney-r\u00e8gne-vivant.jpg\" alt=\"ferney-r\u00e8gne-vivant\" width=\"299\" height=\"564\" \/><\/a>V\u00e9ritable coup de poing \u00e9cologiste, le roman d\u2019Alice Ferney<\/strong> largement inspir\u00e9 de l\u2019association <em>Sea Sepherd<\/em> et de son leader, Paul Watson, <strong>nous rappelle notre responsabilit\u00e9 dans la sauvegarde des oc\u00e9ans<\/strong>, dans leur immensit\u00e9 et leur vuln\u00e9rabilit\u00e9. Il laisse groggy face aux images qu\u2019il convoque, alternant l\u2019horreur de la p\u00eache \u00e0 outrance et la beaut\u00e9 fugitive et silencieuse des habitants des mers. Et prouve encore une fois l\u2019\u00e9clatante puissance de l\u2019\u00e9criture au service d\u2019une cause.<\/p>\n<p>Car, tout autant qu\u2019un roman, <strong>c\u2019est un manifeste en faveur de la protection des esp\u00e8ces animales marines, que nous livre Alice Ferney<\/strong>. En premier lieu les baleines, face \u00e0 la barbarie humaine. Le narrateur, G\u00e9rald Asmussen, journaliste norv\u00e9gien, s\u2019embarque pour une campagne contre la p\u00eache \u00e0 outrance sur l\u2019<em>Arrowhead<\/em>, le navire principal de Ga\u00efa, dirig\u00e9 par Magnus Wallace. Ga\u00efa est une association de protection des esp\u00e8ces marines qui a choisi l\u2019action plut\u00f4t que la passivit\u00e9, le rem\u00e8de plut\u00f4t que la pr\u00e9vention souvent inutile, en opposition claire \u00e0 No\u00e9, une association \u00e9cologique internationale bien pensante, qui ne fait que du lobbying et de la sensibilisation, sans action directe contre les transgressions des lois maritimes internationales. Magnus (\u00ab\u00a0grand\u00a0\u00bb en latin) Wallace, ancien membre de No\u00e9, en a fait s\u00e9cession pour devenir le fondateur et le leader de Ga\u00efa, et prend personnellement la mer \u00e0 chaque campagne de Ga\u00efa.<\/p>\n<p>Au fil des jours pass\u00e9s \u00e0 filmer et \u00e0 photographier la campagne, le journaliste fait connaissance avec les membres de l\u2019\u00e9quipage, d\u00e9couvre leurs convictions sans faille (jusqu\u2019aux menus \u00e0 bord qui sont strictement v\u00e9gan), leur peu de moyens face aux baleiniers sur\u00e9quip\u00e9s, et surtout l\u2019horreur et la b\u00eatise des massacres perp\u00e9tr\u00e9s, depuis les requins \u00e0 qui l\u2019on arrache les ailerons pour les rejeter ensuite \u00e0 la mer, o\u00f9 ils agonisent durant des heures, incapables de nager et de respirer, \u00e9chou\u00e9s sur le fond, jusqu\u2019aux baleines de Minke, \u00e0 la chair d\u00e9chiquet\u00e9e par le harpon profond\u00e9ment torpill\u00e9 dans leur dos, en passant par la mort d\u2019une tortue-luth prise dans une palangre.<\/p>\n<p>D\u2019abord sceptique puis fascin\u00e9, et tr\u00e8s vite convaincu, le narrateur assiste aux conf\u00e9rences, aux lev\u00e9es de fonds, aux combats juridiques de Ga\u00efa, et reprend finalement la mer avec Wallace, entra\u00een\u00e9 dans <strong>cette lutte sans mesure contre la b\u00eatise humaine et l\u2019app\u00e2t du gain au d\u00e9triment de notre \u00e9cosyst\u00e8me<\/strong>.<\/p>\n<p>D\u00e9j\u00e0 supporter fervent de <em>Sea Sepherd<\/em>, je n\u2019ai pu que reconna\u00eetre la parent\u00e9 du personnage d\u2019Alice Ferney, et plonger \u00e0 corps perdu dans son r\u00e9cit multi-facettes au style d\u2019une rare \u00e9l\u00e9gance tout \u00e0 la fois \u00e9pique, poignant et virtuose. Sobre et efficace, le livre d&rsquo;Alice Ferney touche juste, dans un \u00e9quilibre parfait entre engagement et objectivit\u00e9, d\u00e9termination et lucidit\u00e9, et entre r\u00e9cit factuel des campagnes et panoramas po\u00e9tiques de l\u2019univers marin.<\/p>\n<p>On y rencontre bien s\u00fbr le ton passionn\u00e9 de Wallace, sa d\u00e9termination \u00e0 sauvegarder la plan\u00e8te, mais aussi le ton \u00e9bahi du novice, perceptible dans la voix du journaliste, face \u00e0 l\u2019ampleur de ce qu\u2019il d\u00e9couvre, et qui se transforme bient\u00f4t en celui du disciple aguerri, les voix des v\u00e9t\u00e9rans de Ga\u00efa, d\u00e9sillusionn\u00e9es, indign\u00e9es, et toujours r\u00e9solues, ainsi que les discours faux des bien-pensants et la langue de bois des gouvernements. Tout cela sur l\u2019arri\u00e8re-plan du quotidien en mer ou sur terre des militants de Ga\u00efa, serti de descriptions presque surr\u00e9alistes de la grandeur des oc\u00e9ans et de la magnificence des baleines.<\/p>\n<blockquote><p><em>\u00ab\u00a0L\u2019imm\u00e9moriale fascination s\u2019\u00e9crivait sur les visages. Et l\u2019ancienne peur avait disparu. La majest\u00e9 de la b\u00eate en voltige s\u2019imposait. Le mastodonte, aussi grand qu\u2019une maison, capable d\u2019avaler et de loger un homme, ranimait sa grandeur biblique. Dans la transparence de l\u2019air, le g\u00e9ant s\u2019\u00e9levait en vrillant, dress\u00e9 pour quelques secondes avant de retomber dans un fracas de bulles. L\u2019animal c\u00e9l\u00e9brait ses noces \u00e9ph\u00e9m\u00e8res et \u00e9cumeuses avec le ciel. Que voyait son \u0153il grand comme une assiette, brillant comme s\u2019il pleurait\u00a0?\u00a0\u00bb<\/em><\/p><\/blockquote>\n<div id=\"attachment_17229\" style=\"width: 382px\" class=\"wp-caption aligncenter\"><a href=\"http:\/\/smallthings.fr\/2014\/10\/06\/regne-du-vivant-alice-ferney-avis\/alice-ferney\/\" rel=\"attachment wp-att-17229\"><img loading=\"lazy\" decoding=\"async\" aria-describedby=\"caption-attachment-17229\" class=\" wp-image-17229\" src=\"http:\/\/smallthings.fr\/wp-content\/uploads\/2014\/10\/alice-ferney.jpg\" alt=\"Alice Ferney\" width=\"372\" height=\"242\" \/><\/a><p id=\"caption-attachment-17229\" class=\"wp-caption-text\">Alice Ferney<\/p><\/div>\n<p>Et par-del\u00e0 toutes ces voix, ces clameurs, ces chants de baleines, Alice Ferney pose en filigrane une question essentielle et terrible\u00a0: le jour o\u00f9 Wallace dispara\u00eetra, que se passera-t-il\u00a0? Quelqu\u2019un d\u2019autre prendra-t-il sa place, avec la m\u00eame passion, le m\u00eame magn\u00e9tisme pour rassembler les foules et les b\u00e9n\u00e9voles au nom du patrimoine \u00e9cologique mondial, ou l\u2019association sera-t-elle condamn\u00e9e au d\u00e9clin, et avec elle tous les oc\u00e9ans\u00a0? <strong>Faisant ainsi toucher du doigt au lecteur que la d\u00e9fense des mers est l\u2019affaire de tous<\/strong>, pas seulement celle des embarqu\u00e9s, mais aussi celle de tous ceux libres de refuser leur voix, leur argent \u00e0 l\u2019exploitation \u00e0 outrance de toutes les esp\u00e8ces marines p\u00each\u00e9es jusqu\u2019\u00e0 extinction pour le seul profit mon\u00e9taire. Que Magnus Wallace n\u2019est que le fer de lance d\u2019une cause universelle qui, en tant que tel, doit \u00eatre rempla\u00e7able par l\u2019un de nous. Puisque cette cause nous concerne tous, nous-m\u00eames et les g\u00e9n\u00e9rations \u00e0 venir, comme le rappelle Asmussen\u00a0: \u00ab\u00a0<em>l\u2019\u00e9thique pour la plan\u00e8te \u00e9tait interg\u00e9n\u00e9rationnelle, si nous n\u2019agissions pas maintenant, nos enfants n\u2019auraient plus rien \u00e0 sauver.<\/em>\u00a0\u00bb<\/p>\n","protected":false},"excerpt":{"rendered":"<p>Le r\u00e8gne du vivant, c&rsquo;est le roman de la rentr\u00e9e d&rsquo;Alice Ferney publi\u00e9 chez Actes Sud. Une voix \u00e9cologiste et d&rsquo;amoureuse combattive de la nature : un cr\u00e9neau sur lequel on ne l&rsquo;attendait pas forc\u00e9ment. Alice Ferney surprend et s\u00e9duit : notre chroniqueuse C\u00e9cile est tomb\u00e9e sous le charme. Qui pourrait bien menacer les baleines<\/p>\n","protected":false},"author":13,"featured_media":17226,"comment_status":"open","ping_status":"open","sticky":false,"template":"","format":"standard","meta":{"jetpack_post_was_ever_published":false,"_jetpack_newsletter_access":"","_jetpack_newsletter_tier_id":0,"footnotes":"","jetpack_publicize_message":"","jetpack_is_tweetstorm":false,"jetpack_publicize_feature_enabled":true,"jetpack_social_post_already_shared":false,"jetpack_social_options":{"image_generator_settings":{"template":"highway","enabled":false}}},"categories":[1117],"tags":[214,215,216,32],"jetpack_publicize_connections":[],"yoast_head":"<!-- This site is optimized with the Yoast SEO plugin v21.5 - https:\/\/yoast.com\/wordpress\/plugins\/seo\/ -->\n<title>&quot;Le r\u00e8gne du vivant&quot;, le plaidoyer d&#039;Alice Ferney<\/title>\n<meta name=\"description\" content=\"Le r\u00e8gne du vivant, c&#039;est le roman de la rentr\u00e9e d&#039;Alice Ferney publi\u00e9 chez Actes Sud. Une voix \u00e9cologiste et d&#039;amoureuse combattive de la nature : un\" \/>\n<meta name=\"robots\" content=\"index, follow, max-snippet:-1, max-image-preview:large, max-video-preview:-1\" \/>\n<link rel=\"canonical\" href=\"https:\/\/smallthings.fr\/lespetitslivres\/2014\/10\/06\/regne-du-vivant-alice-ferney-avis\/\" \/>\n<meta property=\"og:locale\" content=\"fr_FR\" \/>\n<meta property=\"og:type\" content=\"article\" \/>\n<meta property=\"og:title\" content=\"&quot;Le r\u00e8gne du vivant&quot;, le plaidoyer d&#039;Alice Ferney\" \/>\n<meta property=\"og:description\" content=\"Le r\u00e8gne du vivant, c&#039;est le roman de la rentr\u00e9e d&#039;Alice Ferney publi\u00e9 chez Actes Sud. Une voix \u00e9cologiste et d&#039;amoureuse combattive de la nature : un\" \/>\n<meta property=\"og:url\" content=\"https:\/\/smallthings.fr\/lespetitslivres\/2014\/10\/06\/regne-du-vivant-alice-ferney-avis\/\" \/>\n<meta property=\"og:site_name\" content=\"Les Petits Livres\" \/>\n<meta property=\"article:published_time\" content=\"2014-10-06T14:14:37+00:00\" \/>\n<meta property=\"article:modified_time\" content=\"2015-11-02T12:28:02+00:00\" \/>\n<meta name=\"author\" content=\"Cecile\" \/>\n<meta name=\"twitter:card\" content=\"summary_large_image\" \/>\n<meta name=\"twitter:label1\" content=\"\u00c9crit par\" \/>\n\t<meta name=\"twitter:data1\" content=\"Cecile\" \/>\n\t<meta name=\"twitter:label2\" content=\"Dur\u00e9e de lecture estim\u00e9e\" \/>\n\t<meta name=\"twitter:data2\" content=\"5 minutes\" \/>\n<script type=\"application\/ld+json\" class=\"yoast-schema-graph\">{\"@context\":\"https:\/\/schema.org\",\"@graph\":[{\"@type\":\"WebPage\",\"@id\":\"https:\/\/smallthings.fr\/lespetitslivres\/2014\/10\/06\/regne-du-vivant-alice-ferney-avis\/\",\"url\":\"https:\/\/smallthings.fr\/lespetitslivres\/2014\/10\/06\/regne-du-vivant-alice-ferney-avis\/\",\"name\":\"\\\"Le r\u00e8gne du vivant\\\", le plaidoyer d'Alice Ferney\",\"isPartOf\":{\"@id\":\"https:\/\/smallthings.fr\/lespetitslivres\/#website\"},\"datePublished\":\"2014-10-06T14:14:37+00:00\",\"dateModified\":\"2015-11-02T12:28:02+00:00\",\"author\":{\"@id\":\"https:\/\/smallthings.fr\/lespetitslivres\/#\/schema\/person\/7b3de8ef611f2b29f758a00cad7cafb2\"},\"description\":\"Le r\u00e8gne du vivant, c'est le roman de la rentr\u00e9e d'Alice Ferney publi\u00e9 chez Actes Sud. Une voix \u00e9cologiste et d'amoureuse combattive de la nature : un\",\"breadcrumb\":{\"@id\":\"https:\/\/smallthings.fr\/lespetitslivres\/2014\/10\/06\/regne-du-vivant-alice-ferney-avis\/#breadcrumb\"},\"inLanguage\":\"fr-FR\",\"potentialAction\":[{\"@type\":\"ReadAction\",\"target\":[\"https:\/\/smallthings.fr\/lespetitslivres\/2014\/10\/06\/regne-du-vivant-alice-ferney-avis\/\"]}]},{\"@type\":\"BreadcrumbList\",\"@id\":\"https:\/\/smallthings.fr\/lespetitslivres\/2014\/10\/06\/regne-du-vivant-alice-ferney-avis\/#breadcrumb\",\"itemListElement\":[{\"@type\":\"ListItem\",\"position\":1,\"name\":\"Accueil\",\"item\":\"https:\/\/smallthings.fr\/lespetitslivres\/\"},{\"@type\":\"ListItem\",\"position\":2,\"name\":\"\u00ab\u00a0Le r\u00e8gne du vivant\u00a0\u00bb, le plaidoyer d&rsquo;Alice Ferney\"}]},{\"@type\":\"WebSite\",\"@id\":\"https:\/\/smallthings.fr\/lespetitslivres\/#website\",\"url\":\"https:\/\/smallthings.fr\/lespetitslivres\/\",\"name\":\"Les Petits Livres\",\"description\":\"by Small Things\",\"potentialAction\":[{\"@type\":\"SearchAction\",\"target\":{\"@type\":\"EntryPoint\",\"urlTemplate\":\"https:\/\/smallthings.fr\/lespetitslivres\/?s={search_term_string}\"},\"query-input\":\"required name=search_term_string\"}],\"inLanguage\":\"fr-FR\"},{\"@type\":\"Person\",\"@id\":\"https:\/\/smallthings.fr\/lespetitslivres\/#\/schema\/person\/7b3de8ef611f2b29f758a00cad7cafb2\",\"name\":\"Cecile\",\"image\":{\"@type\":\"ImageObject\",\"inLanguage\":\"fr-FR\",\"@id\":\"https:\/\/smallthings.fr\/lespetitslivres\/#\/schema\/person\/image\/\",\"url\":\"https:\/\/secure.gravatar.com\/avatar\/a855fa1dbad38b06e97132a8a6579746?s=96&d=retro&r=g\",\"contentUrl\":\"https:\/\/secure.gravatar.com\/avatar\/a855fa1dbad38b06e97132a8a6579746?s=96&d=retro&r=g\",\"caption\":\"Cecile\"},\"url\":\"https:\/\/smallthings.fr\/lespetitslivres\/author\/cecile\/\"}]}<\/script>\n<!-- \/ Yoast SEO plugin. -->","yoast_head_json":{"title":"\"Le r\u00e8gne du vivant\", le plaidoyer d'Alice Ferney","description":"Le r\u00e8gne du vivant, c'est le roman de la rentr\u00e9e d'Alice Ferney publi\u00e9 chez Actes Sud. Une voix \u00e9cologiste et d'amoureuse combattive de la nature : un","robots":{"index":"index","follow":"follow","max-snippet":"max-snippet:-1","max-image-preview":"max-image-preview:large","max-video-preview":"max-video-preview:-1"},"canonical":"https:\/\/smallthings.fr\/lespetitslivres\/2014\/10\/06\/regne-du-vivant-alice-ferney-avis\/","og_locale":"fr_FR","og_type":"article","og_title":"\"Le r\u00e8gne du vivant\", le plaidoyer d'Alice Ferney","og_description":"Le r\u00e8gne du vivant, c'est le roman de la rentr\u00e9e d'Alice Ferney publi\u00e9 chez Actes Sud. Une voix \u00e9cologiste et d'amoureuse combattive de la nature : un","og_url":"https:\/\/smallthings.fr\/lespetitslivres\/2014\/10\/06\/regne-du-vivant-alice-ferney-avis\/","og_site_name":"Les Petits Livres","article_published_time":"2014-10-06T14:14:37+00:00","article_modified_time":"2015-11-02T12:28:02+00:00","author":"Cecile","twitter_card":"summary_large_image","twitter_misc":{"\u00c9crit par":"Cecile","Dur\u00e9e de lecture estim\u00e9e":"5 minutes"},"schema":{"@context":"https:\/\/schema.org","@graph":[{"@type":"WebPage","@id":"https:\/\/smallthings.fr\/lespetitslivres\/2014\/10\/06\/regne-du-vivant-alice-ferney-avis\/","url":"https:\/\/smallthings.fr\/lespetitslivres\/2014\/10\/06\/regne-du-vivant-alice-ferney-avis\/","name":"\"Le r\u00e8gne du vivant\", le plaidoyer d'Alice Ferney","isPartOf":{"@id":"https:\/\/smallthings.fr\/lespetitslivres\/#website"},"datePublished":"2014-10-06T14:14:37+00:00","dateModified":"2015-11-02T12:28:02+00:00","author":{"@id":"https:\/\/smallthings.fr\/lespetitslivres\/#\/schema\/person\/7b3de8ef611f2b29f758a00cad7cafb2"},"description":"Le r\u00e8gne du vivant, c'est le roman de la rentr\u00e9e d'Alice Ferney publi\u00e9 chez Actes Sud. Une voix \u00e9cologiste et d'amoureuse combattive de la nature : un","breadcrumb":{"@id":"https:\/\/smallthings.fr\/lespetitslivres\/2014\/10\/06\/regne-du-vivant-alice-ferney-avis\/#breadcrumb"},"inLanguage":"fr-FR","potentialAction":[{"@type":"ReadAction","target":["https:\/\/smallthings.fr\/lespetitslivres\/2014\/10\/06\/regne-du-vivant-alice-ferney-avis\/"]}]},{"@type":"BreadcrumbList","@id":"https:\/\/smallthings.fr\/lespetitslivres\/2014\/10\/06\/regne-du-vivant-alice-ferney-avis\/#breadcrumb","itemListElement":[{"@type":"ListItem","position":1,"name":"Accueil","item":"https:\/\/smallthings.fr\/lespetitslivres\/"},{"@type":"ListItem","position":2,"name":"\u00ab\u00a0Le r\u00e8gne du vivant\u00a0\u00bb, le plaidoyer d&rsquo;Alice Ferney"}]},{"@type":"WebSite","@id":"https:\/\/smallthings.fr\/lespetitslivres\/#website","url":"https:\/\/smallthings.fr\/lespetitslivres\/","name":"Les Petits Livres","description":"by Small Things","potentialAction":[{"@type":"SearchAction","target":{"@type":"EntryPoint","urlTemplate":"https:\/\/smallthings.fr\/lespetitslivres\/?s={search_term_string}"},"query-input":"required name=search_term_string"}],"inLanguage":"fr-FR"},{"@type":"Person","@id":"https:\/\/smallthings.fr\/lespetitslivres\/#\/schema\/person\/7b3de8ef611f2b29f758a00cad7cafb2","name":"Cecile","image":{"@type":"ImageObject","inLanguage":"fr-FR","@id":"https:\/\/smallthings.fr\/lespetitslivres\/#\/schema\/person\/image\/","url":"https:\/\/secure.gravatar.com\/avatar\/a855fa1dbad38b06e97132a8a6579746?s=96&d=retro&r=g","contentUrl":"https:\/\/secure.gravatar.com\/avatar\/a855fa1dbad38b06e97132a8a6579746?s=96&d=retro&r=g","caption":"Cecile"},"url":"https:\/\/smallthings.fr\/lespetitslivres\/author\/cecile\/"}]}},"jetpack_featured_media_url":"","jetpack_sharing_enabled":true,"jetpack_shortlink":"https:\/\/wp.me\/p6Un21-4tN","jetpack-related-posts":[{"id":16019,"url":"https:\/\/smallthings.fr\/lespetitslivres\/2014\/08\/25\/denis-michelis-chance-tu-as\/","url_meta":{"origin":17223,"position":0},"title":"Denis Michelis &#8211; La chance que tu as","author":"Claire","date":"25 ao\u00fbt 2014","format":false,"excerpt":"Denis Michelis publie chez Stock son premier roman pour la rentr\u00e9e litt\u00e9raire : La chance que tu as. Le journaliste choisit de parler de la souffrance sourde que tout un chacun dans cette soci\u00e9t\u00e9 peut ressentir parfois. Un roman tr\u00e8s efficace. Fra\u00eechement d\u00e9barqu\u00e9 de chez ses parents qui lui ont\u2026","rel":"","context":"Dans &quot;Roman fran\u00e7ais&quot;","block_context":{"text":"Roman fran\u00e7ais","link":"https:\/\/smallthings.fr\/lespetitslivres\/category\/roman\/roman-francais\/"},"img":{"alt_text":"Denis Michelis pr\u00c3\u00a9sente son roman \u00c3\u00a0 l'Institut du Monde Arabe en juin dernier.","src":"https:\/\/i0.wp.com\/smallthings.fr\/wp-content\/uploads\/2014\/08\/denis-michelis-chance-que.jpg?resize=350%2C200","width":350,"height":200},"classes":[]},{"id":29459,"url":"https:\/\/smallthings.fr\/lespetitslivres\/2016\/01\/30\/tourbieres-noires-bec-bd-avis\/","url_meta":{"origin":17223,"position":1},"title":"Les Tourbi\u00e8res Noires : plong\u00e9e terrifiante au c\u0153ur de l&rsquo;Aubrac","author":"Paulo","date":"30 janvier 2016","format":false,"excerpt":"Nous partons aujourd'hui \u00e0 la d\u00e9couverte de l'Aubrac, gr\u00e2ce \u00e0 Christophe Bec et \u00e0 ses Tourbi\u00e8res Noires ! On d\u00e9couvre des paysages de campagne \u00e0 travers les yeux d'Antoine, photographe qui trouve refuge dans la ferme de Baptiste qui vit seul avec sa fille M\u00e9lodie. Adapt\u00e9 de La Peur de\u2026","rel":"","context":"Dans &quot;BD&quot;","block_context":{"text":"BD","link":"https:\/\/smallthings.fr\/lespetitslivres\/category\/bd-manga\/bd\/"},"img":{"alt_text":"","src":"https:\/\/i0.wp.com\/smallthings.fr\/lespetitslivres\/wp-content\/uploads\/2016\/01\/tourbieres-noires-couv.jpg?resize=350%2C200&ssl=1","width":350,"height":200,"srcset":"https:\/\/i0.wp.com\/smallthings.fr\/lespetitslivres\/wp-content\/uploads\/2016\/01\/tourbieres-noires-couv.jpg?resize=350%2C200&ssl=1 1x, https:\/\/i0.wp.com\/smallthings.fr\/lespetitslivres\/wp-content\/uploads\/2016\/01\/tourbieres-noires-couv.jpg?resize=525%2C300&ssl=1 1.5x"},"classes":[]},{"id":29816,"url":"https:\/\/smallthings.fr\/lespetitslivres\/2016\/04\/06\/alice-change-adresse-thriller-moatti\/","url_meta":{"origin":17223,"position":2},"title":"Alice change d\u2019adresse, un thriller psychologique de Michel Moatti","author":"June","date":"6 avril 2016","format":false,"excerpt":"Alice change d'adresse est le nouveau thriller de Michel Moatti, fra\u00eechement paru chez HC \u00e9ditions. L'auteur nous fait naviguer en eaux troubles et s\u00e8me le doute dans l\u2019esprit du lecteur au fil de ses d\u00e9ambulations. Une m\u00e8re, son fils, une balade, une \u00e9cluse, un orage et tout bascule. En quelques\u2026","rel":"","context":"Dans &quot;Thriller&quot;","block_context":{"text":"Thriller","link":"https:\/\/smallthings.fr\/lespetitslivres\/category\/thriller\/"},"img":{"alt_text":"","src":"https:\/\/i0.wp.com\/smallthings.fr\/lespetitslivres\/wp-content\/uploads\/2016\/04\/alice-change-adresse-couv.jpg?resize=350%2C200&ssl=1","width":350,"height":200,"srcset":"https:\/\/i0.wp.com\/smallthings.fr\/lespetitslivres\/wp-content\/uploads\/2016\/04\/alice-change-adresse-couv.jpg?resize=350%2C200&ssl=1 1x, https:\/\/i0.wp.com\/smallthings.fr\/lespetitslivres\/wp-content\/uploads\/2016\/04\/alice-change-adresse-couv.jpg?resize=525%2C300&ssl=1 1.5x, https:\/\/i0.wp.com\/smallthings.fr\/lespetitslivres\/wp-content\/uploads\/2016\/04\/alice-change-adresse-couv.jpg?resize=700%2C400&ssl=1 2x, https:\/\/i0.wp.com\/smallthings.fr\/lespetitslivres\/wp-content\/uploads\/2016\/04\/alice-change-adresse-couv.jpg?resize=1050%2C600&ssl=1 3x, https:\/\/i0.wp.com\/smallthings.fr\/lespetitslivres\/wp-content\/uploads\/2016\/04\/alice-change-adresse-couv.jpg?resize=1400%2C800&ssl=1 4x"},"classes":[]},{"id":6396,"url":"https:\/\/smallthings.fr\/lespetitslivres\/2013\/06\/28\/555-romans-pour-la-rentree-litteraire-2013\/","url_meta":{"origin":17223,"position":3},"title":"555 romans pour la rentr\u00e9e litt\u00e9raire 2013","author":"Claire","date":"28 juin 2013","format":false,"excerpt":"555 ! C'est le nombre de romans que comptera la rentr\u00e9e litt\u00e9raire 2013. 357 romans fran\u00e7ais et 198 romans \u00e9trangers sortiront entre les mois d'ao\u00fbt et octobre. Un joli pourcentage de premiers romans cette ann\u00e9e : 86, contre 69 l'ann\u00e9e derni\u00e8re.","rel":"","context":"Dans &quot;Actu&quot;","block_context":{"text":"Actu","link":"https:\/\/smallthings.fr\/lespetitslivres\/category\/actu\/"},"img":{"alt_text":"Rigolote illustration par Jochen Gerner du ph\u00c3\u00a9nom\u00c3\u00a8ne de la rentr\u00c3\u00a9e litt\u00c3\u00a9raire, dans Le Monde du vendredi 20 ao\u00c3\u00bbt 2010","src":"https:\/\/i0.wp.com\/uploads.smallthings.fr\/2013\/06\/2010_01.jpg?resize=350%2C200","width":350,"height":200},"classes":[]},{"id":31762,"url":"https:\/\/smallthings.fr\/lespetitslivres\/2018\/08\/23\/vie-de-pierres-chaudes-aurelie-razimbaud\/","url_meta":{"origin":17223,"position":4},"title":"Une vie de pierres chaudes, le premier roman d&rsquo;Aur\u00e9lie Razimbaud","author":"Claire","date":"23 ao\u00fbt 2018","format":false,"excerpt":"Aur\u00e9lie Razimbaud publie son premier roman chez Albin Michel pour cette Rentr\u00e9e litt\u00e9raire, Une vie de pierres chaudes. C'est dans le contexte de la guerre d'Alg\u00e9rie qu'elle plonge ses personnages. Un moyen pour elle de dire cette \u00e9poque que son grand-p\u00e8re n'a jamais pu lui raconter... En Alg\u00e9rie, dans les\u2026","rel":"","context":"Dans &quot;Roman fran\u00e7ais&quot;","block_context":{"text":"Roman fran\u00e7ais","link":"https:\/\/smallthings.fr\/lespetitslivres\/category\/roman\/roman-francais\/"},"img":{"alt_text":"","src":"https:\/\/i0.wp.com\/smallthings.fr\/lespetitslivres\/wp-content\/uploads\/2018\/08\/aurelie-razimbaud.jpg?resize=350%2C200&ssl=1","width":350,"height":200,"srcset":"https:\/\/i0.wp.com\/smallthings.fr\/lespetitslivres\/wp-content\/uploads\/2018\/08\/aurelie-razimbaud.jpg?resize=350%2C200&ssl=1 1x, https:\/\/i0.wp.com\/smallthings.fr\/lespetitslivres\/wp-content\/uploads\/2018\/08\/aurelie-razimbaud.jpg?resize=525%2C300&ssl=1 1.5x, https:\/\/i0.wp.com\/smallthings.fr\/lespetitslivres\/wp-content\/uploads\/2018\/08\/aurelie-razimbaud.jpg?resize=700%2C400&ssl=1 2x, https:\/\/i0.wp.com\/smallthings.fr\/lespetitslivres\/wp-content\/uploads\/2018\/08\/aurelie-razimbaud.jpg?resize=1050%2C600&ssl=1 3x"},"classes":[]},{"id":31485,"url":"https:\/\/smallthings.fr\/lespetitslivres\/2018\/01\/11\/la-soie-du-sanglier-emmanuelle-delacomptee\/","url_meta":{"origin":17223,"position":5},"title":"La soie du sanglier : quand ce qui ressource isole","author":"Cecile","date":"11 janvier 2018","format":false,"excerpt":"La soie du sanglier est le second roman d'Emmanuelle Delacompt\u00e9e, que les \u00e9ditions JC Latt\u00e8s nous proposent pour cette petite rentr\u00e9e de janvier. Bernard vit seul dans un garage d\u00e9labr\u00e9, dans un petit village de Dordogne. Plut\u00f4t que d\u2019aider son p\u00e8re \u00e0 exploiter sa terre \u00e0 outrance en l\u2019inondant de\u2026","rel":"","context":"Dans &quot;Roman fran\u00e7ais&quot;","block_context":{"text":"Roman fran\u00e7ais","link":"https:\/\/smallthings.fr\/lespetitslivres\/category\/roman\/roman-francais\/"},"img":{"alt_text":"","src":"https:\/\/i0.wp.com\/smallthings.fr\/lespetitslivres\/wp-content\/uploads\/2018\/01\/soie-du-sanglier-cover.jpg?resize=350%2C200&ssl=1","width":350,"height":200,"srcset":"https:\/\/i0.wp.com\/smallthings.fr\/lespetitslivres\/wp-content\/uploads\/2018\/01\/soie-du-sanglier-cover.jpg?resize=350%2C200&ssl=1 1x, https:\/\/i0.wp.com\/smallthings.fr\/lespetitslivres\/wp-content\/uploads\/2018\/01\/soie-du-sanglier-cover.jpg?resize=525%2C300&ssl=1 1.5x, https:\/\/i0.wp.com\/smallthings.fr\/lespetitslivres\/wp-content\/uploads\/2018\/01\/soie-du-sanglier-cover.jpg?resize=700%2C400&ssl=1 2x, https:\/\/i0.wp.com\/smallthings.fr\/lespetitslivres\/wp-content\/uploads\/2018\/01\/soie-du-sanglier-cover.jpg?resize=1050%2C600&ssl=1 3x, https:\/\/i0.wp.com\/smallthings.fr\/lespetitslivres\/wp-content\/uploads\/2018\/01\/soie-du-sanglier-cover.jpg?resize=1400%2C800&ssl=1 4x"},"classes":[]}],"_links":{"self":[{"href":"https:\/\/smallthings.fr\/lespetitslivres\/wp-json\/wp\/v2\/posts\/17223"}],"collection":[{"href":"https:\/\/smallthings.fr\/lespetitslivres\/wp-json\/wp\/v2\/posts"}],"about":[{"href":"https:\/\/smallthings.fr\/lespetitslivres\/wp-json\/wp\/v2\/types\/post"}],"author":[{"embeddable":true,"href":"https:\/\/smallthings.fr\/lespetitslivres\/wp-json\/wp\/v2\/users\/13"}],"replies":[{"embeddable":true,"href":"https:\/\/smallthings.fr\/lespetitslivres\/wp-json\/wp\/v2\/comments?post=17223"}],"version-history":[{"count":1,"href":"https:\/\/smallthings.fr\/lespetitslivres\/wp-json\/wp\/v2\/posts\/17223\/revisions"}],"predecessor-version":[{"id":28849,"href":"https:\/\/smallthings.fr\/lespetitslivres\/wp-json\/wp\/v2\/posts\/17223\/revisions\/28849"}],"wp:featuredmedia":[{"embeddable":true,"href":"https:\/\/smallthings.fr\/lespetitslivres\/wp-json\/"}],"wp:attachment":[{"href":"https:\/\/smallthings.fr\/lespetitslivres\/wp-json\/wp\/v2\/media?parent=17223"}],"wp:term":[{"taxonomy":"category","embeddable":true,"href":"https:\/\/smallthings.fr\/lespetitslivres\/wp-json\/wp\/v2\/categories?post=17223"},{"taxonomy":"post_tag","embeddable":true,"href":"https:\/\/smallthings.fr\/lespetitslivres\/wp-json\/wp\/v2\/tags?post=17223"}],"curies":[{"name":"wp","href":"https:\/\/api.w.org\/{rel}","templated":true}]}}