{"id":16951,"date":"2014-10-01T14:24:17","date_gmt":"2014-10-01T13:24:17","guid":{"rendered":"http:\/\/smallthings.fr\/?p=16951"},"modified":"2015-11-02T13:28:21","modified_gmt":"2015-11-02T12:28:21","slug":"famille-middlestein-jami-attenberg-avis","status":"publish","type":"post","link":"https:\/\/smallthings.fr\/lespetitslivres\/2014\/10\/01\/famille-middlestein-jami-attenberg-avis\/","title":{"rendered":"La famille Middlestein de Jami Attenberg : drame arch\u00e9type"},"content":{"rendered":"<h2>Poursuivons notre promenade parmi les publications de la rentr\u00e9e litt\u00e9raire de cette ann\u00e9e avec <em>La famille Middlestein<\/em> paru le 21 ao\u00fbt <a href=\"http:\/\/www.lesescales.fr\/auteur\/jami-attenberg?id=345922\" target=\"_blank\">aux Escales<\/a>. Il s&rsquo;agit du troisi\u00e8me roman de Jami Attenberg, journaliste entre autres pour le New York Times. <em>La famille Middlestein<\/em> a \u00e9t\u00e9 consid\u00e9r\u00e9 comme l&rsquo;un des meilleurs romans de l&rsquo;ann\u00e9e selon la presse am\u00e9ricaine. C\u00e9cile nous en dit davantage sur ce roman.<\/h2>\n<p><a href=\"http:\/\/smallthings.fr\/2014\/10\/01\/famille-middlestein-jami-attenberg-avis\/famille-middlestein\/\" rel=\"attachment wp-att-16954\"><img loading=\"lazy\" decoding=\"async\" class=\"alignright  wp-image-16954\" src=\"http:\/\/smallthings.fr\/wp-content\/uploads\/2014\/09\/famille-middlestein.jpg\" alt=\"famille-middlestein\" width=\"235\" height=\"364\" \/><\/a>Le tableau de d\u00e9part est somme toute assez classique\u00a0: le drame anodin d\u2019une famille am\u00e9ricaine o\u00f9 la communication s\u2019\u00e9tiole. <em>La <strong>famille Middlestein<\/strong><\/em> est l\u2019arch\u00e9type de toute famille juive de classe moyenne\u00a0: des parents, deux enfants, Benny, mari\u00e9 et p\u00e8re de jumeaux avec une femme au foyer, et Robin, c\u00e9libataire endurcie qui finit par se caser&#8230; Avec ce qu\u2019il faut de particularisme communautaire et d\u2019am\u00e9ricanisme de base. <strong>Les Middlesteins pourraient (presque) \u00eatre n\u2019importe qui, et mener tranquillement leurs petites vies et bisbilles en paix<\/strong>.<\/p>\n<p>Mais tout se cristallise autour d\u2019Edie, la m\u00e8re et grand-m\u00e8re de la famille, dont les probl\u00e8mes de poids deviennent de plus en plus graves, prenant des proportions d\u00e9mesur\u00e9es \u00e0 l\u2019\u00e9gal de son tour de taille, et suscitent la col\u00e8re, l\u2019impuissance, le d\u00e9ni, le d\u00e9sarroi et les volont\u00e9s justici\u00e8res des autres membres de sa famille qui tentent, trop tard, de limiter les d\u00e9g\u00e2ts.<\/p>\n<p>C\u2019est l\u2019occasion r\u00eav\u00e9e pour l\u2019auteur de <strong>pointer du doigt des travers bien connus des Am\u00e9ricains<\/strong>\u00a0: l\u2019ob\u00e9sit\u00e9 morbide, la soci\u00e9t\u00e9 de consommation \u00e0 outrance, l\u2019image et la valeur de la femme r\u00e9duite \u00e0 sa seule apparence physique avec le personnage d\u2019Edie, l\u2019image de la (fausse) famille parfaite avec celui de Rachelle, et d\u2019autres, plus universels\u00a0: les non-dits familiaux, les incompr\u00e9hensions mutuelles, les pr\u00e9jug\u00e9s et les \u00e9tiquettes coll\u00e9es sur des gens qu\u2019on c\u00f4toie pourtant au quotidien. Tout cela saupoudr\u00e9 d\u2019une bonne dose d\u2019auto-d\u00e9rision et de m\u00e9lancolie pour ses personnages, qui les sauve du clich\u00e9.Le rythme de cette tragi-com\u00e9die y est aussi pour beaucoup\u00a0: <strong><em>La famille Middlestein<\/em> se d\u00e9roule en successions de flashbacks et retours au pr\u00e9sent<\/strong>, en alternances de points de vue qui se font contrepoint, maintenant efficacement l\u2019int\u00e9r\u00eat en \u00e9veil jusqu\u2019\u00e0 la fin.<\/p>\n<p>Les personnages bien ficel\u00e9s, portent le lecteur \u00e0 se prendre de tendresse pour eux jusqu\u2019\u00e0 esp\u00e9rer un happy end salvateur.<\/p>\n<p>L\u2019objectif de <em>La famille Middlestein<\/em> est atteint\u00a0: amuser son public. Le cocktail est efficace et distrayant, l\u2019intrigue bien men\u00e9e, les personnages humains. Un bon moment \u00e0 passer\u00a0!<\/p>\n<blockquote><p><em>\u00ab Ils s\u2019accordaient tout de m\u00eame sur quelques points importants\u00a0: (\u2026) la conviction que les aliments sont faits d\u2019amour, qu\u2019ils en constituent l\u2019essence m\u00eame\u00a0; et leur incapacit\u00e9 \u00e0 se refuser la moindre bouch\u00e9e de ce qu\u2019ils souhaitaient manger. Alors, si Edie, leur fille ch\u00e9rie, d\u00e9j\u00e0 si vive, les yeux grands ouverts sur le monde, \u00e9tait un peu robuste pour son \u00e2ge, en quoi \u00e9tait-ce un probl\u00e8me\u00a0? <\/em><\/p>\n<p><em>En rien.<\/em><\/p>\n<p><em>(\u2026) Les aliments sont fait d\u2019amour. Manger, c\u2019est aimer. Aimer, c\u2019est manger. Et si un gros morceau de pain peut apaiser les pleurs d\u2019une enfant, en quoi est-ce un probl\u00e8me\u00a0?<\/em><\/p>\n<p><em>En rien. \u00bb<\/em><\/p><\/blockquote>\n<div id=\"attachment_16953\" style=\"width: 509px\" class=\"wp-caption aligncenter\"><a href=\"http:\/\/smallthings.fr\/2014\/10\/01\/famille-middlestein-jami-attenberg-avis\/jami-attenberg-middlestein\/\" rel=\"attachment wp-att-16953\"><img loading=\"lazy\" decoding=\"async\" aria-describedby=\"caption-attachment-16953\" class=\" wp-image-16953\" src=\"http:\/\/smallthings.fr\/wp-content\/uploads\/2014\/09\/Jami-Attenberg-Middlestein.jpg\" alt=\"Jami Attenberg\" width=\"499\" height=\"277\" \/><\/a><p id=\"caption-attachment-16953\" class=\"wp-caption-text\">Jami Attenberg<\/p><\/div>\n","protected":false},"excerpt":{"rendered":"<p>Poursuivons notre promenade parmi les publications de la rentr\u00e9e litt\u00e9raire de cette ann\u00e9e avec La famille Middlestein paru le 21 ao\u00fbt aux Escales. Il s&rsquo;agit du troisi\u00e8me roman de Jami Attenberg, journaliste entre autres pour le New York Times. La famille Middlestein a \u00e9t\u00e9 consid\u00e9r\u00e9 comme l&rsquo;un des meilleurs romans de l&rsquo;ann\u00e9e selon la presse<\/p>\n","protected":false},"author":13,"featured_media":16952,"comment_status":"open","ping_status":"open","sticky":false,"template":"","format":"standard","meta":{"jetpack_post_was_ever_published":false,"_jetpack_newsletter_access":"","_jetpack_newsletter_tier_id":0,"footnotes":"","jetpack_publicize_message":"","jetpack_is_tweetstorm":false,"jetpack_publicize_feature_enabled":true,"jetpack_social_post_already_shared":false,"jetpack_social_options":{"image_generator_settings":{"template":"highway","enabled":false}}},"categories":[1118],"tags":[212,213,32],"jetpack_publicize_connections":[],"yoast_head":"<!-- This site is optimized with the Yoast SEO plugin v21.5 - https:\/\/yoast.com\/wordpress\/plugins\/seo\/ -->\n<title>La famille Middlestein de Jami Attenberg<\/title>\n<meta name=\"robots\" content=\"index, follow, max-snippet:-1, max-image-preview:large, max-video-preview:-1\" \/>\n<link rel=\"canonical\" href=\"https:\/\/smallthings.fr\/lespetitslivres\/2014\/10\/01\/famille-middlestein-jami-attenberg-avis\/\" \/>\n<meta property=\"og:locale\" content=\"fr_FR\" \/>\n<meta property=\"og:type\" content=\"article\" \/>\n<meta property=\"og:title\" content=\"La famille Middlestein de Jami Attenberg\" \/>\n<meta property=\"og:description\" content=\"Poursuivons notre promenade parmi les publications de la rentr\u00e9e litt\u00e9raire de cette ann\u00e9e avec La famille Middlestein paru le 21 ao\u00fbt aux Escales. Il s&rsquo;agit du troisi\u00e8me roman de Jami Attenberg, journaliste entre autres pour le New York Times. La famille Middlestein a \u00e9t\u00e9 consid\u00e9r\u00e9 comme l&rsquo;un des meilleurs romans de l&rsquo;ann\u00e9e selon la presse\" \/>\n<meta property=\"og:url\" content=\"https:\/\/smallthings.fr\/lespetitslivres\/2014\/10\/01\/famille-middlestein-jami-attenberg-avis\/\" \/>\n<meta property=\"og:site_name\" content=\"Les Petits Livres\" \/>\n<meta property=\"article:published_time\" content=\"2014-10-01T13:24:17+00:00\" \/>\n<meta property=\"article:modified_time\" content=\"2015-11-02T12:28:21+00:00\" \/>\n<meta name=\"author\" content=\"Cecile\" \/>\n<meta name=\"twitter:card\" content=\"summary_large_image\" \/>\n<meta name=\"twitter:label1\" content=\"\u00c9crit par\" \/>\n\t<meta name=\"twitter:data1\" content=\"Cecile\" \/>\n\t<meta name=\"twitter:label2\" content=\"Dur\u00e9e de lecture estim\u00e9e\" \/>\n\t<meta name=\"twitter:data2\" content=\"3 minutes\" \/>\n<script type=\"application\/ld+json\" class=\"yoast-schema-graph\">{\"@context\":\"https:\/\/schema.org\",\"@graph\":[{\"@type\":\"WebPage\",\"@id\":\"https:\/\/smallthings.fr\/lespetitslivres\/2014\/10\/01\/famille-middlestein-jami-attenberg-avis\/\",\"url\":\"https:\/\/smallthings.fr\/lespetitslivres\/2014\/10\/01\/famille-middlestein-jami-attenberg-avis\/\",\"name\":\"La famille Middlestein de Jami Attenberg\",\"isPartOf\":{\"@id\":\"https:\/\/smallthings.fr\/lespetitslivres\/#website\"},\"datePublished\":\"2014-10-01T13:24:17+00:00\",\"dateModified\":\"2015-11-02T12:28:21+00:00\",\"author\":{\"@id\":\"https:\/\/smallthings.fr\/lespetitslivres\/#\/schema\/person\/7b3de8ef611f2b29f758a00cad7cafb2\"},\"breadcrumb\":{\"@id\":\"https:\/\/smallthings.fr\/lespetitslivres\/2014\/10\/01\/famille-middlestein-jami-attenberg-avis\/#breadcrumb\"},\"inLanguage\":\"fr-FR\",\"potentialAction\":[{\"@type\":\"ReadAction\",\"target\":[\"https:\/\/smallthings.fr\/lespetitslivres\/2014\/10\/01\/famille-middlestein-jami-attenberg-avis\/\"]}]},{\"@type\":\"BreadcrumbList\",\"@id\":\"https:\/\/smallthings.fr\/lespetitslivres\/2014\/10\/01\/famille-middlestein-jami-attenberg-avis\/#breadcrumb\",\"itemListElement\":[{\"@type\":\"ListItem\",\"position\":1,\"name\":\"Accueil\",\"item\":\"https:\/\/smallthings.fr\/lespetitslivres\/\"},{\"@type\":\"ListItem\",\"position\":2,\"name\":\"La famille Middlestein de Jami Attenberg : drame arch\u00e9type\"}]},{\"@type\":\"WebSite\",\"@id\":\"https:\/\/smallthings.fr\/lespetitslivres\/#website\",\"url\":\"https:\/\/smallthings.fr\/lespetitslivres\/\",\"name\":\"Les Petits Livres\",\"description\":\"by Small Things\",\"potentialAction\":[{\"@type\":\"SearchAction\",\"target\":{\"@type\":\"EntryPoint\",\"urlTemplate\":\"https:\/\/smallthings.fr\/lespetitslivres\/?s={search_term_string}\"},\"query-input\":\"required name=search_term_string\"}],\"inLanguage\":\"fr-FR\"},{\"@type\":\"Person\",\"@id\":\"https:\/\/smallthings.fr\/lespetitslivres\/#\/schema\/person\/7b3de8ef611f2b29f758a00cad7cafb2\",\"name\":\"Cecile\",\"image\":{\"@type\":\"ImageObject\",\"inLanguage\":\"fr-FR\",\"@id\":\"https:\/\/smallthings.fr\/lespetitslivres\/#\/schema\/person\/image\/\",\"url\":\"https:\/\/secure.gravatar.com\/avatar\/a855fa1dbad38b06e97132a8a6579746?s=96&d=retro&r=g\",\"contentUrl\":\"https:\/\/secure.gravatar.com\/avatar\/a855fa1dbad38b06e97132a8a6579746?s=96&d=retro&r=g\",\"caption\":\"Cecile\"},\"url\":\"https:\/\/smallthings.fr\/lespetitslivres\/author\/cecile\/\"}]}<\/script>\n<!-- \/ Yoast SEO plugin. -->","yoast_head_json":{"title":"La famille Middlestein de Jami Attenberg","robots":{"index":"index","follow":"follow","max-snippet":"max-snippet:-1","max-image-preview":"max-image-preview:large","max-video-preview":"max-video-preview:-1"},"canonical":"https:\/\/smallthings.fr\/lespetitslivres\/2014\/10\/01\/famille-middlestein-jami-attenberg-avis\/","og_locale":"fr_FR","og_type":"article","og_title":"La famille Middlestein de Jami Attenberg","og_description":"Poursuivons notre promenade parmi les publications de la rentr\u00e9e litt\u00e9raire de cette ann\u00e9e avec La famille Middlestein paru le 21 ao\u00fbt aux Escales. Il s&rsquo;agit du troisi\u00e8me roman de Jami Attenberg, journaliste entre autres pour le New York Times. La famille Middlestein a \u00e9t\u00e9 consid\u00e9r\u00e9 comme l&rsquo;un des meilleurs romans de l&rsquo;ann\u00e9e selon la presse","og_url":"https:\/\/smallthings.fr\/lespetitslivres\/2014\/10\/01\/famille-middlestein-jami-attenberg-avis\/","og_site_name":"Les Petits Livres","article_published_time":"2014-10-01T13:24:17+00:00","article_modified_time":"2015-11-02T12:28:21+00:00","author":"Cecile","twitter_card":"summary_large_image","twitter_misc":{"\u00c9crit par":"Cecile","Dur\u00e9e de lecture estim\u00e9e":"3 minutes"},"schema":{"@context":"https:\/\/schema.org","@graph":[{"@type":"WebPage","@id":"https:\/\/smallthings.fr\/lespetitslivres\/2014\/10\/01\/famille-middlestein-jami-attenberg-avis\/","url":"https:\/\/smallthings.fr\/lespetitslivres\/2014\/10\/01\/famille-middlestein-jami-attenberg-avis\/","name":"La famille Middlestein de Jami Attenberg","isPartOf":{"@id":"https:\/\/smallthings.fr\/lespetitslivres\/#website"},"datePublished":"2014-10-01T13:24:17+00:00","dateModified":"2015-11-02T12:28:21+00:00","author":{"@id":"https:\/\/smallthings.fr\/lespetitslivres\/#\/schema\/person\/7b3de8ef611f2b29f758a00cad7cafb2"},"breadcrumb":{"@id":"https:\/\/smallthings.fr\/lespetitslivres\/2014\/10\/01\/famille-middlestein-jami-attenberg-avis\/#breadcrumb"},"inLanguage":"fr-FR","potentialAction":[{"@type":"ReadAction","target":["https:\/\/smallthings.fr\/lespetitslivres\/2014\/10\/01\/famille-middlestein-jami-attenberg-avis\/"]}]},{"@type":"BreadcrumbList","@id":"https:\/\/smallthings.fr\/lespetitslivres\/2014\/10\/01\/famille-middlestein-jami-attenberg-avis\/#breadcrumb","itemListElement":[{"@type":"ListItem","position":1,"name":"Accueil","item":"https:\/\/smallthings.fr\/lespetitslivres\/"},{"@type":"ListItem","position":2,"name":"La famille Middlestein de Jami Attenberg : drame arch\u00e9type"}]},{"@type":"WebSite","@id":"https:\/\/smallthings.fr\/lespetitslivres\/#website","url":"https:\/\/smallthings.fr\/lespetitslivres\/","name":"Les Petits Livres","description":"by Small Things","potentialAction":[{"@type":"SearchAction","target":{"@type":"EntryPoint","urlTemplate":"https:\/\/smallthings.fr\/lespetitslivres\/?s={search_term_string}"},"query-input":"required name=search_term_string"}],"inLanguage":"fr-FR"},{"@type":"Person","@id":"https:\/\/smallthings.fr\/lespetitslivres\/#\/schema\/person\/7b3de8ef611f2b29f758a00cad7cafb2","name":"Cecile","image":{"@type":"ImageObject","inLanguage":"fr-FR","@id":"https:\/\/smallthings.fr\/lespetitslivres\/#\/schema\/person\/image\/","url":"https:\/\/secure.gravatar.com\/avatar\/a855fa1dbad38b06e97132a8a6579746?s=96&d=retro&r=g","contentUrl":"https:\/\/secure.gravatar.com\/avatar\/a855fa1dbad38b06e97132a8a6579746?s=96&d=retro&r=g","caption":"Cecile"},"url":"https:\/\/smallthings.fr\/lespetitslivres\/author\/cecile\/"}]}},"jetpack_featured_media_url":"","jetpack_sharing_enabled":true,"jetpack_shortlink":"https:\/\/wp.me\/p6Un21-4pp","jetpack-related-posts":[{"id":30226,"url":"https:\/\/smallthings.fr\/lespetitslivres\/2016\/08\/31\/seduire-isabelle-a-bassignac-critique\/","url_meta":{"origin":16951,"position":0},"title":"S\u00e9duire Isabelle A. : \u00ab\u00a0on choisit pas sa famille\u00a0\u00bb","author":"Claire","date":"31 ao\u00fbt 2016","format":false,"excerpt":"S\u00e9duire Isabelle A. est le roman que nous propose Sophie Bassignac pour la rentr\u00e9e litt\u00e9raire. Il para\u00eet aujourd'hui aux \u00e9ditions JC Latt\u00e8s. Quelques ann\u00e9es apr\u00e8s le tr\u00e8s remarqu\u00e9 Mer agit\u00e9e \u00e0 tr\u00e8s agit\u00e9e, l'auteur nous entra\u00eene au c\u0153ur d'une famille compl\u00e8tement d\u00e9jant\u00e9e \u00e0 travers les yeux du futur gendre, \u00e0\u2026","rel":"","context":"Dans &quot;Rentr\u00e9e litt\u00e9raire&quot;","block_context":{"text":"Rentr\u00e9e litt\u00e9raire","link":"https:\/\/smallthings.fr\/lespetitslivres\/category\/rentree-litteraire\/"},"img":{"alt_text":"","src":"https:\/\/i0.wp.com\/smallthings.fr\/lespetitslivres\/wp-content\/uploads\/2016\/08\/sophie-bassignac.jpg?resize=350%2C200&ssl=1","width":350,"height":200,"srcset":"https:\/\/i0.wp.com\/smallthings.fr\/lespetitslivres\/wp-content\/uploads\/2016\/08\/sophie-bassignac.jpg?resize=350%2C200&ssl=1 1x, https:\/\/i0.wp.com\/smallthings.fr\/lespetitslivres\/wp-content\/uploads\/2016\/08\/sophie-bassignac.jpg?resize=525%2C300&ssl=1 1.5x, https:\/\/i0.wp.com\/smallthings.fr\/lespetitslivres\/wp-content\/uploads\/2016\/08\/sophie-bassignac.jpg?resize=700%2C400&ssl=1 2x"},"classes":[]},{"id":15874,"url":"https:\/\/smallthings.fr\/lespetitslivres\/2014\/08\/20\/delacourt-on-ne-voyait-bonheur-roman\/","url_meta":{"origin":16951,"position":1},"title":"Gr\u00e9goire Delacourt &#8211; On ne voyait que le bonheur","author":"Claire","date":"20 ao\u00fbt 2014","format":false,"excerpt":"Gr\u00e9goire Delacourt est d\u00e9cid\u00e9ment un auteur dont on n'arr\u00eate pas de parler. Suite aux sorties poche de ses succ\u00e8s La Premi\u00e8re chose que l'on regarde et La Liste des mes envies, puis son proc\u00e8s avec Scarlett Johansson, voil\u00e0 d\u00e9j\u00e0 son nouveau roman pour la rentr\u00e9e litt\u00e9raire chez JC Latt\u00e8s. Mais\u2026","rel":"","context":"Dans &quot;Roman fran\u00e7ais&quot;","block_context":{"text":"Roman fran\u00e7ais","link":"https:\/\/smallthings.fr\/lespetitslivres\/category\/roman\/roman-francais\/"},"img":{"alt_text":"Gr\u00c3\u00a9goire Delacourt","src":"https:\/\/i0.wp.com\/smallthings.fr\/wp-content\/uploads\/2014\/08\/gregoire-delacourt.jpeg?resize=350%2C200","width":350,"height":200,"srcset":"https:\/\/i0.wp.com\/smallthings.fr\/wp-content\/uploads\/2014\/08\/gregoire-delacourt.jpeg?resize=350%2C200 1x, https:\/\/i0.wp.com\/smallthings.fr\/wp-content\/uploads\/2014\/08\/gregoire-delacourt.jpeg?resize=525%2C300 1.5x"},"classes":[]},{"id":31758,"url":"https:\/\/smallthings.fr\/lespetitslivres\/2018\/08\/22\/vivre-ensemble-roman-emilie-freche\/","url_meta":{"origin":16951,"position":2},"title":"Vivre ensemble, le nouveau roman d&rsquo;\u00c9milie Fr\u00e8che","author":"Claire","date":"22 ao\u00fbt 2018","format":false,"excerpt":"Le nouveau roman d'\u00c9milie Fr\u00e8che, Vivre ensemble, sort aujourd'hui chez Stock pour la Rentr\u00e9e litt\u00e9raire. Un livre aussi terrifiant que bouleversant qui pose la question du vivre ensemble au sein d'une famille recompos\u00e9e. D\u00e9borah et Pierre, qui ont chacun un fils, d\u00e9cident d'emm\u00e9nager ensemble, pour le meilleur et pour le\u2026","rel":"","context":"Dans &quot;Roman fran\u00e7ais&quot;","block_context":{"text":"Roman fran\u00e7ais","link":"https:\/\/smallthings.fr\/lespetitslivres\/category\/roman\/roman-francais\/"},"img":{"alt_text":"","src":"https:\/\/i0.wp.com\/smallthings.fr\/lespetitslivres\/wp-content\/uploads\/2018\/08\/emilie-freche-vivre-ensemble.jpg?resize=350%2C200&ssl=1","width":350,"height":200,"srcset":"https:\/\/i0.wp.com\/smallthings.fr\/lespetitslivres\/wp-content\/uploads\/2018\/08\/emilie-freche-vivre-ensemble.jpg?resize=350%2C200&ssl=1 1x, https:\/\/i0.wp.com\/smallthings.fr\/lespetitslivres\/wp-content\/uploads\/2018\/08\/emilie-freche-vivre-ensemble.jpg?resize=525%2C300&ssl=1 1.5x"},"classes":[]},{"id":30350,"url":"https:\/\/smallthings.fr\/lespetitslivres\/2016\/09\/28\/a-la-fin-le-silence-tardieu\/","url_meta":{"origin":16951,"position":3},"title":"A la fin le silence : la mort puis la vie, de Laurence Tardieu","author":"Claire","date":"28 septembre 2016","format":false,"excerpt":"A la fin le silence est le roman que nous propose Laurence Tardieu pour cette rentr\u00e9e litt\u00e9raire aux \u00e9ditions du Seuil. Apr\u00e8s Le jugement de L\u00e9a, Puisque rien ne dure et Une vie \u00e0 soi, A la fin le silence s'apparente plus \u00e0 un essai litt\u00e9raire qu'\u00e0 une fiction. S'il\u2026","rel":"","context":"Dans &quot;Rentr\u00e9e litt\u00e9raire&quot;","block_context":{"text":"Rentr\u00e9e litt\u00e9raire","link":"https:\/\/smallthings.fr\/lespetitslivres\/category\/rentree-litteraire\/"},"img":{"alt_text":"","src":"https:\/\/i0.wp.com\/smallthings.fr\/lespetitslivres\/wp-content\/uploads\/2016\/09\/laurence-tardieu.jpg?resize=350%2C200&ssl=1","width":350,"height":200,"srcset":"https:\/\/i0.wp.com\/smallthings.fr\/lespetitslivres\/wp-content\/uploads\/2016\/09\/laurence-tardieu.jpg?resize=350%2C200&ssl=1 1x, https:\/\/i0.wp.com\/smallthings.fr\/lespetitslivres\/wp-content\/uploads\/2016\/09\/laurence-tardieu.jpg?resize=525%2C300&ssl=1 1.5x"},"classes":[]},{"id":26444,"url":"https:\/\/smallthings.fr\/lespetitslivres\/2015\/08\/24\/la-maladroite-alexandre-seurat-critique\/","url_meta":{"origin":16951,"position":4},"title":"La maladroite, premier roman d&rsquo;Alexandre Seurat","author":"Claire","date":"24 ao\u00fbt 2015","format":false,"excerpt":"La maladroite, premier roman d'Alexandre Seurat, est le bijou inattendu de cette rentr\u00e9e litt\u00e9raire. Paru aux \u00e9ditions du Rouergue le 19 ao\u00fbt, il a d\u00e9j\u00e0 remport\u00e9 le coup de c\u0153ur des magasins Cultura, qui lui assure une belle visibilit\u00e9. Il est \u00e9galement finaliste du Prix Roman Fnac 2015, et on\u2026","rel":"","context":"Dans &quot;Rentr\u00e9e Litt\u00e9raire&quot;","block_context":{"text":"Rentr\u00e9e Litt\u00e9raire","link":"https:\/\/smallthings.fr\/lespetitslivres\/category\/rentree-litteraire-2015\/"},"img":{"alt_text":"","src":"https:\/\/i0.wp.com\/smallthings.fr\/wp-content\/uploads\/2015\/08\/la-maladroite-205x300.jpg?resize=350%2C200","width":350,"height":200},"classes":[]},{"id":30475,"url":"https:\/\/smallthings.fr\/lespetitslivres\/2016\/11\/16\/chanson-douce-leila-slimani-avis\/","url_meta":{"origin":16951,"position":5},"title":"Chanson douce, roman social terrifiant de Le\u00efla Slimani","author":"Claire","date":"16 novembre 2016","format":false,"excerpt":"Chanson douce vient de recevoir le Prix Goncourt 2016. Son auteur, Le\u00efla Slimani, livrait l\u00e0 son premier roman, paru chez Gallimard pour la rentr\u00e9e litt\u00e9raire. \u00c0 la fronti\u00e8re du thriller et du roman social, Chanson douce nous entra\u00eene dans les m\u00e9andres psychologiques d'une nounou au bord du gouffre. On l'apprend\u2026","rel":"","context":"Dans &quot;Roman fran\u00e7ais&quot;","block_context":{"text":"Roman fran\u00e7ais","link":"https:\/\/smallthings.fr\/lespetitslivres\/category\/roman\/roman-francais\/"},"img":{"alt_text":"","src":"https:\/\/i0.wp.com\/smallthings.fr\/lespetitslivres\/wp-content\/uploads\/2016\/11\/chanson-douce-slimani.jpg?resize=350%2C200&ssl=1","width":350,"height":200,"srcset":"https:\/\/i0.wp.com\/smallthings.fr\/lespetitslivres\/wp-content\/uploads\/2016\/11\/chanson-douce-slimani.jpg?resize=350%2C200&ssl=1 1x, https:\/\/i0.wp.com\/smallthings.fr\/lespetitslivres\/wp-content\/uploads\/2016\/11\/chanson-douce-slimani.jpg?resize=525%2C300&ssl=1 1.5x, https:\/\/i0.wp.com\/smallthings.fr\/lespetitslivres\/wp-content\/uploads\/2016\/11\/chanson-douce-slimani.jpg?resize=700%2C400&ssl=1 2x, https:\/\/i0.wp.com\/smallthings.fr\/lespetitslivres\/wp-content\/uploads\/2016\/11\/chanson-douce-slimani.jpg?resize=1050%2C600&ssl=1 3x, https:\/\/i0.wp.com\/smallthings.fr\/lespetitslivres\/wp-content\/uploads\/2016\/11\/chanson-douce-slimani.jpg?resize=1400%2C800&ssl=1 4x"},"classes":[]}],"_links":{"self":[{"href":"https:\/\/smallthings.fr\/lespetitslivres\/wp-json\/wp\/v2\/posts\/16951"}],"collection":[{"href":"https:\/\/smallthings.fr\/lespetitslivres\/wp-json\/wp\/v2\/posts"}],"about":[{"href":"https:\/\/smallthings.fr\/lespetitslivres\/wp-json\/wp\/v2\/types\/post"}],"author":[{"embeddable":true,"href":"https:\/\/smallthings.fr\/lespetitslivres\/wp-json\/wp\/v2\/users\/13"}],"replies":[{"embeddable":true,"href":"https:\/\/smallthings.fr\/lespetitslivres\/wp-json\/wp\/v2\/comments?post=16951"}],"version-history":[{"count":1,"href":"https:\/\/smallthings.fr\/lespetitslivres\/wp-json\/wp\/v2\/posts\/16951\/revisions"}],"predecessor-version":[{"id":28851,"href":"https:\/\/smallthings.fr\/lespetitslivres\/wp-json\/wp\/v2\/posts\/16951\/revisions\/28851"}],"wp:featuredmedia":[{"embeddable":true,"href":"https:\/\/smallthings.fr\/lespetitslivres\/wp-json\/"}],"wp:attachment":[{"href":"https:\/\/smallthings.fr\/lespetitslivres\/wp-json\/wp\/v2\/media?parent=16951"}],"wp:term":[{"taxonomy":"category","embeddable":true,"href":"https:\/\/smallthings.fr\/lespetitslivres\/wp-json\/wp\/v2\/categories?post=16951"},{"taxonomy":"post_tag","embeddable":true,"href":"https:\/\/smallthings.fr\/lespetitslivres\/wp-json\/wp\/v2\/tags?post=16951"}],"curies":[{"name":"wp","href":"https:\/\/api.w.org\/{rel}","templated":true}]}}