{"id":16921,"date":"2014-09-30T15:10:40","date_gmt":"2014-09-30T14:10:40","guid":{"rendered":"http:\/\/smallthings.fr\/?p=16921"},"modified":"2015-11-27T13:46:02","modified_gmt":"2015-11-27T12:46:02","slug":"dragonfury-saga-bit-lit-milady-callahan","status":"publish","type":"post","link":"https:\/\/smallthings.fr\/lespetitslivres\/2014\/09\/30\/dragonfury-saga-bit-lit-milady-callahan\/","title":{"rendered":"Dragonfury, une nouvelle saga bit-lit aux \u00e9ditions Milady"},"content":{"rendered":"<h2>Une nouvelle saga bit-lit a fait son apparition <a href=\"http:\/\/www.milady.fr\/livres\/view\/furie-de-flamme\" target=\"_blank\">aux \u00e9ditions Milady<\/a> le 19 septembre dernier. Il s\u2019agit de <em>Dragonfury<\/em> de Coreene Callahan, une auteure encore inconnue en France. Dans le tome 1, <em>Furie de Flamme<\/em>, on d\u00e9couvre le ton de la s\u00e9rie\u00a0: les Nightfury, des hommes se transformant en dragons, se battent contre les rebelles de leur clan tout en cherchant des humaines capables de porter leur prog\u00e9niture.<\/h2>\n<p><a href=\"http:\/\/smallthings.fr\/2014\/09\/30\/dragonfury-saga-bit-lit-milady-callahan\/dragonfury-furie-de-flamme\/\" rel=\"attachment wp-att-16924\"><img loading=\"lazy\" decoding=\"async\" class=\"alignright  wp-image-16924\" src=\"http:\/\/smallthings.fr\/wp-content\/uploads\/2014\/09\/Dragonfury-Furie-de-Flamme.jpg\" alt=\"Dragonfury-Furie-de-Flamme\" width=\"207\" height=\"329\" \/><\/a>D\u00e8s le d\u00e9but de <em>Furie de Flamme<\/em>, on comprend que les Nightfury sont en voie d\u2019extinction et qu\u2019il est important pour eux que leur chef, Bastian, trouve une humaine suffisamment forte pour pouvoir mettre au monde son fils. En effet, les femelles dragons n\u2019existent pas donc les humaines sont tr\u00e8s importantes pour eux. Petit probl\u00e8me\u00a0: les femmes meurent en mettant le b\u00e9b\u00e9 au monde, rendant les dragons inconsolables.\u00a0 Damian va trouver la femme parfaite en Myst, ce qui va le mettre face \u00e0 un dilemme\u00a0: <strong>voir la femme qu\u2019il aime mourir, ou bien sacrifier tout son clan pour la sauver elle<\/strong>.<\/p>\n<p>Si la saga <em>Dragonfury<\/em> semble un peu bizarre avec ce th\u00e8me de relation inter-esp\u00e8ce, elle est pourtant tr\u00e8s bien \u00e9crite et <strong>le lecteur rentre rapidement dans l\u2019histoire<\/strong>. Coreene Callahan a su intriguer les lecteurs du genre, ce qui n\u2019est pas une mince affaire\u00a0! On est subjugu\u00e9 par cette nouvelle race de personnages qui sont tous tr\u00e8s touchants. L\u2019auteure nous fait d\u00e9couvrir chaque membre du clan, ce qui nous permet d\u2019imaginer que <strong>chaque livre de la saga <em>Dragonfury<\/em> portera sur un personnage diff\u00e9rent<\/strong>.<\/p>\n<p>Si <em>Furie de Flamme<\/em> appara\u00eet comme une nouveaut\u00e9 dans le genre bit-lit, le style d\u2019\u00e9criture de l\u2019auteure nous fait toutefois penser \u00e0 la c\u00e9l\u00e8bre J.R. Ward et sa s\u00e9rie <em>La Confr\u00e9rie de la Dague Noire<\/em>. Les similitudes sont m\u00eames incroyables\u00a0: chaque tome va parler d\u2019un personnage et de sa recherche de compagne, l\u2019auteur nous fait voir ce qui se passe dans le clan des \u00ab\u00a0gentils\u00a0\u00bb mais elle laisse aussi la voix aux \u00ab\u00a0m\u00e9chants\u00a0\u00bb et, ce qui est le seul point faible de ce roman, le nombre effarent de descriptions et de passages sans aucune action qui font sortir le lecteur de l\u2019histoire.<\/p>\n<div id=\"attachment_16926\" style=\"width: 180px\" class=\"wp-caption alignleft\"><a href=\"http:\/\/smallthings.fr\/2014\/09\/30\/dragonfury-saga-bit-lit-milady-callahan\/dragonfury-coreene-callahan\/\" rel=\"attachment wp-att-16926\"><img loading=\"lazy\" decoding=\"async\" aria-describedby=\"caption-attachment-16926\" class=\" wp-image-16926\" src=\"http:\/\/smallthings.fr\/wp-content\/uploads\/2014\/09\/Dragonfury-Coreene-Callahan.jpg\" alt=\"Coreene Callahan, auteure de la saga Dragonfury\" width=\"170\" height=\"220\" \/><\/a><p id=\"caption-attachment-16926\" class=\"wp-caption-text\">Coreene Callahan, auteure de la saga Dragonfury<\/p><\/div>\n<p><em>Dragonfury<\/em> est une saga qui fait d\u00e9j\u00e0 parler d\u2019elle gr\u00e2ce \u00e0 l\u2019originalit\u00e9 de l\u2019histoire et l\u2019imagination d\u00e9bordante de l\u2019auteure. <strong>Les personnages qu\u2019elle a cr\u00e9\u00e9s sont complexes et \u00e9mouvants et son \u00e9criture est fluide<\/strong>. Seul b\u00e9mol, les passages \u00e0 vide qui, \u00e0 mon sens, ne servent pas \u00e0 grand-chose et qui font que le lecteur \u00e0 envie de tourner les pages.<\/p>\n<p>Coreene Callahan a pr\u00e9par\u00e9 le terrain pour le tome 2 de <em>Dragonfury<\/em>, en nous faisant comprendre que l\u2019histoire concernera le meilleur ami de Bastian. J\u2019ai h\u00e2te de pouvoir d\u00e9couvrir ce qu\u2019elle aura pr\u00e9par\u00e9 pour Rikar, car il est un des personnages que j\u2019ai le plus appr\u00e9ci\u00e9, et j\u2019ai h\u00e2te de conna\u00eetre la fin de l\u2019histoire entre Bastian et Myst, car oui, <strong>le dernier chapitre de <em>Furie de Flamme<\/em> nous laisse un peu dans le flou&#8230;<\/strong><\/p>\n<blockquote><p>\u00ab\u00a0La peur de la jeune femme alors qu\u2019elle s\u2019agrippait \u00e0 lui l\u00e0-bas lui revient distinctement.<\/p>\n<p>Bordel de merde. La r\u00e9action qu\u2019elle provoquait en lui n\u2019\u00e9tait rien\u00a0; celle qu\u2019il provoquait chez elle le faisait plus chier. M\u00eame si \u00e7a ne devrait pas.<\/p>\n<p>Elle avait raison d\u2019\u00eatre effray\u00e9e.<\/p>\n<p>N\u2019importe quel humain dot\u00e9 de la moiti\u00e9 d\u2019un cerveau le serait. Il incarnait, apr\u00e8s tout, la quintessence du croque-mitaine pour le genre humain. Qu\u2019est-ce que \u00e7a changeait qu\u2019il ne soit pas le m\u00e9chant\u00a0? Qu\u2019il se batte contre les Razorback pour prot\u00e9ger aussi bien les dragons que les humains, pour les sauver du g\u00e9nocide de masse que projetait Ivar\u00a0? Rien, absolument rien. Comme tout dans la soci\u00e9t\u00e9 humaine, les apparences comptaient plus que la v\u00e9rit\u00e9. La Vanit\u00e9 r\u00e9gnait en ma\u00eetre. Et un monstre \u00e9tait un monstre, que ses desseins soient purs ou non.\u00a0\u00bb<\/p><\/blockquote>\n","protected":false},"excerpt":{"rendered":"<p>Une nouvelle saga bit-lit a fait son apparition aux \u00e9ditions Milady le 19 septembre dernier. Il s\u2019agit de Dragonfury de Coreene Callahan, une auteure encore inconnue en France. Dans le tome 1, Furie de Flamme, on d\u00e9couvre le ton de la s\u00e9rie\u00a0: les Nightfury, des hommes se transformant en dragons, se battent contre les rebelles<\/p>\n","protected":false},"author":14,"featured_media":16923,"comment_status":"open","ping_status":"open","sticky":false,"template":"","format":"standard","meta":{"jetpack_post_was_ever_published":false,"_jetpack_newsletter_access":"","_jetpack_newsletter_tier_id":0,"footnotes":"","jetpack_publicize_message":"","jetpack_is_tweetstorm":false,"jetpack_publicize_feature_enabled":true,"jetpack_social_post_already_shared":false,"jetpack_social_options":{"image_generator_settings":{"template":"highway","enabled":false}}},"categories":[1107],"tags":[831,832,833],"jetpack_publicize_connections":[],"yoast_head":"<!-- This site is optimized with the Yoast SEO plugin v21.5 - https:\/\/yoast.com\/wordpress\/plugins\/seo\/ -->\n<title>Dragonfury, une nouvelle saga bit-lit aux \u00e9ditions Milady<\/title>\n<meta name=\"description\" content=\"Une nouvelle saga bit-lit a fait son apparition aux \u00e9ditions Milady le 19 septembre dernier. Il s\u2019agit de Dragonfury de Coreene Callahan, une auteure\" \/>\n<meta name=\"robots\" content=\"index, follow, max-snippet:-1, max-image-preview:large, max-video-preview:-1\" \/>\n<link rel=\"canonical\" href=\"https:\/\/smallthings.fr\/lespetitslivres\/2014\/09\/30\/dragonfury-saga-bit-lit-milady-callahan\/\" \/>\n<meta property=\"og:locale\" content=\"fr_FR\" \/>\n<meta property=\"og:type\" content=\"article\" \/>\n<meta property=\"og:title\" content=\"Dragonfury, une nouvelle saga bit-lit aux \u00e9ditions Milady\" \/>\n<meta property=\"og:description\" content=\"Une nouvelle saga bit-lit a fait son apparition aux \u00e9ditions Milady le 19 septembre dernier. Il s\u2019agit de Dragonfury de Coreene Callahan, une auteure\" \/>\n<meta property=\"og:url\" content=\"https:\/\/smallthings.fr\/lespetitslivres\/2014\/09\/30\/dragonfury-saga-bit-lit-milady-callahan\/\" \/>\n<meta property=\"og:site_name\" content=\"Les Petits Livres\" \/>\n<meta property=\"article:published_time\" content=\"2014-09-30T14:10:40+00:00\" \/>\n<meta property=\"article:modified_time\" content=\"2015-11-27T12:46:02+00:00\" \/>\n<meta name=\"author\" content=\"Jennifer\" \/>\n<meta name=\"twitter:card\" content=\"summary_large_image\" \/>\n<meta name=\"twitter:label1\" content=\"\u00c9crit par\" \/>\n\t<meta name=\"twitter:data1\" content=\"Jennifer\" \/>\n\t<meta name=\"twitter:label2\" content=\"Dur\u00e9e de lecture estim\u00e9e\" \/>\n\t<meta name=\"twitter:data2\" content=\"4 minutes\" \/>\n<script type=\"application\/ld+json\" class=\"yoast-schema-graph\">{\"@context\":\"https:\/\/schema.org\",\"@graph\":[{\"@type\":\"WebPage\",\"@id\":\"https:\/\/smallthings.fr\/lespetitslivres\/2014\/09\/30\/dragonfury-saga-bit-lit-milady-callahan\/\",\"url\":\"https:\/\/smallthings.fr\/lespetitslivres\/2014\/09\/30\/dragonfury-saga-bit-lit-milady-callahan\/\",\"name\":\"Dragonfury, une nouvelle saga bit-lit aux \u00e9ditions Milady\",\"isPartOf\":{\"@id\":\"https:\/\/smallthings.fr\/lespetitslivres\/#website\"},\"datePublished\":\"2014-09-30T14:10:40+00:00\",\"dateModified\":\"2015-11-27T12:46:02+00:00\",\"author\":{\"@id\":\"https:\/\/smallthings.fr\/lespetitslivres\/#\/schema\/person\/bb8808220f912e72f01f7a55924d9ad1\"},\"description\":\"Une nouvelle saga bit-lit a fait son apparition aux \u00e9ditions Milady le 19 septembre dernier. Il s\u2019agit de Dragonfury de Coreene Callahan, une auteure\",\"breadcrumb\":{\"@id\":\"https:\/\/smallthings.fr\/lespetitslivres\/2014\/09\/30\/dragonfury-saga-bit-lit-milady-callahan\/#breadcrumb\"},\"inLanguage\":\"fr-FR\",\"potentialAction\":[{\"@type\":\"ReadAction\",\"target\":[\"https:\/\/smallthings.fr\/lespetitslivres\/2014\/09\/30\/dragonfury-saga-bit-lit-milady-callahan\/\"]}]},{\"@type\":\"BreadcrumbList\",\"@id\":\"https:\/\/smallthings.fr\/lespetitslivres\/2014\/09\/30\/dragonfury-saga-bit-lit-milady-callahan\/#breadcrumb\",\"itemListElement\":[{\"@type\":\"ListItem\",\"position\":1,\"name\":\"Accueil\",\"item\":\"https:\/\/smallthings.fr\/lespetitslivres\/\"},{\"@type\":\"ListItem\",\"position\":2,\"name\":\"Dragonfury, une nouvelle saga bit-lit aux \u00e9ditions Milady\"}]},{\"@type\":\"WebSite\",\"@id\":\"https:\/\/smallthings.fr\/lespetitslivres\/#website\",\"url\":\"https:\/\/smallthings.fr\/lespetitslivres\/\",\"name\":\"Les Petits Livres\",\"description\":\"by Small Things\",\"potentialAction\":[{\"@type\":\"SearchAction\",\"target\":{\"@type\":\"EntryPoint\",\"urlTemplate\":\"https:\/\/smallthings.fr\/lespetitslivres\/?s={search_term_string}\"},\"query-input\":\"required name=search_term_string\"}],\"inLanguage\":\"fr-FR\"},{\"@type\":\"Person\",\"@id\":\"https:\/\/smallthings.fr\/lespetitslivres\/#\/schema\/person\/bb8808220f912e72f01f7a55924d9ad1\",\"name\":\"Jennifer\",\"image\":{\"@type\":\"ImageObject\",\"inLanguage\":\"fr-FR\",\"@id\":\"https:\/\/smallthings.fr\/lespetitslivres\/#\/schema\/person\/image\/\",\"url\":\"https:\/\/secure.gravatar.com\/avatar\/ffcd6b107b6b18c3d5201f1bcc631683?s=96&d=retro&r=g\",\"contentUrl\":\"https:\/\/secure.gravatar.com\/avatar\/ffcd6b107b6b18c3d5201f1bcc631683?s=96&d=retro&r=g\",\"caption\":\"Jennifer\"},\"url\":\"https:\/\/smallthings.fr\/lespetitslivres\/author\/jennifer\/\"}]}<\/script>\n<!-- \/ Yoast SEO plugin. -->","yoast_head_json":{"title":"Dragonfury, une nouvelle saga bit-lit aux \u00e9ditions Milady","description":"Une nouvelle saga bit-lit a fait son apparition aux \u00e9ditions Milady le 19 septembre dernier. Il s\u2019agit de Dragonfury de Coreene Callahan, une auteure","robots":{"index":"index","follow":"follow","max-snippet":"max-snippet:-1","max-image-preview":"max-image-preview:large","max-video-preview":"max-video-preview:-1"},"canonical":"https:\/\/smallthings.fr\/lespetitslivres\/2014\/09\/30\/dragonfury-saga-bit-lit-milady-callahan\/","og_locale":"fr_FR","og_type":"article","og_title":"Dragonfury, une nouvelle saga bit-lit aux \u00e9ditions Milady","og_description":"Une nouvelle saga bit-lit a fait son apparition aux \u00e9ditions Milady le 19 septembre dernier. Il s\u2019agit de Dragonfury de Coreene Callahan, une auteure","og_url":"https:\/\/smallthings.fr\/lespetitslivres\/2014\/09\/30\/dragonfury-saga-bit-lit-milady-callahan\/","og_site_name":"Les Petits Livres","article_published_time":"2014-09-30T14:10:40+00:00","article_modified_time":"2015-11-27T12:46:02+00:00","author":"Jennifer","twitter_card":"summary_large_image","twitter_misc":{"\u00c9crit par":"Jennifer","Dur\u00e9e de lecture estim\u00e9e":"4 minutes"},"schema":{"@context":"https:\/\/schema.org","@graph":[{"@type":"WebPage","@id":"https:\/\/smallthings.fr\/lespetitslivres\/2014\/09\/30\/dragonfury-saga-bit-lit-milady-callahan\/","url":"https:\/\/smallthings.fr\/lespetitslivres\/2014\/09\/30\/dragonfury-saga-bit-lit-milady-callahan\/","name":"Dragonfury, une nouvelle saga bit-lit aux \u00e9ditions Milady","isPartOf":{"@id":"https:\/\/smallthings.fr\/lespetitslivres\/#website"},"datePublished":"2014-09-30T14:10:40+00:00","dateModified":"2015-11-27T12:46:02+00:00","author":{"@id":"https:\/\/smallthings.fr\/lespetitslivres\/#\/schema\/person\/bb8808220f912e72f01f7a55924d9ad1"},"description":"Une nouvelle saga bit-lit a fait son apparition aux \u00e9ditions Milady le 19 septembre dernier. Il s\u2019agit de Dragonfury de Coreene Callahan, une auteure","breadcrumb":{"@id":"https:\/\/smallthings.fr\/lespetitslivres\/2014\/09\/30\/dragonfury-saga-bit-lit-milady-callahan\/#breadcrumb"},"inLanguage":"fr-FR","potentialAction":[{"@type":"ReadAction","target":["https:\/\/smallthings.fr\/lespetitslivres\/2014\/09\/30\/dragonfury-saga-bit-lit-milady-callahan\/"]}]},{"@type":"BreadcrumbList","@id":"https:\/\/smallthings.fr\/lespetitslivres\/2014\/09\/30\/dragonfury-saga-bit-lit-milady-callahan\/#breadcrumb","itemListElement":[{"@type":"ListItem","position":1,"name":"Accueil","item":"https:\/\/smallthings.fr\/lespetitslivres\/"},{"@type":"ListItem","position":2,"name":"Dragonfury, une nouvelle saga bit-lit aux \u00e9ditions Milady"}]},{"@type":"WebSite","@id":"https:\/\/smallthings.fr\/lespetitslivres\/#website","url":"https:\/\/smallthings.fr\/lespetitslivres\/","name":"Les Petits Livres","description":"by Small Things","potentialAction":[{"@type":"SearchAction","target":{"@type":"EntryPoint","urlTemplate":"https:\/\/smallthings.fr\/lespetitslivres\/?s={search_term_string}"},"query-input":"required name=search_term_string"}],"inLanguage":"fr-FR"},{"@type":"Person","@id":"https:\/\/smallthings.fr\/lespetitslivres\/#\/schema\/person\/bb8808220f912e72f01f7a55924d9ad1","name":"Jennifer","image":{"@type":"ImageObject","inLanguage":"fr-FR","@id":"https:\/\/smallthings.fr\/lespetitslivres\/#\/schema\/person\/image\/","url":"https:\/\/secure.gravatar.com\/avatar\/ffcd6b107b6b18c3d5201f1bcc631683?s=96&d=retro&r=g","contentUrl":"https:\/\/secure.gravatar.com\/avatar\/ffcd6b107b6b18c3d5201f1bcc631683?s=96&d=retro&r=g","caption":"Jennifer"},"url":"https:\/\/smallthings.fr\/lespetitslivres\/author\/jennifer\/"}]}},"jetpack_featured_media_url":"","jetpack_sharing_enabled":true,"jetpack_shortlink":"https:\/\/wp.me\/p6Un21-4oV","jetpack-related-posts":[{"id":22851,"url":"https:\/\/smallthings.fr\/lespetitslivres\/2015\/04\/25\/furie-de-glace-deuxieme-tome-dragonfury\/","url_meta":{"origin":16921,"position":0},"title":"Furie de Glace, deuxi\u00e8me tome de la saga Dragonfury","author":"Jennifer","date":"25 avril 2015","format":false,"excerpt":"Furie de Glace, deuxi\u00e8me tome de la saga Dragonfury de Coreene Callahan, est sorti hier, 24 avril, aux \u00e9ditions Milady. Cette fois-ci, c\u2019est l\u2019histoire de Rikar que l\u2019on va suivre. Le dernier dragon de glace est tomb\u00e9 amoureux de la d\u00e9tective Angela Keene et il fera tout pour la sauver,\u2026","rel":"","context":"Dans &quot;Fantastique&quot;","block_context":{"text":"Fantastique","link":"https:\/\/smallthings.fr\/lespetitslivres\/category\/imaginaire\/fantastique\/"},"img":{"alt_text":"","src":"https:\/\/i0.wp.com\/smallthings.fr\/wp-content\/uploads\/2015\/04\/furie-de-glace-dragonfury-494x800.jpg?resize=350%2C200","width":350,"height":200},"classes":[]},{"id":29236,"url":"https:\/\/smallthings.fr\/lespetitslivres\/2015\/12\/01\/furie-tentatrice-saga-dragonfury-critique\/","url_meta":{"origin":16921,"position":1},"title":"Furie tentatrice : le T3 de la saga Dragonfury est d\u00e9cevant","author":"Jennifer","date":"1 d\u00e9cembre 2015","format":false,"excerpt":"Furie tentatrice est le troisi\u00e8me tome de la saga Dragonfury de Coreene Callahan. Sorti le 23 octobre dernier aux \u00e9ditions Milady, il met en sc\u00e8ne Mac, ancien flic devenu homme dragon et Tania, la meilleure amie de Myst. La jeune femme est convoit\u00e9e pour son \u00e9nergie et Mac devra la\u2026","rel":"","context":"Dans &quot;Actu&quot;","block_context":{"text":"Actu","link":"https:\/\/smallthings.fr\/lespetitslivres\/category\/actu\/"},"img":{"alt_text":"","src":"https:\/\/i0.wp.com\/smallthings.fr\/lespetitslivres\/wp-content\/uploads\/2015\/12\/furie-tentatrice-dragonfury-couv.jpg?resize=350%2C200&ssl=1","width":350,"height":200,"srcset":"https:\/\/i0.wp.com\/smallthings.fr\/lespetitslivres\/wp-content\/uploads\/2015\/12\/furie-tentatrice-dragonfury-couv.jpg?resize=350%2C200&ssl=1 1x, https:\/\/i0.wp.com\/smallthings.fr\/lespetitslivres\/wp-content\/uploads\/2015\/12\/furie-tentatrice-dragonfury-couv.jpg?resize=525%2C300&ssl=1 1.5x, https:\/\/i0.wp.com\/smallthings.fr\/lespetitslivres\/wp-content\/uploads\/2015\/12\/furie-tentatrice-dragonfury-couv.jpg?resize=700%2C400&ssl=1 2x, https:\/\/i0.wp.com\/smallthings.fr\/lespetitslivres\/wp-content\/uploads\/2015\/12\/furie-tentatrice-dragonfury-couv.jpg?resize=1050%2C600&ssl=1 3x, https:\/\/i0.wp.com\/smallthings.fr\/lespetitslivres\/wp-content\/uploads\/2015\/12\/furie-tentatrice-dragonfury-couv.jpg?resize=1400%2C800&ssl=1 4x"},"classes":[]},{"id":32187,"url":"https:\/\/smallthings.fr\/lespetitslivres\/2021\/01\/20\/dark-protectors-talen\/","url_meta":{"origin":16921,"position":2},"title":"Dark Protectors, la nouvelle s\u00e9rie pour les fans de bit-lit","author":"Jennifer","date":"20 janvier 2021","format":false,"excerpt":"Talen est le premier tome de la saga Dark Protectors de Rebecca Zanetti. Il sort aujourd\u2019hui aux \u00e9ditions Milady, en m\u00eame temps que le tome 2, Dage. Dans cet univers sombre, chaque guerrier a son \u00e2me s\u0153ur, et ces derniers devront se battre contre leurs ennemis jur\u00e9s pour sauver leurs\u2026","rel":"","context":"Dans &quot;Fantastique&quot;","block_context":{"text":"Fantastique","link":"https:\/\/smallthings.fr\/lespetitslivres\/category\/imaginaire\/fantastique\/"},"img":{"alt_text":"","src":"https:\/\/i0.wp.com\/smallthings.fr\/lespetitslivres\/wp-content\/uploads\/2021\/01\/Dark-Protectors-Talen-Rebecca-Zanetti-3.jpg?resize=350%2C200&ssl=1","width":350,"height":200,"srcset":"https:\/\/i0.wp.com\/smallthings.fr\/lespetitslivres\/wp-content\/uploads\/2021\/01\/Dark-Protectors-Talen-Rebecca-Zanetti-3.jpg?resize=350%2C200&ssl=1 1x, https:\/\/i0.wp.com\/smallthings.fr\/lespetitslivres\/wp-content\/uploads\/2021\/01\/Dark-Protectors-Talen-Rebecca-Zanetti-3.jpg?resize=525%2C300&ssl=1 1.5x"},"classes":[]},{"id":21031,"url":"https:\/\/smallthings.fr\/lespetitslivres\/2015\/02\/18\/vampire-nation-saga-larissa-ione-avis\/","url_meta":{"origin":16921,"position":3},"title":"Vampire Nation, la nouvelle saga de Larissa Ione","author":"Jennifer","date":"18 f\u00e9vrier 2015","format":false,"excerpt":"Vampire Nation, la nouvelle saga de Larissa Ione, sort le 20 f\u00e9vrier prochain aux \u00e9ditions Milady. Dans ce premier tome intitul\u00e9 Riker, nous faisons la connaissance d\u2019un nouveau monde. Un monde o\u00f9 les vampires ont \u00e9t\u00e9 r\u00e9duits en esclavage, mais o\u00f9 certains ont pu se cacher et luttent pour leur\u2026","rel":"","context":"Dans &quot;Fantastique&quot;","block_context":{"text":"Fantastique","link":"https:\/\/smallthings.fr\/lespetitslivres\/category\/imaginaire\/fantastique\/"},"img":{"alt_text":"","src":"https:\/\/i0.wp.com\/smallthings.fr\/wp-content\/uploads\/2015\/02\/vampire-nation-504x800.jpg?resize=350%2C200","width":350,"height":200},"classes":[]},{"id":21926,"url":"https:\/\/smallthings.fr\/lespetitslivres\/2015\/03\/24\/floraison-tome-1-rose-morte-avis\/","url_meta":{"origin":16921,"position":4},"title":"La Floraison : tome 1 de la nouvelle saga Rose Morte","author":"Jennifer","date":"24 mars 2015","format":false,"excerpt":"La Floraison, tome 1 de la nouvelle saga Rose Morte, est sorti aux \u00e9ditions Milady le 20 mars. C\u00e9line Landressie nous conte l\u2019histoire de Rose, une jeune femme qui essaie de se soustraire au mariage que son p\u00e8re a pr\u00e9vu pour elle car elle veut rester libre. En rencontrant le\u2026","rel":"","context":"Dans &quot;Fantastique&quot;","block_context":{"text":"Fantastique","link":"https:\/\/smallthings.fr\/lespetitslivres\/category\/imaginaire\/fantastique\/"},"img":{"alt_text":"","src":"https:\/\/i0.wp.com\/smallthings.fr\/wp-content\/uploads\/2015\/03\/floraison-rose-morte-tome-1-493x800.jpg?resize=350%2C200","width":350,"height":200},"classes":[]},{"id":24655,"url":"https:\/\/smallthings.fr\/lespetitslivres\/2015\/06\/23\/hunter-suite-vampire-nation-ione\/","url_meta":{"origin":16921,"position":5},"title":"Hunter, la suite de la saga Vampire Nation de Larissa Ione","author":"Jennifer","date":"23 juin 2015","format":false,"excerpt":"Hunter, deuxi\u00e8me tome de la saga Vampire Nation de Larissa Ione est sorti vendredi dernier aux \u00e9ditions Milady. Apr\u00e8s avoir lu l\u2019histoire de Riker, c\u2019est au tour du chef de clan de d\u00e9voiler ses secrets. Pour sauver la femme de son meilleur ami, Hunter a d\u00fb accepter de s\u2019unir \u00e0\u2026","rel":"","context":"Dans &quot;Fantastique&quot;","block_context":{"text":"Fantastique","link":"https:\/\/smallthings.fr\/lespetitslivres\/category\/imaginaire\/fantastique\/"},"img":{"alt_text":"","src":"","width":0,"height":0},"classes":[]}],"_links":{"self":[{"href":"https:\/\/smallthings.fr\/lespetitslivres\/wp-json\/wp\/v2\/posts\/16921"}],"collection":[{"href":"https:\/\/smallthings.fr\/lespetitslivres\/wp-json\/wp\/v2\/posts"}],"about":[{"href":"https:\/\/smallthings.fr\/lespetitslivres\/wp-json\/wp\/v2\/types\/post"}],"author":[{"embeddable":true,"href":"https:\/\/smallthings.fr\/lespetitslivres\/wp-json\/wp\/v2\/users\/14"}],"replies":[{"embeddable":true,"href":"https:\/\/smallthings.fr\/lespetitslivres\/wp-json\/wp\/v2\/comments?post=16921"}],"version-history":[{"count":1,"href":"https:\/\/smallthings.fr\/lespetitslivres\/wp-json\/wp\/v2\/posts\/16921\/revisions"}],"predecessor-version":[{"id":28853,"href":"https:\/\/smallthings.fr\/lespetitslivres\/wp-json\/wp\/v2\/posts\/16921\/revisions\/28853"}],"wp:featuredmedia":[{"embeddable":true,"href":"https:\/\/smallthings.fr\/lespetitslivres\/wp-json\/"}],"wp:attachment":[{"href":"https:\/\/smallthings.fr\/lespetitslivres\/wp-json\/wp\/v2\/media?parent=16921"}],"wp:term":[{"taxonomy":"category","embeddable":true,"href":"https:\/\/smallthings.fr\/lespetitslivres\/wp-json\/wp\/v2\/categories?post=16921"},{"taxonomy":"post_tag","embeddable":true,"href":"https:\/\/smallthings.fr\/lespetitslivres\/wp-json\/wp\/v2\/tags?post=16921"}],"curies":[{"name":"wp","href":"https:\/\/api.w.org\/{rel}","templated":true}]}}