{"id":16625,"date":"2014-09-22T15:43:36","date_gmt":"2014-09-22T14:43:36","guid":{"rendered":"http:\/\/smallthings.fr\/?p=16625"},"modified":"2015-11-02T13:29:14","modified_gmt":"2015-11-02T12:29:14","slug":"photos-volees-dominique-fabre-roman","status":"publish","type":"post","link":"https:\/\/smallthings.fr\/lespetitslivres\/2014\/09\/22\/photos-volees-dominique-fabre-roman\/","title":{"rendered":"Photos vol\u00e9es de Dominique Fabre : la renaissance par les photos"},"content":{"rendered":"<h2>La rentr\u00e9e est un peu loin maintenant. Pour autant, il ne faut pas oublier que certains bons romans restent encore \u00e0 d\u00e9couvrir, tel que Photos vol\u00e9e de Dominique Fabre paru aux <a href=\"http:\/\/www.editionsdelolivier.fr\/catalogue\/9782823600711-photos-volees\" target=\"_blank\">\u00e9ditions de l&rsquo;Olivier<\/a> le 21 ao\u00fbt dernier. Le quotidien d\u2019un ch\u00f4meur malgr\u00e9 lui qui trie ses tirages et se remet \u00e0 la photo, entre d\u00e9rive et nouvel \u00e9lan.<\/h2>\n<p>Jean perd son travail \u00e0 58 ans. Trop vieux pour retrouver un vrai travail, trop jeune encore pour b\u00e9n\u00e9ficier de sa retraite, il doit meubler tout ce temps libre qui s\u2019\u00e9tale maintenant devant lui. Apr\u00e8s un passage aux prud\u2019hommes, puis \u00e0 P\u00f4le Emploi, il se retrouve seul, d\u00e9s\u0153uvr\u00e9 dans son appartement, ou se prom\u00e8ne sans but dans la capitale et sa banlieue nord. Il d\u00e9cide alors de se mettre \u00e0 trier les photos qu\u2019il a prises durant sa jeunesse et ses premi\u00e8res ann\u00e9es de vie professionnelle\u00a0: sa passion, son premier travail, c\u2019\u00e9tait la photographie. Peu \u00e0 peu, comme entra\u00een\u00e9 sur une pente glissante, il se remet \u00e0 fumer,<strong> ressort son appareil photo, observe des endroits familiers d\u2019un regard neuf<\/strong>.<\/p>\n<p>Progressivement les lieux, les gens pris en photo s\u2019entrem\u00ealent avec ceux o\u00f9 il va, les gens qu\u2019il voit encore, qu\u2019il rencontre, et sa vie se d\u00e9ploie sous nos yeux, au fil de ses journ\u00e9es. Une femme qu\u2019il a aim\u00e9e, qui en a \u00e9pous\u00e9 un autre, mais qu\u2019il c\u00f4toie toujours. Son ex-femme, sa m\u00e8re aujourd\u2019hui d\u00e9c\u00e9d\u00e9e, un couple mari\u00e9 qui tient le bistrot o\u00f9 il va de temps en temps boire un demi rue de Rome&#8230; Les images du pass\u00e9 convoquent les souvenirs, qui remontent \u00e0 la surface\u00a0; et parall\u00e8lement le pr\u00e9sent se remet en mouvement, toujours morcel\u00e9 par l\u2019incertitude, mais allant de l\u2019avant, parce qu\u2019il faut bien, car que ferait-on sinon\u00a0?<\/p>\n<p><em><a href=\"http:\/\/smallthings.fr\/2014\/09\/22\/photos-volees-dominique-fabre-roman\/fabre-photos-volees\/\" rel=\"attachment wp-att-16630\"><img loading=\"lazy\" decoding=\"async\" class=\"alignright  wp-image-16630\" src=\"http:\/\/smallthings.fr\/wp-content\/uploads\/2014\/09\/fabre-photos-vol\u00e9es.jpg\" alt=\"fabre-photos-vol\u00e9es\" width=\"236\" height=\"346\" \/><\/a>Photos vol\u00e9es<\/em> oscille ainsi entre pr\u00e9carit\u00e9 et constance, ressassement et \u00e9lan neuf. <strong>Le talent de Dominique Fabre est ici de tr\u00e8s bien rendre cette atmosph\u00e8re en demi-teinte<\/strong>, par des descriptions d\u2019espaces urbains vides, des phrases inachev\u00e9es, pour recr\u00e9er ce sentiment de d\u00e9calage, de flou, d\u2019inach\u00e8vement perp\u00e9tuel que l\u2019on \u00e9prouve face \u00e0 la vie des autres, toujours plus pleine, plus compl\u00e8te. Ces questions toujours en suspens, dont on r\u00e9alise qu\u2019elles ne recevront jamais de r\u00e9ponse\u00a0; ces moments pass\u00e9s qui ne reviendront plus. Ces plages de temps vides, entrecoup\u00e9es d\u2019occupations et de retrouvailles ponctuelles. <strong>Le lecteur se glisse sans peine dans la peau du personnage, quitte \u00e0 se sentir aussi \u00e0 nu que lui, aussi perdu<\/strong>. Aussi \u00e0 la d\u00e9rive.<\/p>\n<p>Cela n\u2019aboutit pas pour autant \u00e0 une ambiance totalement d\u00e9pressive. Il y a des regrets, oui, peut-\u00eatre des ranc\u0153urs, mais elles n\u2019emp\u00eachent pas de vivre. Ce qui habite <em>Photos vol\u00e9es<\/em> n\u2019est pas non plus seulement de la r\u00e9signation, puisque Jean saisit encore les occasions qui se pr\u00e9sentent \u00e0 lui\u00a0: un maghr\u00e9bin qu\u2019il rencontre sur les bancs de P\u00f4le Emploi avec qui il fait des livraisons et des d\u00e9m\u00e9nagements, l\u2019avocate qui l\u2019a d\u00e9fendu au tribunal, qu\u2019il revoit apr\u00e8s la fin des poursuites, l\u2019envie des gens de voir ses photos, sa propre envie d\u2019en refaire&#8230; Le lecteur se retrouve ainsi ballott\u00e9 dans les vagues contradictoires qui submergent Jean, jamais tout \u00e0 fait au fond, jamais tout \u00e0 fait sur la cr\u00eate, toujours entre deux eaux, tendant parfois un peu plus vers le fond&#8230; Cela met parfois mal \u00e0 l\u2019aise, rend le r\u00e9cit vaseux, mais c\u2019est fait \u00e0 dessein. Et la nouvelle vie de Jean qui se dessine peu \u00e0 peu en filigrane, toute en potentialit\u00e9s, vient donner un souffle d\u2019air bienvenu \u00e0 l\u2019ensemble, sur la fin. Ce qui nous permet de dire que<strong> l\u2019auteur plaide finalement en faveur de ces vies v\u00e9cues malgr\u00e9 tout<\/strong>.<\/p>\n<p>Quand on n\u2019a plus de travail, pas de femme, pas d\u2019enfants, qu\u2019est-ce qui reste\u00a0? La gr\u00e2ce volatile d\u2019une vie v\u00e9cue, certes trop vite, moins pleinement qu\u2019on ne l\u2019aurait voulu, mais dont on retient malgr\u00e9 tout ces quelques photos prises au fil de l\u2019eau, presque sans y pr\u00eater attention, et qui, quelques ann\u00e9es plus tard, deviennent des souvenirs cristallis\u00e9s, \u00e9chapp\u00e9s au temps. Les souvenirs eux-m\u00eames, qui reviennent fatalement \u00e0 l\u2019esprit, pour mieux appr\u00e9cier le pr\u00e9sent, ou le regretter. <em>Photos vol\u00e9es<\/em> raconte la demi-r\u00e9signation d\u2019un homme qui aurait voulu plus, qui avait r\u00eav\u00e9 mieux, mais qui accepte aussi son sort pr\u00e9sent sans r\u00e9volte, et profite peu \u00e0 peu de ce que lui donne encore la vie : un don pour la photo, quelques amis, peut-\u00eatre une nouvelle relation&#8230; En attendant le moment o\u00f9 cela s\u2019arr\u00eatera.<\/p>\n<div id=\"attachment_16629\" style=\"width: 372px\" class=\"wp-caption aligncenter\"><a href=\"http:\/\/smallthings.fr\/2014\/09\/22\/photos-volees-dominique-fabre-roman\/dominique-fabre-photos\/\" rel=\"attachment wp-att-16629\"><img loading=\"lazy\" decoding=\"async\" aria-describedby=\"caption-attachment-16629\" class=\" wp-image-16629\" src=\"http:\/\/smallthings.fr\/wp-content\/uploads\/2014\/09\/dominique-fabre-photos.jpeg\" alt=\"Dominique Fabre, auteur des Photos vol\u00e9es\" width=\"362\" height=\"272\" \/><\/a><p id=\"caption-attachment-16629\" class=\"wp-caption-text\">Dominique Fabre, auteur des Photos vol\u00e9es<\/p><\/div>\n<blockquote><p><em>\u00ab\u00a0J\u2019avais encore pass\u00e9 beaucoup de temps entre mes n\u00e9gatifs et mes tirages, les premi\u00e8res bo\u00eetes, celles du papier Agfa que nous utilisions \u00e0 la mjc, dans le club photo o\u00f9 j\u2019ai pass\u00e9 beaucoup d\u2019ann\u00e9es. Je ne me souvenais pas de tous les tirages, ou pas exactement, mais ils me r\u00e9veillaient la nuit pour me dire un pr\u00e9nom, ou d\u2019autres fois un \u00e9clat de rire, une remarque qu\u2019on m\u2019avait faite, et qui ne m\u2019a jamais quitt\u00e9, sans que je sache pourquoi. Personne, je le comprenais peu \u00e0 peu, ne comprend jamais pourquoi. Est-ce parce que nous ne sommes pas n\u00e9s de la derni\u00e8re pluie\u00a0? Que deviennent-ils nos vieilles amours et les r\u00eaves qui nous remontent du pass\u00e9\u00a0? J\u2019ai eu envie d\u2019en prendre quelques-unes pour \u00c9lise, et puis non, je n\u2019\u00e9tais pas s\u00fbr que \u00e7a lui ferait plaisir. Elle les verrait plus tard si elle voulait.\u00a0\u00bb<\/em><\/p><\/blockquote>\n","protected":false},"excerpt":{"rendered":"<p>La rentr\u00e9e est un peu loin maintenant. Pour autant, il ne faut pas oublier que certains bons romans restent encore \u00e0 d\u00e9couvrir, tel que Photos vol\u00e9e de Dominique Fabre paru aux \u00e9ditions de l&rsquo;Olivier le 21 ao\u00fbt dernier. Le quotidien d\u2019un ch\u00f4meur malgr\u00e9 lui qui trie ses tirages et se remet \u00e0 la photo, entre<\/p>\n","protected":false},"author":13,"featured_media":16627,"comment_status":"open","ping_status":"open","sticky":false,"template":"","format":"standard","meta":{"jetpack_post_was_ever_published":false,"_jetpack_newsletter_access":"","_jetpack_newsletter_tier_id":0,"footnotes":"","jetpack_publicize_message":"","jetpack_is_tweetstorm":false,"jetpack_publicize_feature_enabled":true,"jetpack_social_post_already_shared":false,"jetpack_social_options":{"image_generator_settings":{"template":"highway","enabled":false}}},"categories":[1117],"tags":[209,210,32,211],"jetpack_publicize_connections":[],"yoast_head":"<!-- This site is optimized with the Yoast SEO plugin v21.5 - https:\/\/yoast.com\/wordpress\/plugins\/seo\/ -->\n<title>Le roman de Dominique Fabre : la renaissance par les photos<\/title>\n<meta name=\"description\" content=\"La rentr\u00e9e est un peu loin maintenant. Pour autant, il ne faut pas oublier que certains bons romans restent encore \u00e0 d\u00e9couvrir, tel que Photos vol\u00e9es\" \/>\n<meta name=\"robots\" content=\"index, follow, max-snippet:-1, max-image-preview:large, max-video-preview:-1\" \/>\n<link rel=\"canonical\" href=\"https:\/\/smallthings.fr\/lespetitslivres\/2014\/09\/22\/photos-volees-dominique-fabre-roman\/\" \/>\n<meta property=\"og:locale\" content=\"fr_FR\" \/>\n<meta property=\"og:type\" content=\"article\" \/>\n<meta property=\"og:title\" content=\"Le roman de Dominique Fabre : la renaissance par les photos\" \/>\n<meta property=\"og:description\" content=\"La rentr\u00e9e est un peu loin maintenant. Pour autant, il ne faut pas oublier que certains bons romans restent encore \u00e0 d\u00e9couvrir, tel que Photos vol\u00e9es\" \/>\n<meta property=\"og:url\" content=\"https:\/\/smallthings.fr\/lespetitslivres\/2014\/09\/22\/photos-volees-dominique-fabre-roman\/\" \/>\n<meta property=\"og:site_name\" content=\"Les Petits Livres\" \/>\n<meta property=\"article:published_time\" content=\"2014-09-22T14:43:36+00:00\" \/>\n<meta property=\"article:modified_time\" content=\"2015-11-02T12:29:14+00:00\" \/>\n<meta name=\"author\" content=\"Cecile\" \/>\n<meta name=\"twitter:card\" content=\"summary_large_image\" \/>\n<meta name=\"twitter:label1\" content=\"\u00c9crit par\" \/>\n\t<meta name=\"twitter:data1\" content=\"Cecile\" \/>\n\t<meta name=\"twitter:label2\" content=\"Dur\u00e9e de lecture estim\u00e9e\" \/>\n\t<meta name=\"twitter:data2\" content=\"5 minutes\" \/>\n<script type=\"application\/ld+json\" class=\"yoast-schema-graph\">{\"@context\":\"https:\/\/schema.org\",\"@graph\":[{\"@type\":\"WebPage\",\"@id\":\"https:\/\/smallthings.fr\/lespetitslivres\/2014\/09\/22\/photos-volees-dominique-fabre-roman\/\",\"url\":\"https:\/\/smallthings.fr\/lespetitslivres\/2014\/09\/22\/photos-volees-dominique-fabre-roman\/\",\"name\":\"Le roman de Dominique Fabre : la renaissance par les photos\",\"isPartOf\":{\"@id\":\"https:\/\/smallthings.fr\/lespetitslivres\/#website\"},\"datePublished\":\"2014-09-22T14:43:36+00:00\",\"dateModified\":\"2015-11-02T12:29:14+00:00\",\"author\":{\"@id\":\"https:\/\/smallthings.fr\/lespetitslivres\/#\/schema\/person\/7b3de8ef611f2b29f758a00cad7cafb2\"},\"description\":\"La rentr\u00e9e est un peu loin maintenant. Pour autant, il ne faut pas oublier que certains bons romans restent encore \u00e0 d\u00e9couvrir, tel que Photos vol\u00e9es\",\"breadcrumb\":{\"@id\":\"https:\/\/smallthings.fr\/lespetitslivres\/2014\/09\/22\/photos-volees-dominique-fabre-roman\/#breadcrumb\"},\"inLanguage\":\"fr-FR\",\"potentialAction\":[{\"@type\":\"ReadAction\",\"target\":[\"https:\/\/smallthings.fr\/lespetitslivres\/2014\/09\/22\/photos-volees-dominique-fabre-roman\/\"]}]},{\"@type\":\"BreadcrumbList\",\"@id\":\"https:\/\/smallthings.fr\/lespetitslivres\/2014\/09\/22\/photos-volees-dominique-fabre-roman\/#breadcrumb\",\"itemListElement\":[{\"@type\":\"ListItem\",\"position\":1,\"name\":\"Accueil\",\"item\":\"https:\/\/smallthings.fr\/lespetitslivres\/\"},{\"@type\":\"ListItem\",\"position\":2,\"name\":\"Photos vol\u00e9es de Dominique Fabre : la renaissance par les photos\"}]},{\"@type\":\"WebSite\",\"@id\":\"https:\/\/smallthings.fr\/lespetitslivres\/#website\",\"url\":\"https:\/\/smallthings.fr\/lespetitslivres\/\",\"name\":\"Les Petits Livres\",\"description\":\"by Small Things\",\"potentialAction\":[{\"@type\":\"SearchAction\",\"target\":{\"@type\":\"EntryPoint\",\"urlTemplate\":\"https:\/\/smallthings.fr\/lespetitslivres\/?s={search_term_string}\"},\"query-input\":\"required name=search_term_string\"}],\"inLanguage\":\"fr-FR\"},{\"@type\":\"Person\",\"@id\":\"https:\/\/smallthings.fr\/lespetitslivres\/#\/schema\/person\/7b3de8ef611f2b29f758a00cad7cafb2\",\"name\":\"Cecile\",\"image\":{\"@type\":\"ImageObject\",\"inLanguage\":\"fr-FR\",\"@id\":\"https:\/\/smallthings.fr\/lespetitslivres\/#\/schema\/person\/image\/\",\"url\":\"https:\/\/secure.gravatar.com\/avatar\/a855fa1dbad38b06e97132a8a6579746?s=96&d=retro&r=g\",\"contentUrl\":\"https:\/\/secure.gravatar.com\/avatar\/a855fa1dbad38b06e97132a8a6579746?s=96&d=retro&r=g\",\"caption\":\"Cecile\"},\"url\":\"https:\/\/smallthings.fr\/lespetitslivres\/author\/cecile\/\"}]}<\/script>\n<!-- \/ Yoast SEO plugin. -->","yoast_head_json":{"title":"Le roman de Dominique Fabre : la renaissance par les photos","description":"La rentr\u00e9e est un peu loin maintenant. Pour autant, il ne faut pas oublier que certains bons romans restent encore \u00e0 d\u00e9couvrir, tel que Photos vol\u00e9es","robots":{"index":"index","follow":"follow","max-snippet":"max-snippet:-1","max-image-preview":"max-image-preview:large","max-video-preview":"max-video-preview:-1"},"canonical":"https:\/\/smallthings.fr\/lespetitslivres\/2014\/09\/22\/photos-volees-dominique-fabre-roman\/","og_locale":"fr_FR","og_type":"article","og_title":"Le roman de Dominique Fabre : la renaissance par les photos","og_description":"La rentr\u00e9e est un peu loin maintenant. Pour autant, il ne faut pas oublier que certains bons romans restent encore \u00e0 d\u00e9couvrir, tel que Photos vol\u00e9es","og_url":"https:\/\/smallthings.fr\/lespetitslivres\/2014\/09\/22\/photos-volees-dominique-fabre-roman\/","og_site_name":"Les Petits Livres","article_published_time":"2014-09-22T14:43:36+00:00","article_modified_time":"2015-11-02T12:29:14+00:00","author":"Cecile","twitter_card":"summary_large_image","twitter_misc":{"\u00c9crit par":"Cecile","Dur\u00e9e de lecture estim\u00e9e":"5 minutes"},"schema":{"@context":"https:\/\/schema.org","@graph":[{"@type":"WebPage","@id":"https:\/\/smallthings.fr\/lespetitslivres\/2014\/09\/22\/photos-volees-dominique-fabre-roman\/","url":"https:\/\/smallthings.fr\/lespetitslivres\/2014\/09\/22\/photos-volees-dominique-fabre-roman\/","name":"Le roman de Dominique Fabre : la renaissance par les photos","isPartOf":{"@id":"https:\/\/smallthings.fr\/lespetitslivres\/#website"},"datePublished":"2014-09-22T14:43:36+00:00","dateModified":"2015-11-02T12:29:14+00:00","author":{"@id":"https:\/\/smallthings.fr\/lespetitslivres\/#\/schema\/person\/7b3de8ef611f2b29f758a00cad7cafb2"},"description":"La rentr\u00e9e est un peu loin maintenant. Pour autant, il ne faut pas oublier que certains bons romans restent encore \u00e0 d\u00e9couvrir, tel que Photos vol\u00e9es","breadcrumb":{"@id":"https:\/\/smallthings.fr\/lespetitslivres\/2014\/09\/22\/photos-volees-dominique-fabre-roman\/#breadcrumb"},"inLanguage":"fr-FR","potentialAction":[{"@type":"ReadAction","target":["https:\/\/smallthings.fr\/lespetitslivres\/2014\/09\/22\/photos-volees-dominique-fabre-roman\/"]}]},{"@type":"BreadcrumbList","@id":"https:\/\/smallthings.fr\/lespetitslivres\/2014\/09\/22\/photos-volees-dominique-fabre-roman\/#breadcrumb","itemListElement":[{"@type":"ListItem","position":1,"name":"Accueil","item":"https:\/\/smallthings.fr\/lespetitslivres\/"},{"@type":"ListItem","position":2,"name":"Photos vol\u00e9es de Dominique Fabre : la renaissance par les photos"}]},{"@type":"WebSite","@id":"https:\/\/smallthings.fr\/lespetitslivres\/#website","url":"https:\/\/smallthings.fr\/lespetitslivres\/","name":"Les Petits Livres","description":"by Small Things","potentialAction":[{"@type":"SearchAction","target":{"@type":"EntryPoint","urlTemplate":"https:\/\/smallthings.fr\/lespetitslivres\/?s={search_term_string}"},"query-input":"required name=search_term_string"}],"inLanguage":"fr-FR"},{"@type":"Person","@id":"https:\/\/smallthings.fr\/lespetitslivres\/#\/schema\/person\/7b3de8ef611f2b29f758a00cad7cafb2","name":"Cecile","image":{"@type":"ImageObject","inLanguage":"fr-FR","@id":"https:\/\/smallthings.fr\/lespetitslivres\/#\/schema\/person\/image\/","url":"https:\/\/secure.gravatar.com\/avatar\/a855fa1dbad38b06e97132a8a6579746?s=96&d=retro&r=g","contentUrl":"https:\/\/secure.gravatar.com\/avatar\/a855fa1dbad38b06e97132a8a6579746?s=96&d=retro&r=g","caption":"Cecile"},"url":"https:\/\/smallthings.fr\/lespetitslivres\/author\/cecile\/"}]}},"jetpack_featured_media_url":"","jetpack_sharing_enabled":true,"jetpack_shortlink":"https:\/\/wp.me\/p6Un21-4k9","jetpack-related-posts":[{"id":30246,"url":"https:\/\/smallthings.fr\/lespetitslivres\/2016\/08\/25\/principal-guigue-critique\/","url_meta":{"origin":16625,"position":0},"title":"Le principal : les coulisses mouvement\u00e9es d&rsquo;un coll\u00e8ge","author":"Rebecca","date":"25 ao\u00fbt 2016","format":false,"excerpt":"Le principal vient de para\u00eetre chez JC Latt\u00e8s. L'auteur, Arnaud Guigue, sait bien de quoi il parle, car il a \u00e9t\u00e9 lui-m\u00eame principal avant de devenir proviseur dans la r\u00e9gion parisienne. Sa ni\u00e8ce lui ayant fait un jour une remarque des plus surprenantes - \"une fois les emplois du temps\u2026","rel":"","context":"Dans &quot;Essai&quot;","block_context":{"text":"Essai","link":"https:\/\/smallthings.fr\/lespetitslivres\/category\/non-fiction\/essai\/"},"img":{"alt_text":"","src":"https:\/\/i0.wp.com\/smallthings.fr\/lespetitslivres\/wp-content\/uploads\/2016\/08\/college-principal-guigue-couv.jpg?resize=350%2C200&ssl=1","width":350,"height":200,"srcset":"https:\/\/i0.wp.com\/smallthings.fr\/lespetitslivres\/wp-content\/uploads\/2016\/08\/college-principal-guigue-couv.jpg?resize=350%2C200&ssl=1 1x, https:\/\/i0.wp.com\/smallthings.fr\/lespetitslivres\/wp-content\/uploads\/2016\/08\/college-principal-guigue-couv.jpg?resize=525%2C300&ssl=1 1.5x, https:\/\/i0.wp.com\/smallthings.fr\/lespetitslivres\/wp-content\/uploads\/2016\/08\/college-principal-guigue-couv.jpg?resize=700%2C400&ssl=1 2x"},"classes":[]},{"id":30163,"url":"https:\/\/smallthings.fr\/lespetitslivres\/2016\/08\/28\/10-04-ben-lerner-roman-critique\/","url_meta":{"origin":16625,"position":1},"title":"10:04 de Ben Lerner : le roman du romancier","author":"Diane Norric","date":"28 ao\u00fbt 2016","format":false,"excerpt":"10:04 est le second roman de l'Am\u00e9ricain Ben Lerner, que publient les \u00e9ditions de l\u2019Olivier en cette rentr\u00e9e litt\u00e9raire. Le premier roman de l'auteur, Au d\u00e9part d\u2019Atocha, encens\u00e9 par la critique anglo-saxonne \u00e9tait paru en fran\u00e7ais chez le m\u00eame \u00e9diteur. 10:04 est lui aussi pr\u00e9c\u00e9d\u00e9 d\u2019une flatteuse r\u00e9putation. Dans ce\u2026","rel":"","context":"Dans &quot;Rentr\u00e9e litt\u00e9raire&quot;","block_context":{"text":"Rentr\u00e9e litt\u00e9raire","link":"https:\/\/smallthings.fr\/lespetitslivres\/category\/rentree-litteraire\/"},"img":{"alt_text":"","src":"https:\/\/i0.wp.com\/smallthings.fr\/lespetitslivres\/wp-content\/uploads\/2016\/07\/10-04-lerner-couv.jpg?resize=350%2C200&ssl=1","width":350,"height":200,"srcset":"https:\/\/i0.wp.com\/smallthings.fr\/lespetitslivres\/wp-content\/uploads\/2016\/07\/10-04-lerner-couv.jpg?resize=350%2C200&ssl=1 1x, https:\/\/i0.wp.com\/smallthings.fr\/lespetitslivres\/wp-content\/uploads\/2016\/07\/10-04-lerner-couv.jpg?resize=525%2C300&ssl=1 1.5x, https:\/\/i0.wp.com\/smallthings.fr\/lespetitslivres\/wp-content\/uploads\/2016\/07\/10-04-lerner-couv.jpg?resize=700%2C400&ssl=1 2x, https:\/\/i0.wp.com\/smallthings.fr\/lespetitslivres\/wp-content\/uploads\/2016\/07\/10-04-lerner-couv.jpg?resize=1050%2C600&ssl=1 3x"},"classes":[]},{"id":26290,"url":"https:\/\/smallthings.fr\/lespetitslivres\/2015\/08\/19\/petits-plats-de-resistance-pujol-critique\/","url_meta":{"origin":16625,"position":2},"title":"Petits plats de r\u00e9sistance : le premier roman de Pascale Pujol","author":"Audrey Ch\u00e8vrefeuille","date":"19 ao\u00fbt 2015","format":false,"excerpt":"Avec Petits plats de r\u00e9sistance, de Pascale Pujol signe l'une des publications les plus originales de cette rentr\u00e9e litt\u00e9raire aux \u00e9ditions du Dilettante. Un premier roman pour cette auteure, qui s\u2019\u00e9tait auparavant essay\u00e9e au recueil de nouvelles en 2014 avec Fragments d\u2019un texto amoureux, publi\u00e9 aux \u00e9ditions Quadrature, un \u00e9diteur\u2026","rel":"","context":"Dans &quot;Rentr\u00e9e Litt\u00e9raire&quot;","block_context":{"text":"Rentr\u00e9e Litt\u00e9raire","link":"https:\/\/smallthings.fr\/lespetitslivres\/category\/rentree-litteraire-2015\/"},"img":{"alt_text":"","src":"https:\/\/i0.wp.com\/smallthings.fr\/wp-content\/uploads\/2015\/08\/petits-plats-de-resistance.jpg?resize=350%2C200","width":350,"height":200},"classes":[]},{"id":16019,"url":"https:\/\/smallthings.fr\/lespetitslivres\/2014\/08\/25\/denis-michelis-chance-tu-as\/","url_meta":{"origin":16625,"position":3},"title":"Denis Michelis &#8211; La chance que tu as","author":"Claire","date":"25 ao\u00fbt 2014","format":false,"excerpt":"Denis Michelis publie chez Stock son premier roman pour la rentr\u00e9e litt\u00e9raire : La chance que tu as. Le journaliste choisit de parler de la souffrance sourde que tout un chacun dans cette soci\u00e9t\u00e9 peut ressentir parfois. Un roman tr\u00e8s efficace. Fra\u00eechement d\u00e9barqu\u00e9 de chez ses parents qui lui ont\u2026","rel":"","context":"Dans &quot;Roman fran\u00e7ais&quot;","block_context":{"text":"Roman fran\u00e7ais","link":"https:\/\/smallthings.fr\/lespetitslivres\/category\/roman\/roman-francais\/"},"img":{"alt_text":"Denis Michelis pr\u00c3\u00a9sente son roman \u00c3\u00a0 l'Institut du Monde Arabe en juin dernier.","src":"https:\/\/i0.wp.com\/smallthings.fr\/wp-content\/uploads\/2014\/08\/denis-michelis-chance-que.jpg?resize=350%2C200","width":350,"height":200},"classes":[]},{"id":30217,"url":"https:\/\/smallthings.fr\/lespetitslivres\/2016\/08\/18\/derniers-feux-sunset-fitzgerald\/","url_meta":{"origin":16625,"position":4},"title":"Derniers feux sur Sunset ou la vie revisit\u00e9e de Francis Scott Fitzgerald","author":"Fanny","date":"18 ao\u00fbt 2016","format":false,"excerpt":"Avec Derniers feux sur Sunset, ce tout nouveau roman \u00e0 para\u00eetre aujourd'hui\u00a0aux \u00e9ditions de l'Olivier, Stewart O'Nan nous plonge dans un Hollywood plus r\u00e9aliste, d\u00e9fra\u00eechi et mit\u00e9, bien loin de celui des \u00e9crans de cin\u00e9ma. Le temps a pass\u00e9, la vie de Francis Scott Fitzgerald aussi. En 1937, Scott se\u2026","rel":"","context":"Dans &quot;Rentr\u00e9e litt\u00e9raire&quot;","block_context":{"text":"Rentr\u00e9e litt\u00e9raire","link":"https:\/\/smallthings.fr\/lespetitslivres\/category\/rentree-litteraire\/"},"img":{"alt_text":"","src":"https:\/\/i0.wp.com\/smallthings.fr\/lespetitslivres\/wp-content\/uploads\/2016\/08\/derniers-feux-sunset-couv.jpg?resize=350%2C200&ssl=1","width":350,"height":200,"srcset":"https:\/\/i0.wp.com\/smallthings.fr\/lespetitslivres\/wp-content\/uploads\/2016\/08\/derniers-feux-sunset-couv.jpg?resize=350%2C200&ssl=1 1x, https:\/\/i0.wp.com\/smallthings.fr\/lespetitslivres\/wp-content\/uploads\/2016\/08\/derniers-feux-sunset-couv.jpg?resize=525%2C300&ssl=1 1.5x, https:\/\/i0.wp.com\/smallthings.fr\/lespetitslivres\/wp-content\/uploads\/2016\/08\/derniers-feux-sunset-couv.jpg?resize=700%2C400&ssl=1 2x, https:\/\/i0.wp.com\/smallthings.fr\/lespetitslivres\/wp-content\/uploads\/2016\/08\/derniers-feux-sunset-couv.jpg?resize=1050%2C600&ssl=1 3x"},"classes":[]},{"id":7907,"url":"https:\/\/smallthings.fr\/lespetitslivres\/2013\/09\/13\/veronique-ovalde-grace-brigands\/","url_meta":{"origin":16625,"position":5},"title":"V\u00e9ronique Ovald\u00e9 &#8211; La gr\u00e2ce des brigands","author":"Audrey Ch\u00e8vrefeuille","date":"13 septembre 2013","format":false,"excerpt":"La gr\u00e2ce des brigants, neuvi\u00e8me roman de V\u00e9ronique Ovald\u00e9, sort aux \u00e9ditions de l'Olivier en cette rentr\u00e9e litt\u00e9raire. V\u00e9ronique Ovald\u00e9 est notamment l'auteur des tr\u00e8s prim\u00e9s Ce que je sais de Vera\u00a0Candida et Mon coeur transparent. Cette fois encore, les personnages et leurs histoires, leurs pass\u00e9s, sont au coeur de\u2026","rel":"","context":"Dans &quot;Roman fran\u00e7ais&quot;","block_context":{"text":"Roman fran\u00e7ais","link":"https:\/\/smallthings.fr\/lespetitslivres\/category\/roman\/roman-francais\/"},"img":{"alt_text":"","src":"https:\/\/i0.wp.com\/uploads.smallthings.fr\/2013\/09\/OVALDV1-877x1024.jpg?resize=350%2C200","width":350,"height":200},"classes":[]}],"_links":{"self":[{"href":"https:\/\/smallthings.fr\/lespetitslivres\/wp-json\/wp\/v2\/posts\/16625"}],"collection":[{"href":"https:\/\/smallthings.fr\/lespetitslivres\/wp-json\/wp\/v2\/posts"}],"about":[{"href":"https:\/\/smallthings.fr\/lespetitslivres\/wp-json\/wp\/v2\/types\/post"}],"author":[{"embeddable":true,"href":"https:\/\/smallthings.fr\/lespetitslivres\/wp-json\/wp\/v2\/users\/13"}],"replies":[{"embeddable":true,"href":"https:\/\/smallthings.fr\/lespetitslivres\/wp-json\/wp\/v2\/comments?post=16625"}],"version-history":[{"count":1,"href":"https:\/\/smallthings.fr\/lespetitslivres\/wp-json\/wp\/v2\/posts\/16625\/revisions"}],"predecessor-version":[{"id":28857,"href":"https:\/\/smallthings.fr\/lespetitslivres\/wp-json\/wp\/v2\/posts\/16625\/revisions\/28857"}],"wp:featuredmedia":[{"embeddable":true,"href":"https:\/\/smallthings.fr\/lespetitslivres\/wp-json\/"}],"wp:attachment":[{"href":"https:\/\/smallthings.fr\/lespetitslivres\/wp-json\/wp\/v2\/media?parent=16625"}],"wp:term":[{"taxonomy":"category","embeddable":true,"href":"https:\/\/smallthings.fr\/lespetitslivres\/wp-json\/wp\/v2\/categories?post=16625"},{"taxonomy":"post_tag","embeddable":true,"href":"https:\/\/smallthings.fr\/lespetitslivres\/wp-json\/wp\/v2\/tags?post=16625"}],"curies":[{"name":"wp","href":"https:\/\/api.w.org\/{rel}","templated":true}]}}