{"id":16297,"date":"2014-09-04T15:02:35","date_gmt":"2014-09-04T14:02:35","guid":{"rendered":"http:\/\/smallthings.fr\/?p=16297"},"modified":"2015-11-02T13:29:20","modified_gmt":"2015-11-02T12:29:20","slug":"pas-termine-verite-affaire-harry-quebert","status":"publish","type":"post","link":"https:\/\/smallthings.fr\/lespetitslivres\/2014\/09\/04\/pas-termine-verite-affaire-harry-quebert\/","title":{"rendered":"Pourquoi je n&rsquo;ai pas termin\u00e9 \u00ab\u00a0La V\u00e9rit\u00e9 sur l&rsquo;affaire Harry Qu\u00e9bert\u00a0\u00bb"},"content":{"rendered":"<h2>Il y a quelques mois, <a href=\"http:\/\/smallthings.fr\/2014\/06\/17\/verite-laffaire-harry-quebert-sorti-en-poche\/\" target=\"_blank\">j&rsquo;\u00e9crivais<\/a> avec enthousiasme avoir acquis la version poche de <em>La V\u00e9rit\u00e9 sur l&rsquo;affaire Harry Qu\u00e9bert<\/em>, roman \u00e0 succ\u00e8s de Jo\u00ebl Dicker, laur\u00e9at de plusieurs prix litt\u00e9raires en 2012, tels que le Goncourt des lyc\u00e9ens, et le Grand Prix de l&rsquo;Acad\u00e9mie Fran\u00e7aise, rien que \u00e7a. Cependant, le livre m&rsquo;a laiss\u00e9e, \u00e0 mon grand regret, de marbre. Pire : impossible de le terminer.<\/h2>\n<p>Un \u00e9crivain new-yorkais victime de la page blanche, qui retourne voir son mentor dans un petit village tout mignon o\u00f9 il a fait son \u00e9ducation. Une histoire d&rsquo;amiti\u00e9 et d&rsquo;admiration entre deux hommes li\u00e9s par l&rsquo;amour des livres et de la cr\u00e9ation. Un drame d\u00e9couvert et une enqu\u00eate qui commence, m\u00ealant divers personnages tous plus louches et plus bless\u00e9s par la vie les uns que les autres. Une histoire d&rsquo;amour impossible. <strong>Clairement un must-read pour moi. Qui s&rsquo;est r\u00e9v\u00e9l\u00e9 d&rsquo;une longueur et d&rsquo;un d\u00e9sint\u00e9r\u00eat regrettable.<\/strong><\/p>\n<p>Soyons clairs, loin de moi l&rsquo;id\u00e9e d&rsquo;accabler ce livre, qui n&rsquo;a de toute mani\u00e8re pas besoin de moi pour figurer ou non dans les meilleures ventes depuis des mois. Pour moi, <strong>l&rsquo;auteur est pass\u00e9 \u00e0 c\u00f4t\u00e9 de son intention de d\u00e9part, que je trouvais g\u00e9niale<\/strong>. Il se perd dans cette non-enqu\u00eate qui ne soul\u00e8ve jamais rien de bien nouveau. Le lecteur tient toutes les cartes d\u00e8s le d\u00e9part, l&rsquo;auteur n&rsquo;en apporte gu\u00e8re d&rsquo;autres. Bien s\u00fbr, Harry Qu\u00e9bert n&rsquo;est pas le meurtrier. Bien s\u00fbr, le h\u00e9ros finira par \u00e9crire THE bouquin \u00e0 propos de cette affaire. L&rsquo;auteur soit disant g\u00e9nial a le charisme d&rsquo;un Marc L\u00e9vy et les passages que l&rsquo;on d\u00e9couvre de son futur livre laissent perplexes. A part minauder aupr\u00e8s de son ancien professeur et esp\u00e9rer que la v\u00e9rit\u00e9 sur l&rsquo;affaire lui tombe toute cuite dans le bec, que fait-il ? De plus, l&rsquo;hypoth\u00e8se selon laquelle un \u00e9crivain mettrait son nez dans une affaire abandonn\u00e9e par la police et aiderait \u00e0 la r\u00e9soudre, fait doucement rire. Jo\u00ebl Dicker ne fait pas suffisamment preuve de second degr\u00e9 pour que l&rsquo;on admette ce postulat. Il nous l&rsquo;impose comme quelque chose d&rsquo;\u00e9vident ; cela agace. Les flics du village ont certes l&rsquo;air ralentis, mais Jo\u00ebl Dicker ne s&rsquo;est clairement pas renseign\u00e9 sur le d\u00e9roulement d&rsquo;une enqu\u00eate polici\u00e8re. C&rsquo;est lent, \u00e7a n&rsquo;avance pas&#8230; On revient toujours sur les m\u00eames personnages. On suppose bien qu&rsquo;aucun de ceux soup\u00e7onn\u00e9s au d\u00e9but n&rsquo;a tu\u00e9 Nola, mais pfffff on perd patience et personnellement, je n&rsquo;ai pas eu le courage d&rsquo;attendre d&rsquo;apprendre qui \u00e9tait le coupable. Je lirai sans doute les derni\u00e8res pages, juste histoire de savoir.<\/p>\n<p><img loading=\"lazy\" decoding=\"async\" class=\"aligncenter  wp-image-16313\" src=\"http:\/\/smallthings.fr\/wp-content\/uploads\/2014\/09\/harry-quebert.jpg\" alt=\"harry-quebert\" width=\"393\" height=\"195\" \/><\/p>\n<p>Quant \u00e0 <strong>l&rsquo;histoire d&rsquo;amour, elle tient une place trop importante qui la rend absolument insupportable<\/strong>. Cette Nola, la jeune fille de quinze folle amoureuse d&rsquo;Harry Qu\u00e9bert, que l&rsquo;on retrouve enterr\u00e9e dans son jardin, est d&rsquo;une incr\u00e9dibilit\u00e9 \u00e0 toute \u00e9preuve. A aucun moment on ne gobe qu&rsquo;une fille pareille puisse exister. Ayant v\u00e9cu tous les malheurs du monde (battue par sa m\u00e8re, constamment pleine de bleus, pauvre Cosette au restaurant du village&#8230;), Nola n&rsquo;est pas celle que l&rsquo;on pense. Elle est si courageuse, si forte, oui, mais surtout si nunuche ! Les passages \u00e9pistolaires entre elle et Harry Qu\u00e9bert sont path\u00e9tiques et ennuyeux. Moi qui ne d\u00e9teste pas les histoires \u00e0 l&rsquo;eau de rose, l\u00e0 c&rsquo;est trop. <strong>Cette histoire d&rsquo;amour n&rsquo;est pas impossible de fait : elle est impossible \u00e0 croire !<\/strong> Les mi\u00e8vreries des deux personnages sont repoussantes. L&rsquo;histoire, qui pourrait \u00eatre belle, d&rsquo;un homme accus\u00e9 d&rsquo;avoir tu\u00e9 le grand amour de sa vie, retombe comme un soufflet. Le myst\u00e8re de leur amour et les doutes quant \u00e0 son d\u00e9nouement perdent rapidement en int\u00e9r\u00eat.<\/p>\n<p>Je ne regrette pas ce que je disais dans <a href=\"http:\/\/smallthings.fr\/2014\/06\/17\/verite-laffaire-harry-quebert-sorti-en-poche\/\" target=\"_blank\">mon article<\/a> au sujet de la sortie poche du livre. L&rsquo;atmosph\u00e8re d&rsquo;Aurora est joliment rendu. Soyons clairs encore une fois : <strong>Jo\u00ebl Dicker pose les bases d&rsquo;un tr\u00e8s tr\u00e8s bon roman<\/strong>. Je suis rest\u00e9e enthousiaste pendant quelques chapitres, m\u00eame si les petites phrases d\u2019introduction, extraits de discussions entre Harry Qu\u00e9bert et Marcus me laissaient plus que perplexe&#8230; Des id\u00e9es et formulations vues et revues. Le professeur si dou\u00e9 et si \u00e9crivain dans l&rsquo;\u00e2me, qui pose des questions toutes plus basiques les unes que les autres \u00e0 son \u00e9l\u00e8ve, qui fait preuve d&rsquo;une d\u00e9bilit\u00e9 notoire.<\/p>\n<blockquote><p>\u00ab\u00a0&#8211; Marcus, savez-vous quel est le moyen de mesurer combien vous aimez quelqu&rsquo;un?<br \/>\n&#8211; Non<br \/>\n&#8211; C&rsquo;est de le perdre\u00a0\u00bb<\/p><\/blockquote>\n<p>Waou, merci Harry !<\/p>\n<p>J&rsquo;avais cela dit d\u00e9j\u00e0 flair\u00e9 le ton tr\u00e8s na\u00eff de l&rsquo;auteur, qui m&rsquo;a beaucoup surprise, ainsi que la somme de clich\u00e9s ass\u00e9n\u00e9s d\u00e8s le d\u00e9but du roman. <strong>Les personnages sont d&rsquo;un sch\u00e9matique atterrant<\/strong>. Cela leur fait perdre en cr\u00e9dibilit\u00e9. Impossible de s&rsquo;attacher ou m\u00eame s&rsquo;identifier \u00e0 eux : ils ne sont que des id\u00e9es de personnages avec des traits de caract\u00e8re fixes sans aucune subtilit\u00e9 : l&rsquo;\u00e9crivain solitaire, la jeune fille \u00e9plor\u00e9e, la m\u00e8re en col\u00e8re&#8230;<\/p>\n<blockquote><p>\u00ab\u00a0Au point de vue du suspense, c&rsquo;est tr\u00e8s r\u00e9ussi. Dommage que les relations entre le vieil \u00e9crivain et le romancier soient tellement tartes.\u00a0\u00bb (<a href=\"http:\/\/www.parismatch.com\/Culture\/Livres\/La-Verite-sur-Harry-Quebert-Goncourt-des-lyceens-162183\" target=\"_blank\">Paris Match<\/a>)<\/p><\/blockquote>\n<p>De la lecture de <em>La V\u00e9rit\u00e9 sur l&rsquo;affaire Harry Qu\u00e9bert<\/em>, je me faisais une sinc\u00e8re joie. Comme je l&rsquo;ai dit, <strong>tous les ingr\u00e9dient sont pour moi rassembl\u00e9s<\/strong>. Au-del\u00e0 du style na\u00eff de l&rsquo;auteur, un ton \u00e9trange et surfait, qui fait penser \u00e0 la traduction d&rsquo;un roman am\u00e9ricain. Mais non, Dicker est francophone, et a \u00e9crit en fran\u00e7ais. J&rsquo;ai d\u00fb v\u00e9rifier plusieurs fois pour en \u00eatre s\u00fbre. Ce ton absolument impersonnel ne trouve son identit\u00e9 finalement que dans les lettres \u00e9plor\u00e9es d&rsquo;Harry et de Nola. On per\u00e7oit une sensibilit\u00e9, qui ne trouve pas son expression dans le roman ailleurs que dans le style \u00e9pistolaire. Les clich\u00e9s se suivent et ne se ressemblent pas. L&rsquo;histoire d&rsquo;amour est clich\u00e9e, la personnalit\u00e9 de l&rsquo;\u00e9crivain est clich\u00e9e, la repr\u00e9sentation du monde de l&rsquo;\u00e9dition est clich\u00e9e, les policiers sont clich\u00e9s&#8230; et j&rsquo;en passe !<\/p>\n<p><strong>Je n&rsquo;ai donc pas termin\u00e9 la lecture de <em>La V\u00e9rit\u00e9 sur l&rsquo;affaire Harry Qu\u00e9bert<\/em><\/strong>. Je suis tr\u00e8s s\u00e9v\u00e8re mais j&rsquo;ai pris du plaisir \u00e0 la lecture de trop rares chapitres, notamment au d\u00e9but de l&rsquo;enqu\u00eate et les premi\u00e8res r\u00e9v\u00e9lations d&rsquo;Harry au sujet de Nola. Le roman s&rsquo;installe, \u00e0 la suite d&rsquo;interminables chapitres sur la jeunesse de Marcus et sa rencontre \u00ab\u00a0tarte\u00a0\u00bb avec Harry. Marcus est d\u00e9crit comme un imposteur qui ne cesse de mentir sur lui-m\u00eame. Soudain, il devient un \u00e9crivain surdou\u00e9 et connu de tous. Comment se passe cette transformation ? On ne sait pas&#8230; Le personnage pas s\u00fbr de lui au syndrome de l&rsquo;imposteur qui parvient \u00e0 se r\u00e9aliser : une id\u00e9e int\u00e9ressante qui aurait pu \u00eatre d\u00e9velopp\u00e9e comme elle le m\u00e9rite. Mais non.<\/p>\n<p>Suite \u00e0 ces chapitres, on se r\u00e9jouit de voir d\u00e9buter l&rsquo;enqu\u00eate. <strong>Les retours dans le pass\u00e9 sont une excellente id\u00e9e<\/strong> : on fait la connaissance des personnages des ann\u00e9es auparavant et on assemble les \u00e9l\u00e9ments qui vont nous aider \u00e0 rassembler le puzzle. Et puis c&rsquo;est la catastrophe : le roman devient interminable, on soup\u00e7onne le m\u00eame personnage pendant des plombes, Nola prend davantage de place, et au secours ! Je n&rsquo;en puis plus. J&rsquo;arr\u00eate ! Si quelqu&rsquo;un conna\u00eet la fin, je suis preneuse&#8230;<\/p>\n","protected":false},"excerpt":{"rendered":"<p>Il y a quelques mois, j&rsquo;\u00e9crivais avec enthousiasme avoir acquis la version poche de La V\u00e9rit\u00e9 sur l&rsquo;affaire Harry Qu\u00e9bert, roman \u00e0 succ\u00e8s de Jo\u00ebl Dicker, laur\u00e9at de plusieurs prix litt\u00e9raires en 2012, tels que le Goncourt des lyc\u00e9ens, et le Grand Prix de l&rsquo;Acad\u00e9mie Fran\u00e7aise, rien que \u00e7a. Cependant, le livre m&rsquo;a laiss\u00e9e, \u00e0<\/p>\n","protected":false},"author":2,"featured_media":16309,"comment_status":"open","ping_status":"open","sticky":false,"template":"","format":"standard","meta":{"jetpack_post_was_ever_published":false,"_jetpack_newsletter_access":"","_jetpack_newsletter_tier_id":0,"footnotes":"","jetpack_publicize_message":"","jetpack_is_tweetstorm":false,"jetpack_publicize_feature_enabled":true,"jetpack_social_post_already_shared":false,"jetpack_social_options":{"image_generator_settings":{"template":"highway","enabled":false}}},"categories":[1117],"tags":[699,678,680],"jetpack_publicize_connections":[],"yoast_head":"<!-- This site is optimized with the Yoast SEO plugin v21.5 - https:\/\/yoast.com\/wordpress\/plugins\/seo\/ -->\n<title>Pourquoi je n&#039;ai pas termin\u00e9 &quot;La V\u00e9rit\u00e9 sur l&#039;affaire Harry Qu\u00e9bert&quot;<\/title>\n<meta name=\"description\" content=\"Il y a quelques mois, j&#039;\u00e9crivais avec enthousiasme avoir acquis la version poche de La V\u00e9rit\u00e9 sur l&#039;affaire Harry Qu\u00e9bert, roman \u00e0 succ\u00e8s de Jo\u00ebl Dicker,\" \/>\n<meta name=\"robots\" content=\"index, follow, max-snippet:-1, max-image-preview:large, max-video-preview:-1\" \/>\n<link rel=\"canonical\" href=\"https:\/\/smallthings.fr\/lespetitslivres\/2014\/09\/04\/pas-termine-verite-affaire-harry-quebert\/\" \/>\n<meta property=\"og:locale\" content=\"fr_FR\" \/>\n<meta property=\"og:type\" content=\"article\" \/>\n<meta property=\"og:title\" content=\"Pourquoi je n&#039;ai pas termin\u00e9 &quot;La V\u00e9rit\u00e9 sur l&#039;affaire Harry Qu\u00e9bert&quot;\" \/>\n<meta property=\"og:description\" content=\"Il y a quelques mois, j&#039;\u00e9crivais avec enthousiasme avoir acquis la version poche de La V\u00e9rit\u00e9 sur l&#039;affaire Harry Qu\u00e9bert, roman \u00e0 succ\u00e8s de Jo\u00ebl Dicker,\" \/>\n<meta property=\"og:url\" content=\"https:\/\/smallthings.fr\/lespetitslivres\/2014\/09\/04\/pas-termine-verite-affaire-harry-quebert\/\" \/>\n<meta property=\"og:site_name\" content=\"Les Petits Livres\" \/>\n<meta property=\"article:published_time\" content=\"2014-09-04T14:02:35+00:00\" \/>\n<meta property=\"article:modified_time\" content=\"2015-11-02T12:29:20+00:00\" \/>\n<meta name=\"author\" content=\"Claire\" \/>\n<meta name=\"twitter:card\" content=\"summary_large_image\" \/>\n<meta name=\"twitter:label1\" content=\"\u00c9crit par\" \/>\n\t<meta name=\"twitter:data1\" content=\"Claire\" \/>\n\t<meta name=\"twitter:label2\" content=\"Dur\u00e9e de lecture estim\u00e9e\" \/>\n\t<meta name=\"twitter:data2\" content=\"6 minutes\" \/>\n<script type=\"application\/ld+json\" class=\"yoast-schema-graph\">{\"@context\":\"https:\/\/schema.org\",\"@graph\":[{\"@type\":\"WebPage\",\"@id\":\"https:\/\/smallthings.fr\/lespetitslivres\/2014\/09\/04\/pas-termine-verite-affaire-harry-quebert\/\",\"url\":\"https:\/\/smallthings.fr\/lespetitslivres\/2014\/09\/04\/pas-termine-verite-affaire-harry-quebert\/\",\"name\":\"Pourquoi je n'ai pas termin\u00e9 \\\"La V\u00e9rit\u00e9 sur l'affaire Harry Qu\u00e9bert\\\"\",\"isPartOf\":{\"@id\":\"https:\/\/smallthings.fr\/lespetitslivres\/#website\"},\"datePublished\":\"2014-09-04T14:02:35+00:00\",\"dateModified\":\"2015-11-02T12:29:20+00:00\",\"author\":{\"@id\":\"https:\/\/smallthings.fr\/lespetitslivres\/#\/schema\/person\/504d603cacfe064fe039dfa03a8b7918\"},\"description\":\"Il y a quelques mois, j'\u00e9crivais avec enthousiasme avoir acquis la version poche de La V\u00e9rit\u00e9 sur l'affaire Harry Qu\u00e9bert, roman \u00e0 succ\u00e8s de Jo\u00ebl Dicker,\",\"breadcrumb\":{\"@id\":\"https:\/\/smallthings.fr\/lespetitslivres\/2014\/09\/04\/pas-termine-verite-affaire-harry-quebert\/#breadcrumb\"},\"inLanguage\":\"fr-FR\",\"potentialAction\":[{\"@type\":\"ReadAction\",\"target\":[\"https:\/\/smallthings.fr\/lespetitslivres\/2014\/09\/04\/pas-termine-verite-affaire-harry-quebert\/\"]}]},{\"@type\":\"BreadcrumbList\",\"@id\":\"https:\/\/smallthings.fr\/lespetitslivres\/2014\/09\/04\/pas-termine-verite-affaire-harry-quebert\/#breadcrumb\",\"itemListElement\":[{\"@type\":\"ListItem\",\"position\":1,\"name\":\"Accueil\",\"item\":\"https:\/\/smallthings.fr\/lespetitslivres\/\"},{\"@type\":\"ListItem\",\"position\":2,\"name\":\"Pourquoi je n&rsquo;ai pas termin\u00e9 \u00ab\u00a0La V\u00e9rit\u00e9 sur l&rsquo;affaire Harry Qu\u00e9bert\u00a0\u00bb\"}]},{\"@type\":\"WebSite\",\"@id\":\"https:\/\/smallthings.fr\/lespetitslivres\/#website\",\"url\":\"https:\/\/smallthings.fr\/lespetitslivres\/\",\"name\":\"Les Petits Livres\",\"description\":\"by Small Things\",\"potentialAction\":[{\"@type\":\"SearchAction\",\"target\":{\"@type\":\"EntryPoint\",\"urlTemplate\":\"https:\/\/smallthings.fr\/lespetitslivres\/?s={search_term_string}\"},\"query-input\":\"required name=search_term_string\"}],\"inLanguage\":\"fr-FR\"},{\"@type\":\"Person\",\"@id\":\"https:\/\/smallthings.fr\/lespetitslivres\/#\/schema\/person\/504d603cacfe064fe039dfa03a8b7918\",\"name\":\"Claire\",\"image\":{\"@type\":\"ImageObject\",\"inLanguage\":\"fr-FR\",\"@id\":\"https:\/\/smallthings.fr\/lespetitslivres\/#\/schema\/person\/image\/\",\"url\":\"https:\/\/secure.gravatar.com\/avatar\/9a85ff83d76b3eb17b8cae208640786e?s=96&d=retro&r=g\",\"contentUrl\":\"https:\/\/secure.gravatar.com\/avatar\/9a85ff83d76b3eb17b8cae208640786e?s=96&d=retro&r=g\",\"caption\":\"Claire\"},\"url\":\"https:\/\/smallthings.fr\/lespetitslivres\/author\/claire\/\"}]}<\/script>\n<!-- \/ Yoast SEO plugin. -->","yoast_head_json":{"title":"Pourquoi je n'ai pas termin\u00e9 \"La V\u00e9rit\u00e9 sur l'affaire Harry Qu\u00e9bert\"","description":"Il y a quelques mois, j'\u00e9crivais avec enthousiasme avoir acquis la version poche de La V\u00e9rit\u00e9 sur l'affaire Harry Qu\u00e9bert, roman \u00e0 succ\u00e8s de Jo\u00ebl Dicker,","robots":{"index":"index","follow":"follow","max-snippet":"max-snippet:-1","max-image-preview":"max-image-preview:large","max-video-preview":"max-video-preview:-1"},"canonical":"https:\/\/smallthings.fr\/lespetitslivres\/2014\/09\/04\/pas-termine-verite-affaire-harry-quebert\/","og_locale":"fr_FR","og_type":"article","og_title":"Pourquoi je n'ai pas termin\u00e9 \"La V\u00e9rit\u00e9 sur l'affaire Harry Qu\u00e9bert\"","og_description":"Il y a quelques mois, j'\u00e9crivais avec enthousiasme avoir acquis la version poche de La V\u00e9rit\u00e9 sur l'affaire Harry Qu\u00e9bert, roman \u00e0 succ\u00e8s de Jo\u00ebl Dicker,","og_url":"https:\/\/smallthings.fr\/lespetitslivres\/2014\/09\/04\/pas-termine-verite-affaire-harry-quebert\/","og_site_name":"Les Petits Livres","article_published_time":"2014-09-04T14:02:35+00:00","article_modified_time":"2015-11-02T12:29:20+00:00","author":"Claire","twitter_card":"summary_large_image","twitter_misc":{"\u00c9crit par":"Claire","Dur\u00e9e de lecture estim\u00e9e":"6 minutes"},"schema":{"@context":"https:\/\/schema.org","@graph":[{"@type":"WebPage","@id":"https:\/\/smallthings.fr\/lespetitslivres\/2014\/09\/04\/pas-termine-verite-affaire-harry-quebert\/","url":"https:\/\/smallthings.fr\/lespetitslivres\/2014\/09\/04\/pas-termine-verite-affaire-harry-quebert\/","name":"Pourquoi je n'ai pas termin\u00e9 \"La V\u00e9rit\u00e9 sur l'affaire Harry Qu\u00e9bert\"","isPartOf":{"@id":"https:\/\/smallthings.fr\/lespetitslivres\/#website"},"datePublished":"2014-09-04T14:02:35+00:00","dateModified":"2015-11-02T12:29:20+00:00","author":{"@id":"https:\/\/smallthings.fr\/lespetitslivres\/#\/schema\/person\/504d603cacfe064fe039dfa03a8b7918"},"description":"Il y a quelques mois, j'\u00e9crivais avec enthousiasme avoir acquis la version poche de La V\u00e9rit\u00e9 sur l'affaire Harry Qu\u00e9bert, roman \u00e0 succ\u00e8s de Jo\u00ebl Dicker,","breadcrumb":{"@id":"https:\/\/smallthings.fr\/lespetitslivres\/2014\/09\/04\/pas-termine-verite-affaire-harry-quebert\/#breadcrumb"},"inLanguage":"fr-FR","potentialAction":[{"@type":"ReadAction","target":["https:\/\/smallthings.fr\/lespetitslivres\/2014\/09\/04\/pas-termine-verite-affaire-harry-quebert\/"]}]},{"@type":"BreadcrumbList","@id":"https:\/\/smallthings.fr\/lespetitslivres\/2014\/09\/04\/pas-termine-verite-affaire-harry-quebert\/#breadcrumb","itemListElement":[{"@type":"ListItem","position":1,"name":"Accueil","item":"https:\/\/smallthings.fr\/lespetitslivres\/"},{"@type":"ListItem","position":2,"name":"Pourquoi je n&rsquo;ai pas termin\u00e9 \u00ab\u00a0La V\u00e9rit\u00e9 sur l&rsquo;affaire Harry Qu\u00e9bert\u00a0\u00bb"}]},{"@type":"WebSite","@id":"https:\/\/smallthings.fr\/lespetitslivres\/#website","url":"https:\/\/smallthings.fr\/lespetitslivres\/","name":"Les Petits Livres","description":"by Small Things","potentialAction":[{"@type":"SearchAction","target":{"@type":"EntryPoint","urlTemplate":"https:\/\/smallthings.fr\/lespetitslivres\/?s={search_term_string}"},"query-input":"required name=search_term_string"}],"inLanguage":"fr-FR"},{"@type":"Person","@id":"https:\/\/smallthings.fr\/lespetitslivres\/#\/schema\/person\/504d603cacfe064fe039dfa03a8b7918","name":"Claire","image":{"@type":"ImageObject","inLanguage":"fr-FR","@id":"https:\/\/smallthings.fr\/lespetitslivres\/#\/schema\/person\/image\/","url":"https:\/\/secure.gravatar.com\/avatar\/9a85ff83d76b3eb17b8cae208640786e?s=96&d=retro&r=g","contentUrl":"https:\/\/secure.gravatar.com\/avatar\/9a85ff83d76b3eb17b8cae208640786e?s=96&d=retro&r=g","caption":"Claire"},"url":"https:\/\/smallthings.fr\/lespetitslivres\/author\/claire\/"}]}},"jetpack_featured_media_url":"","jetpack_sharing_enabled":true,"jetpack_shortlink":"https:\/\/wp.me\/p6Un21-4eR","jetpack-related-posts":[{"id":14309,"url":"https:\/\/smallthings.fr\/lespetitslivres\/2014\/06\/17\/verite-laffaire-harry-quebert-sorti-en-poche\/","url_meta":{"origin":16297,"position":0},"title":"La V\u00e9rit\u00e9 sur l&rsquo;Affaire Harry Quebert est sorti en poche","author":"Claire","date":"17 juin 2014","format":false,"excerpt":"Il y a des livres comme \u00e7a dont on sait qu'il faudra absolument qu'on les lise un jour. La V\u00e9rit\u00e9 sur l'Affaire Harry Quebert en fait partie pour moi. C'est donc avec impatience que j'attendais 1) d'avoir le temps 2) la sortie en poche, parce que j'aime promener mes bouquins\u2026","rel":"","context":"Dans &quot;Actu&quot;","block_context":{"text":"Actu","link":"https:\/\/smallthings.fr\/lespetitslivres\/category\/actu\/"},"img":{"alt_text":"","src":"https:\/\/i0.wp.com\/smallthings.fr\/wp-content\/uploads\/2014\/06\/joel-dicker.jpg?resize=350%2C200","width":350,"height":200},"classes":[]},{"id":27451,"url":"https:\/\/smallthings.fr\/lespetitslivres\/2015\/09\/27\/l-affaire-caravaggio-daniel-silva-critique\/","url_meta":{"origin":16297,"position":1},"title":"L\u2019Affaire Caravaggio : au c\u0153ur du trafic d\u2019art et des jeux de pouvoir","author":"June","date":"27 septembre 2015","format":false,"excerpt":"L\u2019Affaire Caravaggio, nouveau thriller de l'am\u00e9ricain Daniel Silva, est sorti au d\u00e9but du mois de septembre aux \u00e9ditions Mosa\u00efc. Un roman d\u2019espionnage de haut vol, men\u00e9 d\u2019une main de ma\u00eetre par cet auteur de nombreux ouvrages du genre. Cette enqu\u00eate au suspens imparable nous emm\u00e8ne d\u2019un fil \u00e0 l\u2019autre toujours\u2026","rel":"","context":"Dans &quot;Thriller&quot;","block_context":{"text":"Thriller","link":"https:\/\/smallthings.fr\/lespetitslivres\/category\/thriller\/"},"img":{"alt_text":"","src":"https:\/\/i0.wp.com\/smallthings.fr\/lespetitslivres\/wp-content\/uploads\/2015\/09\/affaire-caravaggio-couv.jpg?resize=350%2C200&ssl=1","width":350,"height":200},"classes":[]},{"id":31643,"url":"https:\/\/smallthings.fr\/lespetitslivres\/2018\/05\/03\/marquise-des-poisons-olivier-seigneur\/","url_meta":{"origin":16297,"position":2},"title":"La Marquise des poisons, enqu\u00eate romanesque sur l&rsquo;Affaire des Poisons","author":"June","date":"3 mai 2018","format":false,"excerpt":"La Marquise des poisons\u00a0est un roman historique d'Olivier Seigneur, sous-titr\u00e9 Les enqu\u00eates de La Reynie, le policier du Roi-Soleil. Il s'attaque \u00e0 la fameuse et bien connue Affaire des Poisons ! Celle qui va jeter l'opprobre sur la cour de Louis XIV. Le livre para\u00eet aujourd'hui chez Plon. Quel coup\u2026","rel":"","context":"Dans &quot;Roman fran\u00e7ais&quot;","block_context":{"text":"Roman fran\u00e7ais","link":"https:\/\/smallthings.fr\/lespetitslivres\/category\/roman\/roman-francais\/"},"img":{"alt_text":"","src":"https:\/\/i0.wp.com\/smallthings.fr\/lespetitslivres\/wp-content\/uploads\/2018\/05\/marquise-des-poisons-cover.jpg?resize=350%2C200&ssl=1","width":350,"height":200,"srcset":"https:\/\/i0.wp.com\/smallthings.fr\/lespetitslivres\/wp-content\/uploads\/2018\/05\/marquise-des-poisons-cover.jpg?resize=350%2C200&ssl=1 1x, https:\/\/i0.wp.com\/smallthings.fr\/lespetitslivres\/wp-content\/uploads\/2018\/05\/marquise-des-poisons-cover.jpg?resize=525%2C300&ssl=1 1.5x"},"classes":[]},{"id":31719,"url":"https:\/\/smallthings.fr\/lespetitslivres\/2018\/06\/22\/poison-verite-kathleen-barber\/","url_meta":{"origin":16297,"position":3},"title":"Le poison de la v\u00e9rit\u00e9, quand la v\u00e9rit\u00e9 est plus dangereuse que le mensonge&#8230;","author":"Lola","date":"22 juin 2018","format":false,"excerpt":"Le premier roman de Kathleen Barber, Le poison de la v\u00e9rit\u00e9, est paru le mois dernier aux \u00e9ditions Michel Lafon.\u00a0L\u2019ouvrage a eu un beau succ\u00e8s d\u00e8s sa parution am\u00e9ricaine en 2017 et sera, dit-on, adapt\u00e9 sur petit \u00e9cran en s\u00e9rie TV par Reese Whiterspoon. Et il le m\u00e9rite. On peut\u2026","rel":"","context":"Dans &quot;Roman \u00e9tranger&quot;","block_context":{"text":"Roman \u00e9tranger","link":"https:\/\/smallthings.fr\/lespetitslivres\/category\/roman\/roman-etranger\/"},"img":{"alt_text":"","src":"https:\/\/i0.wp.com\/smallthings.fr\/lespetitslivres\/wp-content\/uploads\/2018\/06\/poison-verite-cover.jpg?resize=350%2C200&ssl=1","width":350,"height":200,"srcset":"https:\/\/i0.wp.com\/smallthings.fr\/lespetitslivres\/wp-content\/uploads\/2018\/06\/poison-verite-cover.jpg?resize=350%2C200&ssl=1 1x, https:\/\/i0.wp.com\/smallthings.fr\/lespetitslivres\/wp-content\/uploads\/2018\/06\/poison-verite-cover.jpg?resize=525%2C300&ssl=1 1.5x, https:\/\/i0.wp.com\/smallthings.fr\/lespetitslivres\/wp-content\/uploads\/2018\/06\/poison-verite-cover.jpg?resize=700%2C400&ssl=1 2x"},"classes":[]},{"id":22805,"url":"https:\/\/smallthings.fr\/lespetitslivres\/2015\/04\/24\/verite-et-autres-mensonges-polar-arango\/","url_meta":{"origin":16297,"position":4},"title":"La v\u00e9rit\u00e9 et autres mensonges : polar de Sascha Arango","author":"Claire","date":"24 avril 2015","format":false,"excerpt":"La v\u00e9rit\u00e9 et autres mensonges de Sascha Arango, paru en f\u00e9vrier chez Albin Michel, vient de remporter le Prix du polar europ\u00e9en 2015 d\u00e9cern\u00e9 par le Point. Une bonne raison de s'y pencher. En effet, le nouveau roman de ce sc\u00e9nariste allemand ne manque pas d'originalit\u00e9 et de surprises. Malgr\u00e9\u2026","rel":"","context":"Dans &quot;Thriller&quot;","block_context":{"text":"Thriller","link":"https:\/\/smallthings.fr\/lespetitslivres\/category\/thriller\/"},"img":{"alt_text":"","src":"https:\/\/i0.wp.com\/smallthings.fr\/wp-content\/uploads\/2015\/04\/v\u00c3\u00a9rit\u00c3\u00a9-autres-mensonges-546x800.jpg?resize=350%2C200","width":350,"height":200},"classes":[]},{"id":31844,"url":"https:\/\/smallthings.fr\/lespetitslivres\/2018\/11\/21\/incontrolable-james-patterson-avis\/","url_meta":{"origin":16297,"position":5},"title":"Incontr\u00f4lable, le nouveau polar politique de James Patterson","author":"Jennifer","date":"21 novembre 2018","format":false,"excerpt":"Sorti le 22 ao\u00fbt dernier aux \u00e9ditions de\u00a0l\u2019Archipel, Incontr\u00f4lable est le dernier polar \u00e9crit par le duo James Patterson et David Ellis. Un roman qui m\u00e9lange habilement meurtre, mafia et politique. C\u2019est \u00e0 Washington que l\u2019histoire d\u2019Incontr\u00f4lable prend place. Un soir, Ben Casper, journaliste d\u2019investigation, pose des cam\u00e9ras en douce\u2026","rel":"","context":"Dans &quot;Thriller&quot;","block_context":{"text":"Thriller","link":"https:\/\/smallthings.fr\/lespetitslivres\/category\/thriller\/"},"img":{"alt_text":"","src":"https:\/\/i0.wp.com\/smallthings.fr\/lespetitslivres\/wp-content\/uploads\/2018\/11\/the-white-house-1623005_1280.jpg?resize=350%2C200&ssl=1","width":350,"height":200,"srcset":"https:\/\/i0.wp.com\/smallthings.fr\/lespetitslivres\/wp-content\/uploads\/2018\/11\/the-white-house-1623005_1280.jpg?resize=350%2C200&ssl=1 1x, https:\/\/i0.wp.com\/smallthings.fr\/lespetitslivres\/wp-content\/uploads\/2018\/11\/the-white-house-1623005_1280.jpg?resize=525%2C300&ssl=1 1.5x, https:\/\/i0.wp.com\/smallthings.fr\/lespetitslivres\/wp-content\/uploads\/2018\/11\/the-white-house-1623005_1280.jpg?resize=700%2C400&ssl=1 2x, https:\/\/i0.wp.com\/smallthings.fr\/lespetitslivres\/wp-content\/uploads\/2018\/11\/the-white-house-1623005_1280.jpg?resize=1050%2C600&ssl=1 3x"},"classes":[]}],"_links":{"self":[{"href":"https:\/\/smallthings.fr\/lespetitslivres\/wp-json\/wp\/v2\/posts\/16297"}],"collection":[{"href":"https:\/\/smallthings.fr\/lespetitslivres\/wp-json\/wp\/v2\/posts"}],"about":[{"href":"https:\/\/smallthings.fr\/lespetitslivres\/wp-json\/wp\/v2\/types\/post"}],"author":[{"embeddable":true,"href":"https:\/\/smallthings.fr\/lespetitslivres\/wp-json\/wp\/v2\/users\/2"}],"replies":[{"embeddable":true,"href":"https:\/\/smallthings.fr\/lespetitslivres\/wp-json\/wp\/v2\/comments?post=16297"}],"version-history":[{"count":1,"href":"https:\/\/smallthings.fr\/lespetitslivres\/wp-json\/wp\/v2\/posts\/16297\/revisions"}],"predecessor-version":[{"id":28862,"href":"https:\/\/smallthings.fr\/lespetitslivres\/wp-json\/wp\/v2\/posts\/16297\/revisions\/28862"}],"wp:featuredmedia":[{"embeddable":true,"href":"https:\/\/smallthings.fr\/lespetitslivres\/wp-json\/"}],"wp:attachment":[{"href":"https:\/\/smallthings.fr\/lespetitslivres\/wp-json\/wp\/v2\/media?parent=16297"}],"wp:term":[{"taxonomy":"category","embeddable":true,"href":"https:\/\/smallthings.fr\/lespetitslivres\/wp-json\/wp\/v2\/categories?post=16297"},{"taxonomy":"post_tag","embeddable":true,"href":"https:\/\/smallthings.fr\/lespetitslivres\/wp-json\/wp\/v2\/tags?post=16297"}],"curies":[{"name":"wp","href":"https:\/\/api.w.org\/{rel}","templated":true}]}}