{"id":16019,"date":"2014-08-25T10:20:02","date_gmt":"2014-08-25T09:20:02","guid":{"rendered":"http:\/\/smallthings.fr\/?p=16019"},"modified":"2015-11-02T13:29:35","modified_gmt":"2015-11-02T12:29:35","slug":"denis-michelis-chance-tu-as","status":"publish","type":"post","link":"https:\/\/smallthings.fr\/lespetitslivres\/2014\/08\/25\/denis-michelis-chance-tu-as\/","title":{"rendered":"Denis Michelis &#8211; La chance que tu as"},"content":{"rendered":"<h2>Denis Michelis publie chez <a href=\"http:\/\/www.editions-stock.fr\/denis-michelis\" target=\"_blank\">Stock<\/a> son premier roman pour la rentr\u00e9e litt\u00e9raire : La chance que tu as. Le journaliste choisit de parler de la souffrance sourde que tout un chacun dans cette soci\u00e9t\u00e9 peut ressentir parfois. Un roman tr\u00e8s efficace.<\/h2>\n<p><strong><a href=\"http:\/\/smallthings.fr\/2014\/08\/25\/denis-michelis-chance-tu-as\/michelis-chance-que-tu-as\/\" rel=\"attachment wp-att-16020\"><img loading=\"lazy\" decoding=\"async\" class=\"alignright  wp-image-16020\" src=\"http:\/\/smallthings.fr\/wp-content\/uploads\/2014\/08\/michelis-chance-que-tu-as.jpg\" alt=\"michelis-chance-que-tu-as\" width=\"276\" height=\"438\" \/><\/a>Fra\u00eechement d\u00e9barqu\u00e9 de chez ses parents qui lui ont trouv\u00e9 un job, le jeune personnage du roman de Denis Michelis s\u2019appr\u00eate \u00e0 devenir serveur dans un restaurant<\/strong>. La demeure est grande, les employ\u00e9s y dorment, y mangent, y vivent 24 heures sur 24. Un peu sinistre au premier abord, d\u2019autant plus que les gens y sont \u00e9tranges. Des coll\u00e8gues soumis et distants, des sup\u00e9rieurs impitoyables, une chambre \u00e0 partager avec d\u2019autres, voil\u00e0 ce qu\u2019il y trouve. Mais il doit faire un effort. Car il ne se rend pas compte de \u00ab\u00a0la chance qu\u2019il a\u00a0\u00bb. Il a un toit, il est nourri, il est pay\u00e9. Quoique, pour ce dernier point, on ne sait pas. Apparemment il a sign\u00e9 son contrat, mais n\u2019en a aucun souvenir. En tout cas il l\u2019a fait et a lu toutes les clauses. Il est donc trop tard pour se plaindre, dor\u00e9navant. Et puis on lui apprend un m\u00e9tier, on est patient avec lui. Bref, c&rsquo;est la chance de sa vie.<\/p>\n<p>La chance de sa vie, car on lui apprend le m\u00e9tier patiemment, malgr\u00e9 sa grande inexp\u00e9rience. On lui montre comment repasser ses chemises plusieurs fois, pour qu\u2019il soit clean pour le service, et malgr\u00e9 \u00e7a il le fait mal. On le pr\u00e9vient qu\u2019il va trop loin et on ne lui met la museli\u00e8re que tr\u00e8s tard. Il a m\u00eame le droit de passer la nuit avec le Chef. Tout le monde n\u2019a pas ce privil\u00e8ge&#8230;<\/p>\n<p>Dans ce premier roman, Denis Michelis va plut\u00f4t loin. <strong>Cette habile m\u00e9taphore de l\u2019emprisonnement social fait mouche et ne laisse pas indiff\u00e9rent<\/strong>. Sans identit\u00e9, <strong>son personnage pourrait \u00eatre tout un chacun<\/strong>, tout comme cet endroit, le domaine, o\u00f9 il travaille, pourrait \u00eatre n&rsquo;importe quelle soci\u00e9t\u00e9, n&rsquo;importe quelle entreprise. Tous les jours, il se l\u00e8ve, fait les efforts demand\u00e9s, mais ce n\u2019est jamais assez. Le domaine lui fait comprendre que c\u2019est lui qui est ingrat, qu\u2019il ne r\u00e9alise pas la chance qu\u2019il a alors que tant dorment dehors et n\u2019ont pas de quoi manger. C\u2019est vrai, il ne se rend pas compte. Cela le fait culpabiliser. Alors commence le grand n\u2019importe quoi, o\u00f9 il accepte tout sous pr\u00e9texte que sa situation n\u2019est pas la pire du monde et qu\u2019il doit cesser de se plaindre.<\/p>\n<p>Emprisonnement, injustices sociales, difficult\u00e9s du monde du travail, r\u00e8gne des pervers narcissiques, burn-out, perte des r\u00e9alit\u00e9s : on peut consid\u00e9rer que tous ces sujets sont abord\u00e9s dans <em>La chance que tu as<\/em>. Denis Michelis parle de nos craintes irrationnelles li\u00e9es au monde dans lequel nous vivons, et nous confirme que nous avons bien raison de les avoir. Apr\u00e8s tout, cela peut arriver \u00e0 tout le monde, et n\u2019importe o\u00f9. Son personnage est comme happ\u00e9 par un grand huit malsain, puis recrach\u00e9 quand le man\u00e8ge est fini. Et il ne d\u00e9cide d\u2019aucune \u00e9tape du processus.<\/p>\n<p><strong>Un premier roman r\u00e9ussi, qui va droit au but<\/strong>. Denis Michelis choisit la m\u00e9taphore pour nous parler finalement de sentiments que nous connaissons bien. C\u2019est l\u00e0 le plus effrayant. Un roman qui se lit d\u2019une traite, et qui m\u00e9rite bien qu\u2019on s\u2019y penche.<\/p>\n<div id=\"attachment_16022\" style=\"width: 532px\" class=\"wp-caption aligncenter\"><a href=\"http:\/\/smallthings.fr\/2014\/08\/25\/denis-michelis-chance-tu-as\/denis-michelis-chance-que\/\" rel=\"attachment wp-att-16022\"><img loading=\"lazy\" decoding=\"async\" aria-describedby=\"caption-attachment-16022\" class=\" wp-image-16022\" src=\"http:\/\/smallthings.fr\/wp-content\/uploads\/2014\/08\/denis-michelis-chance-que.jpg\" alt=\"Denis Michelis pr\u00e9sente son roman \u00e0 l'Institut du Monde Arabe en juin dernier.\" width=\"522\" height=\"294\" \/><\/a><p id=\"caption-attachment-16022\" class=\"wp-caption-text\">Denis Michelis pr\u00e9sente son roman \u00e0 l&rsquo;Institut du Monde Arabe en juin dernier.<\/p><\/div>\n","protected":false},"excerpt":{"rendered":"<p>Denis Michelis publie chez Stock son premier roman pour la rentr\u00e9e litt\u00e9raire : La chance que tu as. Le journaliste choisit de parler de la souffrance sourde que tout un chacun dans cette soci\u00e9t\u00e9 peut ressentir parfois. Un roman tr\u00e8s efficace. Fra\u00eechement d\u00e9barqu\u00e9 de chez ses parents qui lui ont trouv\u00e9 un job, le jeune<\/p>\n","protected":false},"author":2,"featured_media":16023,"comment_status":"open","ping_status":"open","sticky":false,"template":"","format":"standard","meta":{"jetpack_post_was_ever_published":false,"_jetpack_newsletter_access":"","_jetpack_newsletter_tier_id":0,"footnotes":"","jetpack_publicize_message":"","jetpack_is_tweetstorm":false,"jetpack_publicize_feature_enabled":true,"jetpack_social_post_already_shared":false,"jetpack_social_options":{"image_generator_settings":{"template":"highway","enabled":false}}},"categories":[1117],"tags":[691,692,51,32],"jetpack_publicize_connections":[],"yoast_head":"<!-- This site is optimized with the Yoast SEO plugin v21.5 - https:\/\/yoast.com\/wordpress\/plugins\/seo\/ -->\n<title>Denis Michelis - La chance que tu as - | SMALL THINGS |<\/title>\n<meta name=\"description\" content=\"Denis Michelis publie chez Stock son premier roman pour la rentr\u00e9e litt\u00e9raire : La chance que tu as. Le journaliste choisit de parler de la souffrance\" \/>\n<meta name=\"robots\" content=\"index, follow, max-snippet:-1, max-image-preview:large, max-video-preview:-1\" \/>\n<link rel=\"canonical\" href=\"http:\/\/smallthings.fr\/lespetitslivres\/2014\/08\/25\/denis-michelis-chance-tu-as\/\" \/>\n<meta property=\"og:locale\" content=\"fr_FR\" \/>\n<meta property=\"og:type\" content=\"article\" \/>\n<meta property=\"og:title\" content=\"Denis Michelis - La chance que tu as - | SMALL THINGS |\" \/>\n<meta property=\"og:description\" content=\"Denis Michelis publie chez Stock son premier roman pour la rentr\u00e9e litt\u00e9raire : La chance que tu as. Le journaliste choisit de parler de la souffrance\" \/>\n<meta property=\"og:url\" content=\"http:\/\/smallthings.fr\/lespetitslivres\/2014\/08\/25\/denis-michelis-chance-tu-as\/\" \/>\n<meta property=\"og:site_name\" content=\"Les Petits Livres\" \/>\n<meta property=\"article:published_time\" content=\"2014-08-25T09:20:02+00:00\" \/>\n<meta property=\"article:modified_time\" content=\"2015-11-02T12:29:35+00:00\" \/>\n<meta name=\"author\" content=\"Claire\" \/>\n<meta name=\"twitter:card\" content=\"summary_large_image\" \/>\n<meta name=\"twitter:label1\" content=\"\u00c9crit par\" \/>\n\t<meta name=\"twitter:data1\" content=\"Claire\" \/>\n\t<meta name=\"twitter:label2\" content=\"Dur\u00e9e de lecture estim\u00e9e\" \/>\n\t<meta name=\"twitter:data2\" content=\"3 minutes\" \/>\n<script type=\"application\/ld+json\" class=\"yoast-schema-graph\">{\"@context\":\"https:\/\/schema.org\",\"@graph\":[{\"@type\":\"WebPage\",\"@id\":\"http:\/\/smallthings.fr\/lespetitslivres\/2014\/08\/25\/denis-michelis-chance-tu-as\/\",\"url\":\"http:\/\/smallthings.fr\/lespetitslivres\/2014\/08\/25\/denis-michelis-chance-tu-as\/\",\"name\":\"Denis Michelis - La chance que tu as - | SMALL THINGS |\",\"isPartOf\":{\"@id\":\"https:\/\/smallthings.fr\/lespetitslivres\/#website\"},\"datePublished\":\"2014-08-25T09:20:02+00:00\",\"dateModified\":\"2015-11-02T12:29:35+00:00\",\"author\":{\"@id\":\"https:\/\/smallthings.fr\/lespetitslivres\/#\/schema\/person\/504d603cacfe064fe039dfa03a8b7918\"},\"description\":\"Denis Michelis publie chez Stock son premier roman pour la rentr\u00e9e litt\u00e9raire : La chance que tu as. Le journaliste choisit de parler de la souffrance\",\"breadcrumb\":{\"@id\":\"http:\/\/smallthings.fr\/lespetitslivres\/2014\/08\/25\/denis-michelis-chance-tu-as\/#breadcrumb\"},\"inLanguage\":\"fr-FR\",\"potentialAction\":[{\"@type\":\"ReadAction\",\"target\":[\"http:\/\/smallthings.fr\/lespetitslivres\/2014\/08\/25\/denis-michelis-chance-tu-as\/\"]}]},{\"@type\":\"BreadcrumbList\",\"@id\":\"http:\/\/smallthings.fr\/lespetitslivres\/2014\/08\/25\/denis-michelis-chance-tu-as\/#breadcrumb\",\"itemListElement\":[{\"@type\":\"ListItem\",\"position\":1,\"name\":\"Accueil\",\"item\":\"https:\/\/smallthings.fr\/lespetitslivres\/\"},{\"@type\":\"ListItem\",\"position\":2,\"name\":\"Denis Michelis &#8211; La chance que tu as\"}]},{\"@type\":\"WebSite\",\"@id\":\"https:\/\/smallthings.fr\/lespetitslivres\/#website\",\"url\":\"https:\/\/smallthings.fr\/lespetitslivres\/\",\"name\":\"Les Petits Livres\",\"description\":\"by Small Things\",\"potentialAction\":[{\"@type\":\"SearchAction\",\"target\":{\"@type\":\"EntryPoint\",\"urlTemplate\":\"https:\/\/smallthings.fr\/lespetitslivres\/?s={search_term_string}\"},\"query-input\":\"required name=search_term_string\"}],\"inLanguage\":\"fr-FR\"},{\"@type\":\"Person\",\"@id\":\"https:\/\/smallthings.fr\/lespetitslivres\/#\/schema\/person\/504d603cacfe064fe039dfa03a8b7918\",\"name\":\"Claire\",\"image\":{\"@type\":\"ImageObject\",\"inLanguage\":\"fr-FR\",\"@id\":\"https:\/\/smallthings.fr\/lespetitslivres\/#\/schema\/person\/image\/\",\"url\":\"https:\/\/secure.gravatar.com\/avatar\/9a85ff83d76b3eb17b8cae208640786e?s=96&d=retro&r=g\",\"contentUrl\":\"https:\/\/secure.gravatar.com\/avatar\/9a85ff83d76b3eb17b8cae208640786e?s=96&d=retro&r=g\",\"caption\":\"Claire\"},\"url\":\"https:\/\/smallthings.fr\/lespetitslivres\/author\/claire\/\"}]}<\/script>\n<!-- \/ Yoast SEO plugin. -->","yoast_head_json":{"title":"Denis Michelis - La chance que tu as - | SMALL THINGS |","description":"Denis Michelis publie chez Stock son premier roman pour la rentr\u00e9e litt\u00e9raire : La chance que tu as. Le journaliste choisit de parler de la souffrance","robots":{"index":"index","follow":"follow","max-snippet":"max-snippet:-1","max-image-preview":"max-image-preview:large","max-video-preview":"max-video-preview:-1"},"canonical":"http:\/\/smallthings.fr\/lespetitslivres\/2014\/08\/25\/denis-michelis-chance-tu-as\/","og_locale":"fr_FR","og_type":"article","og_title":"Denis Michelis - La chance que tu as - | SMALL THINGS |","og_description":"Denis Michelis publie chez Stock son premier roman pour la rentr\u00e9e litt\u00e9raire : La chance que tu as. Le journaliste choisit de parler de la souffrance","og_url":"http:\/\/smallthings.fr\/lespetitslivres\/2014\/08\/25\/denis-michelis-chance-tu-as\/","og_site_name":"Les Petits Livres","article_published_time":"2014-08-25T09:20:02+00:00","article_modified_time":"2015-11-02T12:29:35+00:00","author":"Claire","twitter_card":"summary_large_image","twitter_misc":{"\u00c9crit par":"Claire","Dur\u00e9e de lecture estim\u00e9e":"3 minutes"},"schema":{"@context":"https:\/\/schema.org","@graph":[{"@type":"WebPage","@id":"http:\/\/smallthings.fr\/lespetitslivres\/2014\/08\/25\/denis-michelis-chance-tu-as\/","url":"http:\/\/smallthings.fr\/lespetitslivres\/2014\/08\/25\/denis-michelis-chance-tu-as\/","name":"Denis Michelis - La chance que tu as - | SMALL THINGS |","isPartOf":{"@id":"https:\/\/smallthings.fr\/lespetitslivres\/#website"},"datePublished":"2014-08-25T09:20:02+00:00","dateModified":"2015-11-02T12:29:35+00:00","author":{"@id":"https:\/\/smallthings.fr\/lespetitslivres\/#\/schema\/person\/504d603cacfe064fe039dfa03a8b7918"},"description":"Denis Michelis publie chez Stock son premier roman pour la rentr\u00e9e litt\u00e9raire : La chance que tu as. Le journaliste choisit de parler de la souffrance","breadcrumb":{"@id":"http:\/\/smallthings.fr\/lespetitslivres\/2014\/08\/25\/denis-michelis-chance-tu-as\/#breadcrumb"},"inLanguage":"fr-FR","potentialAction":[{"@type":"ReadAction","target":["http:\/\/smallthings.fr\/lespetitslivres\/2014\/08\/25\/denis-michelis-chance-tu-as\/"]}]},{"@type":"BreadcrumbList","@id":"http:\/\/smallthings.fr\/lespetitslivres\/2014\/08\/25\/denis-michelis-chance-tu-as\/#breadcrumb","itemListElement":[{"@type":"ListItem","position":1,"name":"Accueil","item":"https:\/\/smallthings.fr\/lespetitslivres\/"},{"@type":"ListItem","position":2,"name":"Denis Michelis &#8211; La chance que tu as"}]},{"@type":"WebSite","@id":"https:\/\/smallthings.fr\/lespetitslivres\/#website","url":"https:\/\/smallthings.fr\/lespetitslivres\/","name":"Les Petits Livres","description":"by Small Things","potentialAction":[{"@type":"SearchAction","target":{"@type":"EntryPoint","urlTemplate":"https:\/\/smallthings.fr\/lespetitslivres\/?s={search_term_string}"},"query-input":"required name=search_term_string"}],"inLanguage":"fr-FR"},{"@type":"Person","@id":"https:\/\/smallthings.fr\/lespetitslivres\/#\/schema\/person\/504d603cacfe064fe039dfa03a8b7918","name":"Claire","image":{"@type":"ImageObject","inLanguage":"fr-FR","@id":"https:\/\/smallthings.fr\/lespetitslivres\/#\/schema\/person\/image\/","url":"https:\/\/secure.gravatar.com\/avatar\/9a85ff83d76b3eb17b8cae208640786e?s=96&d=retro&r=g","contentUrl":"https:\/\/secure.gravatar.com\/avatar\/9a85ff83d76b3eb17b8cae208640786e?s=96&d=retro&r=g","caption":"Claire"},"url":"https:\/\/smallthings.fr\/lespetitslivres\/author\/claire\/"}]}},"jetpack_featured_media_url":"","jetpack_sharing_enabled":true,"jetpack_shortlink":"https:\/\/wp.me\/p6Un21-4an","jetpack-related-posts":[{"id":30163,"url":"https:\/\/smallthings.fr\/lespetitslivres\/2016\/08\/28\/10-04-ben-lerner-roman-critique\/","url_meta":{"origin":16019,"position":0},"title":"10:04 de Ben Lerner : le roman du romancier","author":"Diane Norric","date":"28 ao\u00fbt 2016","format":false,"excerpt":"10:04 est le second roman de l'Am\u00e9ricain Ben Lerner, que publient les \u00e9ditions de l\u2019Olivier en cette rentr\u00e9e litt\u00e9raire. Le premier roman de l'auteur, Au d\u00e9part d\u2019Atocha, encens\u00e9 par la critique anglo-saxonne \u00e9tait paru en fran\u00e7ais chez le m\u00eame \u00e9diteur. 10:04 est lui aussi pr\u00e9c\u00e9d\u00e9 d\u2019une flatteuse r\u00e9putation. Dans ce\u2026","rel":"","context":"Dans &quot;Rentr\u00e9e litt\u00e9raire&quot;","block_context":{"text":"Rentr\u00e9e litt\u00e9raire","link":"https:\/\/smallthings.fr\/lespetitslivres\/category\/rentree-litteraire\/"},"img":{"alt_text":"","src":"https:\/\/i0.wp.com\/smallthings.fr\/lespetitslivres\/wp-content\/uploads\/2016\/07\/10-04-lerner-couv.jpg?resize=350%2C200&ssl=1","width":350,"height":200,"srcset":"https:\/\/i0.wp.com\/smallthings.fr\/lespetitslivres\/wp-content\/uploads\/2016\/07\/10-04-lerner-couv.jpg?resize=350%2C200&ssl=1 1x, https:\/\/i0.wp.com\/smallthings.fr\/lespetitslivres\/wp-content\/uploads\/2016\/07\/10-04-lerner-couv.jpg?resize=525%2C300&ssl=1 1.5x, https:\/\/i0.wp.com\/smallthings.fr\/lespetitslivres\/wp-content\/uploads\/2016\/07\/10-04-lerner-couv.jpg?resize=700%2C400&ssl=1 2x, https:\/\/i0.wp.com\/smallthings.fr\/lespetitslivres\/wp-content\/uploads\/2016\/07\/10-04-lerner-couv.jpg?resize=1050%2C600&ssl=1 3x"},"classes":[]},{"id":6396,"url":"https:\/\/smallthings.fr\/lespetitslivres\/2013\/06\/28\/555-romans-pour-la-rentree-litteraire-2013\/","url_meta":{"origin":16019,"position":1},"title":"555 romans pour la rentr\u00e9e litt\u00e9raire 2013","author":"Claire","date":"28 juin 2013","format":false,"excerpt":"555 ! C'est le nombre de romans que comptera la rentr\u00e9e litt\u00e9raire 2013. 357 romans fran\u00e7ais et 198 romans \u00e9trangers sortiront entre les mois d'ao\u00fbt et octobre. Un joli pourcentage de premiers romans cette ann\u00e9e : 86, contre 69 l'ann\u00e9e derni\u00e8re.","rel":"","context":"Dans &quot;Actu&quot;","block_context":{"text":"Actu","link":"https:\/\/smallthings.fr\/lespetitslivres\/category\/actu\/"},"img":{"alt_text":"Rigolote illustration par Jochen Gerner du ph\u00c3\u00a9nom\u00c3\u00a8ne de la rentr\u00c3\u00a9e litt\u00c3\u00a9raire, dans Le Monde du vendredi 20 ao\u00c3\u00bbt 2010","src":"https:\/\/i0.wp.com\/uploads.smallthings.fr\/2013\/06\/2010_01.jpg?resize=350%2C200","width":350,"height":200},"classes":[]},{"id":25537,"url":"https:\/\/smallthings.fr\/lespetitslivres\/2015\/08\/21\/ressources-inhumaines-roman-viguier-critique\/","url_meta":{"origin":16019,"position":2},"title":"Ressources inhumaines : premier roman de Fr\u00e9d\u00e9ric Viguier","author":"Claire","date":"21 ao\u00fbt 2015","format":false,"excerpt":"Ressources inhumaines est le premier roman de Fr\u00e9d\u00e9ric Viguier, publi\u00e9 en cette rentr\u00e9e litt\u00e9raire par les \u00e9ditions Albin Michel. L'auteur choisit le th\u00e8me de la vie en entreprise au sein d'un hypermarch\u00e9. Ressources inhumaines nous parle de manipulation, de harc\u00e8lement, mais aussi de ces existences qui ne tournent qu'autour du\u2026","rel":"","context":"Dans &quot;Rentr\u00e9e Litt\u00e9raire&quot;","block_context":{"text":"Rentr\u00e9e Litt\u00e9raire","link":"https:\/\/smallthings.fr\/lespetitslivres\/category\/rentree-litteraire-2015\/"},"img":{"alt_text":"","src":"https:\/\/i0.wp.com\/smallthings.fr\/wp-content\/uploads\/2015\/07\/ressources-inhumaines-viguier.jpg?resize=350%2C200","width":350,"height":200},"classes":[]},{"id":31799,"url":"https:\/\/smallthings.fr\/lespetitslivres\/2018\/09\/04\/trancher-amelie-cordonnier-roman-avis\/","url_meta":{"origin":16019,"position":3},"title":"Trancher, quand les mots d\u00e9truisent : le premier roman d&rsquo;Am\u00e9lie Cordonnier","author":"Claire","date":"4 septembre 2018","format":false,"excerpt":"En cette Rentr\u00e9e litt\u00e9raire, la journaliste Am\u00e9lie Cordonnier publie son premier roman, Trancher, chez Flammarion. Un livre difficile qui aborde le sujet de la violence conjugale verbale. L'h\u00e9ro\u00efne est en couple avec Aur\u00e9lien. Ils ont deux enfants. Apr\u00e8s des ann\u00e9es de tr\u00eave, Aur\u00e9lien recommence \u00e0 l'insulter, et ce devant leurs\u2026","rel":"","context":"Dans &quot;Roman fran\u00e7ais&quot;","block_context":{"text":"Roman fran\u00e7ais","link":"https:\/\/smallthings.fr\/lespetitslivres\/category\/roman\/roman-francais\/"},"img":{"alt_text":"","src":"https:\/\/i0.wp.com\/smallthings.fr\/lespetitslivres\/wp-content\/uploads\/2018\/09\/trancher-cordonnier-cover.jpg?resize=350%2C200&ssl=1","width":350,"height":200,"srcset":"https:\/\/i0.wp.com\/smallthings.fr\/lespetitslivres\/wp-content\/uploads\/2018\/09\/trancher-cordonnier-cover.jpg?resize=350%2C200&ssl=1 1x, https:\/\/i0.wp.com\/smallthings.fr\/lespetitslivres\/wp-content\/uploads\/2018\/09\/trancher-cordonnier-cover.jpg?resize=525%2C300&ssl=1 1.5x"},"classes":[]},{"id":31241,"url":"https:\/\/smallthings.fr\/lespetitslivres\/2017\/08\/28\/faux-depart-marion-messina-critique\/","url_meta":{"origin":16019,"position":4},"title":"Faux d\u00e9part : portrait d&rsquo;une jeunesse d\u00e9senchant\u00e9e","author":"Marie Leroy","date":"28 ao\u00fbt 2017","format":false,"excerpt":"Faux d\u00e9part de Marion Messina vient de para\u00eetre chez Le Dilettante pour cette rentr\u00e9e litt\u00e9raire. Un premier roman au style direct et sans m\u00e9lodrame mais au pessimisme latent, d\u00e9non\u00e7ant l'injustice d'\u00eatre mal n\u00e9 dans un monde o\u00f9 il est difficile de changer de classe sociale. Quand on d\u00e9bute sa vie\u2026","rel":"","context":"Dans &quot;Roman fran\u00e7ais&quot;","block_context":{"text":"Roman fran\u00e7ais","link":"https:\/\/smallthings.fr\/lespetitslivres\/category\/roman\/roman-francais\/"},"img":{"alt_text":"","src":"https:\/\/i0.wp.com\/smallthings.fr\/lespetitslivres\/wp-content\/uploads\/2017\/08\/faux-depart-messina.jpg?resize=350%2C200","width":350,"height":200},"classes":[]},{"id":9048,"url":"https:\/\/smallthings.fr\/lespetitslivres\/2013\/11\/13\/grace-mccleen-plus-beau-de-tous-les-pays\/","url_meta":{"origin":16019,"position":5},"title":"Le plus beau de tous les pays selon Grace McCleen","author":"Yohann","date":"13 novembre 2013","format":false,"excerpt":"Le premier roman de Grace McCleen, Le plus beau de tous les pays (en anglais The land of decoration) est sorti en fran\u00e7ais chez Nil Editions pour la rentr\u00e9e litt\u00e9raire.","rel":"","context":"Dans &quot;Roman \u00e9tranger&quot;","block_context":{"text":"Roman \u00e9tranger","link":"https:\/\/smallthings.fr\/lespetitslivres\/category\/roman\/roman-etranger\/"},"img":{"alt_text":"Grace McCleen \u00c2\u00a9 Pal Hansen","src":"https:\/\/i0.wp.com\/uploads.smallthings.fr\/2013\/11\/Grace-McCleen-010.jpg?resize=350%2C200","width":350,"height":200},"classes":[]}],"_links":{"self":[{"href":"https:\/\/smallthings.fr\/lespetitslivres\/wp-json\/wp\/v2\/posts\/16019"}],"collection":[{"href":"https:\/\/smallthings.fr\/lespetitslivres\/wp-json\/wp\/v2\/posts"}],"about":[{"href":"https:\/\/smallthings.fr\/lespetitslivres\/wp-json\/wp\/v2\/types\/post"}],"author":[{"embeddable":true,"href":"https:\/\/smallthings.fr\/lespetitslivres\/wp-json\/wp\/v2\/users\/2"}],"replies":[{"embeddable":true,"href":"https:\/\/smallthings.fr\/lespetitslivres\/wp-json\/wp\/v2\/comments?post=16019"}],"version-history":[{"count":1,"href":"https:\/\/smallthings.fr\/lespetitslivres\/wp-json\/wp\/v2\/posts\/16019\/revisions"}],"predecessor-version":[{"id":28867,"href":"https:\/\/smallthings.fr\/lespetitslivres\/wp-json\/wp\/v2\/posts\/16019\/revisions\/28867"}],"wp:featuredmedia":[{"embeddable":true,"href":"https:\/\/smallthings.fr\/lespetitslivres\/wp-json\/"}],"wp:attachment":[{"href":"https:\/\/smallthings.fr\/lespetitslivres\/wp-json\/wp\/v2\/media?parent=16019"}],"wp:term":[{"taxonomy":"category","embeddable":true,"href":"https:\/\/smallthings.fr\/lespetitslivres\/wp-json\/wp\/v2\/categories?post=16019"},{"taxonomy":"post_tag","embeddable":true,"href":"https:\/\/smallthings.fr\/lespetitslivres\/wp-json\/wp\/v2\/tags?post=16019"}],"curies":[{"name":"wp","href":"https:\/\/api.w.org\/{rel}","templated":true}]}}