{"id":15991,"date":"2014-08-28T10:05:18","date_gmt":"2014-08-28T09:05:18","guid":{"rendered":"http:\/\/smallthings.fr\/?p=15991"},"modified":"2015-11-02T13:29:30","modified_gmt":"2015-11-02T12:29:30","slug":"odeur-minotaure-roman-richez","status":"publish","type":"post","link":"https:\/\/smallthings.fr\/lespetitslivres\/2014\/08\/28\/odeur-minotaure-roman-richez\/","title":{"rendered":"L\u2019Odeur du Minotaure, premier roman de Marion Richez"},"content":{"rendered":"<h2><em>L&rsquo;Odeur du Minotaure<\/em> est le premier roman de Marion Richez, publi\u00e9 chez <a href=\"http:\/\/www.swediteur.com\/titre.php?id=145\" target=\"_blank\">Sabine Wespieser<\/a> pour la rentr\u00e9e litt\u00e9raire. Dipl\u00f4m\u00e9e de l\u2019ENS Ulm et agr\u00e9g\u00e9e de philosophie, Marion Richez pr\u00e9pare actuellement une th\u00e8se sur la conscience du corps \u00e0 Paris IV. En parall\u00e8le, elle explore donc \u00e9galement la veine romanesque.<\/h2>\n<p>Une jeune fille de famille provinciale tr\u00e8s modeste fait de brillantes \u00e9tudes, int\u00e8gre un minist\u00e8re parisien et devient l\u2019arch\u00e9type d\u2019une femme fatale, au pass\u00e9 refoul\u00e9, mangeuse d\u2019hommes et consciente de son pouvoir.<\/p>\n<p><strong>Mais un jour tout revient de plein fouet<\/strong>, avec un appel de sa m\u00e8re qui l\u2019appelle au chevet de son p\u00e8re mourant. Entra\u00een\u00e9e par l\u2019\u00e9motion et la col\u00e8re de ce retour aux sources, elle conduit \u00e0 tombeau ouvert sur les routes. Perdue sur une petite route de campagne dans la nuit, elle percute de plein fouet un grand cerf qu\u2019elle tue sur le coup. Boulevers\u00e9e, elle recueille son dernier soupir dans la nuit.<\/p>\n<p>A partir de l\u00e0, <em>L&rsquo;Odeur du Minotaure <\/em> prend un tournant surprenant, qui pourrait \u00eatre l\u2019amorce d\u2019un d\u00e9veloppement int\u00e9ressant. Malheureusement, <strong>l\u2019h\u00e9ro\u00efne sombre dans la folie et le r\u00e9cit se d\u00e9lite<\/strong>, perdant sons sens et sa coh\u00e9rence en la suivant dans sa chute.<\/p>\n<p><img loading=\"lazy\" decoding=\"async\" class=\"alignright  wp-image-15993\" src=\"http:\/\/smallthings.fr\/wp-content\/uploads\/2014\/08\/odeur-minotaure-richez.jpg\" alt=\"odeur-minotaure-richez\" width=\"276\" height=\"360\" \/>Le style de <em>L&rsquo;Odeur du Minotaure <\/em>est ma\u00eetris\u00e9, enlev\u00e9\u00a0; cela aurait pu \u00eatre un roman percutant. Il donne certes de nouvelles couleurs \u00e0 l\u2019\u00e9ternel d\u00e9bat entre la ville et la nature, la civilisation impitoyable, d\u00e9shumanisante, et le r\u00e8gne animal plus humain malgr\u00e9 sa sauvagerie\u00a0; <strong>le th\u00e8me du souvenir de l\u2019Holocauste<\/strong> qui y court en filigrane confirme que ce paradoxe est au c\u0153ur du r\u00e9cit. Mais ce dernier ne transforme pas tout \u00e0 fait l\u2019essai. La remise en question est bien l\u00e0, mais l\u2019h\u00e9ro\u00efne ne trouve pas de porte de sortie ni d\u2019alternative discutable. Marion Richez \u00e9voque l\u2019amour, mais comme une accalmie trompeuse plut\u00f4t qu\u2019autre chose, et la pirouette finale, qui semble \u00eatre l\u00e0 seulement parce qu\u2019il faut bien une conclusion, ne leurre gu\u00e8re le lecteur. Reste <strong>le style, toujours percutant et novateur<\/strong>, qui permet de mener la lecture de <em>L&rsquo;Odeur du Minotaure <\/em>jusqu\u2019au bout.<\/p>\n<blockquote><p><em><a href=\"http:\/\/smallthings.fr\/2014\/08\/28\/odeur-minotaure-roman-richez\/marion-richez-minotaure\/\" rel=\"attachment wp-att-15994\"><img loading=\"lazy\" decoding=\"async\" class=\"alignleft  wp-image-15994\" src=\"http:\/\/smallthings.fr\/wp-content\/uploads\/2014\/08\/marion-richez-minotaure.jpeg\" alt=\"marion-richez-minotaure\" width=\"228\" height=\"342\" \/><\/a>\u00ab Je pourrais tourner la page, soupirer avec elle, dire que oui, j\u2019ai eu de la chance, que \u00e7a reste bien malheureux tout de m\u00eame. Quelque chose en moi ne le peut pas. Je pose enfin la question, je la jette au-dehors, en mettant la femme en joue de mon regard, comme pour la forcer\u00a0: <\/em><\/p>\n<p><em>\u2018Mais, enfin, \u00e7a n\u2019\u00e9tait qu\u2019une b\u00eate, n\u2019est-ce pas\u00a0?\u2019<\/em><\/p>\n<p><em>Au lieu d\u2019acquiescer, de s\u2019empresser de r\u00e9pondre\u00a0: oh mais oui, pensez-vous, bien s\u00fbr que \u00e7a n\u2019\u00e9tait qu\u2019une b\u00eate, on en fait des histoires pour une b\u00eate, elle ouvre grands ses yeux et dit, comme si c\u2019\u00e9tait pas croyable d\u2019en \u00eatre r\u00e9duite \u00e0 apprendre \u00e7a \u00e0 un autre\u00a0: <\/em><\/p>\n<p><em>\u2018Mais, une b\u00eate, c\u2019est important.\u2019 \u00bb<\/em><\/p><\/blockquote>\n","protected":false},"excerpt":{"rendered":"<p>L&rsquo;Odeur du Minotaure est le premier roman de Marion Richez, publi\u00e9 chez Sabine Wespieser pour la rentr\u00e9e litt\u00e9raire. Dipl\u00f4m\u00e9e de l\u2019ENS Ulm et agr\u00e9g\u00e9e de philosophie, Marion Richez pr\u00e9pare actuellement une th\u00e8se sur la conscience du corps \u00e0 Paris IV. En parall\u00e8le, elle explore donc \u00e9galement la veine romanesque. Une jeune fille de famille provinciale<\/p>\n","protected":false},"author":13,"featured_media":15992,"comment_status":"open","ping_status":"open","sticky":false,"template":"","format":"standard","meta":{"jetpack_post_was_ever_published":false,"_jetpack_newsletter_access":"","_jetpack_newsletter_tier_id":0,"footnotes":"","jetpack_publicize_message":"","jetpack_is_tweetstorm":false,"jetpack_publicize_feature_enabled":true,"jetpack_social_post_already_shared":false,"jetpack_social_options":{"image_generator_settings":{"template":"highway","enabled":false}}},"categories":[1117],"tags":[206,207,32,208],"jetpack_publicize_connections":[],"yoast_head":"<!-- This site is optimized with the Yoast SEO plugin v21.5 - https:\/\/yoast.com\/wordpress\/plugins\/seo\/ -->\n<title>L\u2019Odeur du Minotaure, premier roman de Marion Richez<\/title>\n<meta name=\"description\" content=\"L&#039;Odeur du Minotaure est le premier roman de Marion Richez, publi\u00e9 chez Sabine Wespieser pour la rentr\u00e9e litt\u00e9raire. Dipl\u00f4m\u00e9e de l\u2019ENS Ulm et agr\u00e9g\u00e9e de\" \/>\n<meta name=\"robots\" content=\"index, follow, max-snippet:-1, max-image-preview:large, max-video-preview:-1\" \/>\n<link rel=\"canonical\" href=\"https:\/\/smallthings.fr\/lespetitslivres\/2014\/08\/28\/odeur-minotaure-roman-richez\/\" \/>\n<meta property=\"og:locale\" content=\"fr_FR\" \/>\n<meta property=\"og:type\" content=\"article\" \/>\n<meta property=\"og:title\" content=\"L\u2019Odeur du Minotaure, premier roman de Marion Richez\" \/>\n<meta property=\"og:description\" content=\"L&#039;Odeur du Minotaure est le premier roman de Marion Richez, publi\u00e9 chez Sabine Wespieser pour la rentr\u00e9e litt\u00e9raire. Dipl\u00f4m\u00e9e de l\u2019ENS Ulm et agr\u00e9g\u00e9e de\" \/>\n<meta property=\"og:url\" content=\"https:\/\/smallthings.fr\/lespetitslivres\/2014\/08\/28\/odeur-minotaure-roman-richez\/\" \/>\n<meta property=\"og:site_name\" content=\"Les Petits Livres\" \/>\n<meta property=\"article:published_time\" content=\"2014-08-28T09:05:18+00:00\" \/>\n<meta property=\"article:modified_time\" content=\"2015-11-02T12:29:30+00:00\" \/>\n<meta name=\"author\" content=\"Cecile\" \/>\n<meta name=\"twitter:card\" content=\"summary_large_image\" \/>\n<meta name=\"twitter:label1\" content=\"\u00c9crit par\" \/>\n\t<meta name=\"twitter:data1\" content=\"Cecile\" \/>\n\t<meta name=\"twitter:label2\" content=\"Dur\u00e9e de lecture estim\u00e9e\" \/>\n\t<meta name=\"twitter:data2\" content=\"3 minutes\" \/>\n<script type=\"application\/ld+json\" class=\"yoast-schema-graph\">{\"@context\":\"https:\/\/schema.org\",\"@graph\":[{\"@type\":\"WebPage\",\"@id\":\"https:\/\/smallthings.fr\/lespetitslivres\/2014\/08\/28\/odeur-minotaure-roman-richez\/\",\"url\":\"https:\/\/smallthings.fr\/lespetitslivres\/2014\/08\/28\/odeur-minotaure-roman-richez\/\",\"name\":\"L\u2019Odeur du Minotaure, premier roman de Marion Richez\",\"isPartOf\":{\"@id\":\"https:\/\/smallthings.fr\/lespetitslivres\/#website\"},\"datePublished\":\"2014-08-28T09:05:18+00:00\",\"dateModified\":\"2015-11-02T12:29:30+00:00\",\"author\":{\"@id\":\"https:\/\/smallthings.fr\/lespetitslivres\/#\/schema\/person\/7b3de8ef611f2b29f758a00cad7cafb2\"},\"description\":\"L'Odeur du Minotaure est le premier roman de Marion Richez, publi\u00e9 chez Sabine Wespieser pour la rentr\u00e9e litt\u00e9raire. Dipl\u00f4m\u00e9e de l\u2019ENS Ulm et agr\u00e9g\u00e9e de\",\"breadcrumb\":{\"@id\":\"https:\/\/smallthings.fr\/lespetitslivres\/2014\/08\/28\/odeur-minotaure-roman-richez\/#breadcrumb\"},\"inLanguage\":\"fr-FR\",\"potentialAction\":[{\"@type\":\"ReadAction\",\"target\":[\"https:\/\/smallthings.fr\/lespetitslivres\/2014\/08\/28\/odeur-minotaure-roman-richez\/\"]}]},{\"@type\":\"BreadcrumbList\",\"@id\":\"https:\/\/smallthings.fr\/lespetitslivres\/2014\/08\/28\/odeur-minotaure-roman-richez\/#breadcrumb\",\"itemListElement\":[{\"@type\":\"ListItem\",\"position\":1,\"name\":\"Accueil\",\"item\":\"https:\/\/smallthings.fr\/lespetitslivres\/\"},{\"@type\":\"ListItem\",\"position\":2,\"name\":\"L\u2019Odeur du Minotaure, premier roman de Marion Richez\"}]},{\"@type\":\"WebSite\",\"@id\":\"https:\/\/smallthings.fr\/lespetitslivres\/#website\",\"url\":\"https:\/\/smallthings.fr\/lespetitslivres\/\",\"name\":\"Les Petits Livres\",\"description\":\"by Small Things\",\"potentialAction\":[{\"@type\":\"SearchAction\",\"target\":{\"@type\":\"EntryPoint\",\"urlTemplate\":\"https:\/\/smallthings.fr\/lespetitslivres\/?s={search_term_string}\"},\"query-input\":\"required name=search_term_string\"}],\"inLanguage\":\"fr-FR\"},{\"@type\":\"Person\",\"@id\":\"https:\/\/smallthings.fr\/lespetitslivres\/#\/schema\/person\/7b3de8ef611f2b29f758a00cad7cafb2\",\"name\":\"Cecile\",\"image\":{\"@type\":\"ImageObject\",\"inLanguage\":\"fr-FR\",\"@id\":\"https:\/\/smallthings.fr\/lespetitslivres\/#\/schema\/person\/image\/\",\"url\":\"https:\/\/secure.gravatar.com\/avatar\/a855fa1dbad38b06e97132a8a6579746?s=96&d=retro&r=g\",\"contentUrl\":\"https:\/\/secure.gravatar.com\/avatar\/a855fa1dbad38b06e97132a8a6579746?s=96&d=retro&r=g\",\"caption\":\"Cecile\"},\"url\":\"https:\/\/smallthings.fr\/lespetitslivres\/author\/cecile\/\"}]}<\/script>\n<!-- \/ Yoast SEO plugin. -->","yoast_head_json":{"title":"L\u2019Odeur du Minotaure, premier roman de Marion Richez","description":"L'Odeur du Minotaure est le premier roman de Marion Richez, publi\u00e9 chez Sabine Wespieser pour la rentr\u00e9e litt\u00e9raire. Dipl\u00f4m\u00e9e de l\u2019ENS Ulm et agr\u00e9g\u00e9e de","robots":{"index":"index","follow":"follow","max-snippet":"max-snippet:-1","max-image-preview":"max-image-preview:large","max-video-preview":"max-video-preview:-1"},"canonical":"https:\/\/smallthings.fr\/lespetitslivres\/2014\/08\/28\/odeur-minotaure-roman-richez\/","og_locale":"fr_FR","og_type":"article","og_title":"L\u2019Odeur du Minotaure, premier roman de Marion Richez","og_description":"L'Odeur du Minotaure est le premier roman de Marion Richez, publi\u00e9 chez Sabine Wespieser pour la rentr\u00e9e litt\u00e9raire. Dipl\u00f4m\u00e9e de l\u2019ENS Ulm et agr\u00e9g\u00e9e de","og_url":"https:\/\/smallthings.fr\/lespetitslivres\/2014\/08\/28\/odeur-minotaure-roman-richez\/","og_site_name":"Les Petits Livres","article_published_time":"2014-08-28T09:05:18+00:00","article_modified_time":"2015-11-02T12:29:30+00:00","author":"Cecile","twitter_card":"summary_large_image","twitter_misc":{"\u00c9crit par":"Cecile","Dur\u00e9e de lecture estim\u00e9e":"3 minutes"},"schema":{"@context":"https:\/\/schema.org","@graph":[{"@type":"WebPage","@id":"https:\/\/smallthings.fr\/lespetitslivres\/2014\/08\/28\/odeur-minotaure-roman-richez\/","url":"https:\/\/smallthings.fr\/lespetitslivres\/2014\/08\/28\/odeur-minotaure-roman-richez\/","name":"L\u2019Odeur du Minotaure, premier roman de Marion Richez","isPartOf":{"@id":"https:\/\/smallthings.fr\/lespetitslivres\/#website"},"datePublished":"2014-08-28T09:05:18+00:00","dateModified":"2015-11-02T12:29:30+00:00","author":{"@id":"https:\/\/smallthings.fr\/lespetitslivres\/#\/schema\/person\/7b3de8ef611f2b29f758a00cad7cafb2"},"description":"L'Odeur du Minotaure est le premier roman de Marion Richez, publi\u00e9 chez Sabine Wespieser pour la rentr\u00e9e litt\u00e9raire. Dipl\u00f4m\u00e9e de l\u2019ENS Ulm et agr\u00e9g\u00e9e de","breadcrumb":{"@id":"https:\/\/smallthings.fr\/lespetitslivres\/2014\/08\/28\/odeur-minotaure-roman-richez\/#breadcrumb"},"inLanguage":"fr-FR","potentialAction":[{"@type":"ReadAction","target":["https:\/\/smallthings.fr\/lespetitslivres\/2014\/08\/28\/odeur-minotaure-roman-richez\/"]}]},{"@type":"BreadcrumbList","@id":"https:\/\/smallthings.fr\/lespetitslivres\/2014\/08\/28\/odeur-minotaure-roman-richez\/#breadcrumb","itemListElement":[{"@type":"ListItem","position":1,"name":"Accueil","item":"https:\/\/smallthings.fr\/lespetitslivres\/"},{"@type":"ListItem","position":2,"name":"L\u2019Odeur du Minotaure, premier roman de Marion Richez"}]},{"@type":"WebSite","@id":"https:\/\/smallthings.fr\/lespetitslivres\/#website","url":"https:\/\/smallthings.fr\/lespetitslivres\/","name":"Les Petits Livres","description":"by Small Things","potentialAction":[{"@type":"SearchAction","target":{"@type":"EntryPoint","urlTemplate":"https:\/\/smallthings.fr\/lespetitslivres\/?s={search_term_string}"},"query-input":"required name=search_term_string"}],"inLanguage":"fr-FR"},{"@type":"Person","@id":"https:\/\/smallthings.fr\/lespetitslivres\/#\/schema\/person\/7b3de8ef611f2b29f758a00cad7cafb2","name":"Cecile","image":{"@type":"ImageObject","inLanguage":"fr-FR","@id":"https:\/\/smallthings.fr\/lespetitslivres\/#\/schema\/person\/image\/","url":"https:\/\/secure.gravatar.com\/avatar\/a855fa1dbad38b06e97132a8a6579746?s=96&d=retro&r=g","contentUrl":"https:\/\/secure.gravatar.com\/avatar\/a855fa1dbad38b06e97132a8a6579746?s=96&d=retro&r=g","caption":"Cecile"},"url":"https:\/\/smallthings.fr\/lespetitslivres\/author\/cecile\/"}]}},"jetpack_featured_media_url":"","jetpack_sharing_enabled":true,"jetpack_shortlink":"https:\/\/wp.me\/p6Un21-49V","jetpack-related-posts":[{"id":31241,"url":"https:\/\/smallthings.fr\/lespetitslivres\/2017\/08\/28\/faux-depart-marion-messina-critique\/","url_meta":{"origin":15991,"position":0},"title":"Faux d\u00e9part : portrait d&rsquo;une jeunesse d\u00e9senchant\u00e9e","author":"Marie Leroy","date":"28 ao\u00fbt 2017","format":false,"excerpt":"Faux d\u00e9part de Marion Messina vient de para\u00eetre chez Le Dilettante pour cette rentr\u00e9e litt\u00e9raire. Un premier roman au style direct et sans m\u00e9lodrame mais au pessimisme latent, d\u00e9non\u00e7ant l'injustice d'\u00eatre mal n\u00e9 dans un monde o\u00f9 il est difficile de changer de classe sociale. Quand on d\u00e9bute sa vie\u2026","rel":"","context":"Dans &quot;Roman fran\u00e7ais&quot;","block_context":{"text":"Roman fran\u00e7ais","link":"https:\/\/smallthings.fr\/lespetitslivres\/category\/roman\/roman-francais\/"},"img":{"alt_text":"","src":"https:\/\/i0.wp.com\/smallthings.fr\/lespetitslivres\/wp-content\/uploads\/2017\/08\/faux-depart-messina.jpg?resize=350%2C200","width":350,"height":200},"classes":[]},{"id":30292,"url":"https:\/\/smallthings.fr\/lespetitslivres\/2016\/09\/14\/garde-corps-virginie-martin\/","url_meta":{"origin":15991,"position":1},"title":"Garde-corps de Virginie Martin : la vie des femmes","author":"Diane Norric","date":"14 septembre 2016","format":false,"excerpt":"\u00c0 l\u2019occasion de la rentr\u00e9e litt\u00e9raire, les \u00e9ditions Lemieux publient Garde-corps, le premier roman de la\u00a0chercheure\u00a0et politologue Virginie Martin. Un bref r\u00e9cit situ\u00e9 dans le monde politique, o\u00f9\u00a0affleure l\u2019engagement f\u00e9ministe de l\u2019auteure. Gabrielle Clair est une ministre du travail brillante, d\u00e9vou\u00e9e et ambitieuse. Elle \u00e9volue dans un monde d\u2019hommes, o\u00f9\u2026","rel":"","context":"Dans &quot;Rentr\u00e9e litt\u00e9raire&quot;","block_context":{"text":"Rentr\u00e9e litt\u00e9raire","link":"https:\/\/smallthings.fr\/lespetitslivres\/category\/rentree-litteraire\/"},"img":{"alt_text":"","src":"https:\/\/i0.wp.com\/smallthings.fr\/lespetitslivres\/wp-content\/uploads\/2016\/09\/virginie-martin.jpg?resize=350%2C200&ssl=1","width":350,"height":200,"srcset":"https:\/\/i0.wp.com\/smallthings.fr\/lespetitslivres\/wp-content\/uploads\/2016\/09\/virginie-martin.jpg?resize=350%2C200&ssl=1 1x, https:\/\/i0.wp.com\/smallthings.fr\/lespetitslivres\/wp-content\/uploads\/2016\/09\/virginie-martin.jpg?resize=525%2C300&ssl=1 1.5x, https:\/\/i0.wp.com\/smallthings.fr\/lespetitslivres\/wp-content\/uploads\/2016\/09\/virginie-martin.jpg?resize=700%2C400&ssl=1 2x"},"classes":[]},{"id":31762,"url":"https:\/\/smallthings.fr\/lespetitslivres\/2018\/08\/23\/vie-de-pierres-chaudes-aurelie-razimbaud\/","url_meta":{"origin":15991,"position":2},"title":"Une vie de pierres chaudes, le premier roman d&rsquo;Aur\u00e9lie Razimbaud","author":"Claire","date":"23 ao\u00fbt 2018","format":false,"excerpt":"Aur\u00e9lie Razimbaud publie son premier roman chez Albin Michel pour cette Rentr\u00e9e litt\u00e9raire, Une vie de pierres chaudes. C'est dans le contexte de la guerre d'Alg\u00e9rie qu'elle plonge ses personnages. Un moyen pour elle de dire cette \u00e9poque que son grand-p\u00e8re n'a jamais pu lui raconter... En Alg\u00e9rie, dans les\u2026","rel":"","context":"Dans &quot;Roman fran\u00e7ais&quot;","block_context":{"text":"Roman fran\u00e7ais","link":"https:\/\/smallthings.fr\/lespetitslivres\/category\/roman\/roman-francais\/"},"img":{"alt_text":"","src":"https:\/\/i0.wp.com\/smallthings.fr\/lespetitslivres\/wp-content\/uploads\/2018\/08\/aurelie-razimbaud.jpg?resize=350%2C200&ssl=1","width":350,"height":200,"srcset":"https:\/\/i0.wp.com\/smallthings.fr\/lespetitslivres\/wp-content\/uploads\/2018\/08\/aurelie-razimbaud.jpg?resize=350%2C200&ssl=1 1x, https:\/\/i0.wp.com\/smallthings.fr\/lespetitslivres\/wp-content\/uploads\/2018\/08\/aurelie-razimbaud.jpg?resize=525%2C300&ssl=1 1.5x, https:\/\/i0.wp.com\/smallthings.fr\/lespetitslivres\/wp-content\/uploads\/2018\/08\/aurelie-razimbaud.jpg?resize=700%2C400&ssl=1 2x, https:\/\/i0.wp.com\/smallthings.fr\/lespetitslivres\/wp-content\/uploads\/2018\/08\/aurelie-razimbaud.jpg?resize=1050%2C600&ssl=1 3x"},"classes":[]},{"id":26444,"url":"https:\/\/smallthings.fr\/lespetitslivres\/2015\/08\/24\/la-maladroite-alexandre-seurat-critique\/","url_meta":{"origin":15991,"position":3},"title":"La maladroite, premier roman d&rsquo;Alexandre Seurat","author":"Claire","date":"24 ao\u00fbt 2015","format":false,"excerpt":"La maladroite, premier roman d'Alexandre Seurat, est le bijou inattendu de cette rentr\u00e9e litt\u00e9raire. Paru aux \u00e9ditions du Rouergue le 19 ao\u00fbt, il a d\u00e9j\u00e0 remport\u00e9 le coup de c\u0153ur des magasins Cultura, qui lui assure une belle visibilit\u00e9. Il est \u00e9galement finaliste du Prix Roman Fnac 2015, et on\u2026","rel":"","context":"Dans &quot;Rentr\u00e9e Litt\u00e9raire&quot;","block_context":{"text":"Rentr\u00e9e Litt\u00e9raire","link":"https:\/\/smallthings.fr\/lespetitslivres\/category\/rentree-litteraire-2015\/"},"img":{"alt_text":"","src":"https:\/\/i0.wp.com\/smallthings.fr\/wp-content\/uploads\/2015\/08\/la-maladroite-205x300.jpg?resize=350%2C200","width":350,"height":200},"classes":[]},{"id":25537,"url":"https:\/\/smallthings.fr\/lespetitslivres\/2015\/08\/21\/ressources-inhumaines-roman-viguier-critique\/","url_meta":{"origin":15991,"position":4},"title":"Ressources inhumaines : premier roman de Fr\u00e9d\u00e9ric Viguier","author":"Claire","date":"21 ao\u00fbt 2015","format":false,"excerpt":"Ressources inhumaines est le premier roman de Fr\u00e9d\u00e9ric Viguier, publi\u00e9 en cette rentr\u00e9e litt\u00e9raire par les \u00e9ditions Albin Michel. L'auteur choisit le th\u00e8me de la vie en entreprise au sein d'un hypermarch\u00e9. Ressources inhumaines nous parle de manipulation, de harc\u00e8lement, mais aussi de ces existences qui ne tournent qu'autour du\u2026","rel":"","context":"Dans &quot;Rentr\u00e9e Litt\u00e9raire&quot;","block_context":{"text":"Rentr\u00e9e Litt\u00e9raire","link":"https:\/\/smallthings.fr\/lespetitslivres\/category\/rentree-litteraire-2015\/"},"img":{"alt_text":"","src":"https:\/\/i0.wp.com\/smallthings.fr\/wp-content\/uploads\/2015\/07\/ressources-inhumaines-viguier.jpg?resize=350%2C200","width":350,"height":200},"classes":[]},{"id":26290,"url":"https:\/\/smallthings.fr\/lespetitslivres\/2015\/08\/19\/petits-plats-de-resistance-pujol-critique\/","url_meta":{"origin":15991,"position":5},"title":"Petits plats de r\u00e9sistance : le premier roman de Pascale Pujol","author":"Audrey Ch\u00e8vrefeuille","date":"19 ao\u00fbt 2015","format":false,"excerpt":"Avec Petits plats de r\u00e9sistance, de Pascale Pujol signe l'une des publications les plus originales de cette rentr\u00e9e litt\u00e9raire aux \u00e9ditions du Dilettante. Un premier roman pour cette auteure, qui s\u2019\u00e9tait auparavant essay\u00e9e au recueil de nouvelles en 2014 avec Fragments d\u2019un texto amoureux, publi\u00e9 aux \u00e9ditions Quadrature, un \u00e9diteur\u2026","rel":"","context":"Dans &quot;Rentr\u00e9e Litt\u00e9raire&quot;","block_context":{"text":"Rentr\u00e9e Litt\u00e9raire","link":"https:\/\/smallthings.fr\/lespetitslivres\/category\/rentree-litteraire-2015\/"},"img":{"alt_text":"","src":"https:\/\/i0.wp.com\/smallthings.fr\/wp-content\/uploads\/2015\/08\/petits-plats-de-resistance.jpg?resize=350%2C200","width":350,"height":200},"classes":[]}],"_links":{"self":[{"href":"https:\/\/smallthings.fr\/lespetitslivres\/wp-json\/wp\/v2\/posts\/15991"}],"collection":[{"href":"https:\/\/smallthings.fr\/lespetitslivres\/wp-json\/wp\/v2\/posts"}],"about":[{"href":"https:\/\/smallthings.fr\/lespetitslivres\/wp-json\/wp\/v2\/types\/post"}],"author":[{"embeddable":true,"href":"https:\/\/smallthings.fr\/lespetitslivres\/wp-json\/wp\/v2\/users\/13"}],"replies":[{"embeddable":true,"href":"https:\/\/smallthings.fr\/lespetitslivres\/wp-json\/wp\/v2\/comments?post=15991"}],"version-history":[{"count":1,"href":"https:\/\/smallthings.fr\/lespetitslivres\/wp-json\/wp\/v2\/posts\/15991\/revisions"}],"predecessor-version":[{"id":28864,"href":"https:\/\/smallthings.fr\/lespetitslivres\/wp-json\/wp\/v2\/posts\/15991\/revisions\/28864"}],"wp:featuredmedia":[{"embeddable":true,"href":"https:\/\/smallthings.fr\/lespetitslivres\/wp-json\/"}],"wp:attachment":[{"href":"https:\/\/smallthings.fr\/lespetitslivres\/wp-json\/wp\/v2\/media?parent=15991"}],"wp:term":[{"taxonomy":"category","embeddable":true,"href":"https:\/\/smallthings.fr\/lespetitslivres\/wp-json\/wp\/v2\/categories?post=15991"},{"taxonomy":"post_tag","embeddable":true,"href":"https:\/\/smallthings.fr\/lespetitslivres\/wp-json\/wp\/v2\/tags?post=15991"}],"curies":[{"name":"wp","href":"https:\/\/api.w.org\/{rel}","templated":true}]}}