{"id":15071,"date":"2014-07-16T15:23:56","date_gmt":"2014-07-16T14:23:56","guid":{"rendered":"http:\/\/smallthings.fr\/?p=15071"},"modified":"2015-11-02T13:30:31","modified_gmt":"2015-11-02T12:30:31","slug":"camion-qui-livre-livre-de-poche-tournee","status":"publish","type":"post","link":"https:\/\/smallthings.fr\/lespetitslivres\/2014\/07\/16\/camion-qui-livre-livre-de-poche-tournee\/","title":{"rendered":"La Camion qui livre du Livre de Poche en tourn\u00e9e"},"content":{"rendered":"<h2>Le Livre de Poche inaugure le concept du Camion qui livre. D\u00e8s demain et pour un mois, il sera en tourn\u00e9e dans toute la France, \u00e0 commencer par Toulon. Livraison de plage en plage de livres pour tous les \u00e2ges, poches et audiolib.<\/h2>\n<p>En partenariat avec des libraires, <strong>le Camion qui livre ira de plage en plage proposer une large s\u00e9lection de livres de poche aux vacanciers<\/strong> durant un mois. La camionnette rouge \u00e9quip\u00e9e comme une librairie vendra <strong>litt\u00e9rature, polar, imaginaire et jeunesse<\/strong>.<\/p>\n<p><strong>De nombreux \u00e9v\u00e9nements seront organis\u00e9s autour de cette tourn\u00e9e du Camion qui livre<\/strong>, tels qu&rsquo;un concours photo sur Instagram. Des \u00e9v\u00e9nements ponctuels auront \u00e9galement lieu dans chaque ville \u00e0 l&rsquo;occasion du passage du camion.<\/p>\n<p>Le Livre de Poche souhaite ainsi <strong>promouvoir la lecture<\/strong>, et l&rsquo;int\u00e9grer au programme de nos vacances. Un moyen culott\u00e9 et ludique de faire venir le livre directement aux vacanciers sur les plages. <strong>Apr\u00e8s le food truck&#8230; le book truck<\/strong>. On encourage la d\u00e9marche !<\/p>\n<p>Toutes les infos sur la <strong>web app<\/strong> du <a href=\"http:\/\/www.lecamionquilivre.com\/\" target=\"_blank\">Camion qui livre<\/a>. Cette application indiquera \u00e0 partir du 16 juillet la position du camion en temps r\u00e9el. Elle contient aussi le calendrier des \u00e9v\u00e9nements locaux li\u00e9s au passage du camion, une galerie photo sur Instagram (#lecamionquilivre), ainsi qu&rsquo;un espace personnel, <strong>\u00ab\u00a0wishlist\u00a0\u00bb<\/strong> pour y mettre nos coups de c\u0153ur de l&rsquo;\u00e9t\u00e9. Les libraires partenaires du Camion qui livre auront aussi leur mot \u00e0 dire sur la web app de l&rsquo;\u00e9v\u00e9nement : leurs coups de c\u0153ur et conseils aux lecteurs sont mis en valeur.<\/p>\n<p>D\u00e9cid\u00e9ment, on ne cessera de le dire sur SmallThings, mais le Livre de Poche innove en termes de litt\u00e9rature 2.0. On ne pourra pas dire que tous les \u00e9diteurs ont du mal avec le num\u00e9rique !<\/p>\n<p><a href=\"http:\/\/smallthings.fr\/2014\/07\/16\/camion-qui-livre-livre-de-poche-tournee\/camion-qui-livre-carte\/\" rel=\"attachment wp-att-15073\"><img loading=\"lazy\" decoding=\"async\" class=\"aligncenter  wp-image-15073\" src=\"http:\/\/smallthings.fr\/wp-content\/uploads\/2014\/07\/camion-qui-livre-carte.jpg\" alt=\"camion-qui-livre-carte\" width=\"631\" height=\"461\" \/><\/a><\/p>\n<p><em>Les dates de passage officielles du Camion qui livre : <\/em><\/p>\n<p><em>Toulon &#8211; Plage des Mourillons\u00a0: 16-17 juillet<\/em><\/p>\n<p><em>La Seyne sur Mer &#8211; Parking les sablettes\u00a0: 18 juillet<\/em><\/p>\n<p><em>Hy\u00e8res &#8211; Place saint Louis\u00a0: 19 juillet<\/em><\/p>\n<p><em>Hy\u00e8res \u2013 Parking de l\u2019Almanarre\u00a0: 20 juillet<\/em><\/p>\n<p><em>Fr\u00e9jus (promenade)\u00a0: 21-22 juillet<\/em><\/p>\n<p><em>Saint-Jean-de-Luz\u00a0\u2013 Plage d\u2019Erromardie\u00a0: 25-26-27 juillet<\/em><\/p>\n<p><em>Arcachon \u2013 Place Thiers\u00a0: 29-30 juillet<\/em><\/p>\n<p><em>Arcachon \u2013 Quartier du Moulleau\u00a0: 31 juillet<\/em><\/p>\n<p><em>La Palmyre \u2013 Plage de La Palmyre\u00a0: 2-3-4 ao\u00fbt<\/em><\/p>\n<p><em>Carnac \u2013 Grande plage parking port en dro\u00a0: 9-10 ao\u00fbt<\/em><\/p>\n<p><em><span style=\"font-family: Wingdings;\"><span style=\"font-family: 'Times New Roman'; font-variant: normal; font-weight: normal; font-size: 7pt; line-height: normal; font-size-adjust: none; font-stretch: normal; -moz-font-feature-settings: normal; -moz-font-language-override: normal;\">\u00a0<\/span><\/span>Quiberon \u2013 Esplanade place Hoche\u00a0: 11-12 ao\u00fbt<\/em><\/p>\n<p><em>Fouesnant \u2013 Cap Coz\u00a0: 14 ao\u00fbt<\/em><\/p>\n<p><em>Crozon-Morgat \u2013 Place de l\u2019\u00e9glise\u00a0: 15 ao\u00fbt<\/em><\/p>\n<p><em>B\u00e9nodet \u2013 Butte du Fort\u00a0: 16-17 ao\u00fbt<\/em><\/p>\n","protected":false},"excerpt":{"rendered":"<p>Le Livre de Poche inaugure le concept du Camion qui livre. D\u00e8s demain et pour un mois, il sera en tourn\u00e9e dans toute la France, \u00e0 commencer par Toulon. Livraison de plage en plage de livres pour tous les \u00e2ges, poches et audiolib. En partenariat avec des libraires, le Camion qui livre ira de plage<\/p>\n","protected":false},"author":2,"featured_media":15072,"comment_status":"open","ping_status":"open","sticky":false,"template":"","format":"standard","meta":{"jetpack_post_was_ever_published":false,"_jetpack_newsletter_access":"","_jetpack_newsletter_tier_id":0,"footnotes":"","jetpack_publicize_message":"","jetpack_is_tweetstorm":false,"jetpack_publicize_feature_enabled":true,"jetpack_social_post_already_shared":false,"jetpack_social_options":{"image_generator_settings":{"template":"highway","enabled":false}}},"categories":[1121],"tags":[681,682,97],"jetpack_publicize_connections":[],"yoast_head":"<!-- This site is optimized with the Yoast SEO plugin v21.5 - https:\/\/yoast.com\/wordpress\/plugins\/seo\/ -->\n<title>Le Camion qui livre du Livre de Poche en tourn\u00e9e<\/title>\n<meta name=\"description\" content=\"Le Livre de Poche inaugure le concept du Camion qui livre. D\u00e8s demain et pour un mois, il sera en tourn\u00e9e dans toute la France, \u00e0 commencer par Toulon.\" \/>\n<meta name=\"robots\" content=\"index, follow, max-snippet:-1, max-image-preview:large, max-video-preview:-1\" \/>\n<link rel=\"canonical\" href=\"https:\/\/smallthings.fr\/lespetitslivres\/2014\/07\/16\/camion-qui-livre-livre-de-poche-tournee\/\" \/>\n<meta property=\"og:locale\" content=\"fr_FR\" \/>\n<meta property=\"og:type\" content=\"article\" \/>\n<meta property=\"og:title\" content=\"Le Camion qui livre du Livre de Poche en tourn\u00e9e\" \/>\n<meta property=\"og:description\" content=\"Le Livre de Poche inaugure le concept du Camion qui livre. D\u00e8s demain et pour un mois, il sera en tourn\u00e9e dans toute la France, \u00e0 commencer par Toulon.\" \/>\n<meta property=\"og:url\" content=\"https:\/\/smallthings.fr\/lespetitslivres\/2014\/07\/16\/camion-qui-livre-livre-de-poche-tournee\/\" \/>\n<meta property=\"og:site_name\" content=\"Les Petits Livres\" \/>\n<meta property=\"article:published_time\" content=\"2014-07-16T14:23:56+00:00\" \/>\n<meta property=\"article:modified_time\" content=\"2015-11-02T12:30:31+00:00\" \/>\n<meta name=\"author\" content=\"Claire\" \/>\n<meta name=\"twitter:card\" content=\"summary_large_image\" \/>\n<meta name=\"twitter:label1\" content=\"\u00c9crit par\" \/>\n\t<meta name=\"twitter:data1\" content=\"Claire\" \/>\n\t<meta name=\"twitter:label2\" content=\"Dur\u00e9e de lecture estim\u00e9e\" \/>\n\t<meta name=\"twitter:data2\" content=\"2 minutes\" \/>\n<script type=\"application\/ld+json\" class=\"yoast-schema-graph\">{\"@context\":\"https:\/\/schema.org\",\"@graph\":[{\"@type\":\"WebPage\",\"@id\":\"https:\/\/smallthings.fr\/lespetitslivres\/2014\/07\/16\/camion-qui-livre-livre-de-poche-tournee\/\",\"url\":\"https:\/\/smallthings.fr\/lespetitslivres\/2014\/07\/16\/camion-qui-livre-livre-de-poche-tournee\/\",\"name\":\"Le Camion qui livre du Livre de Poche en tourn\u00e9e\",\"isPartOf\":{\"@id\":\"https:\/\/smallthings.fr\/lespetitslivres\/#website\"},\"datePublished\":\"2014-07-16T14:23:56+00:00\",\"dateModified\":\"2015-11-02T12:30:31+00:00\",\"author\":{\"@id\":\"https:\/\/smallthings.fr\/lespetitslivres\/#\/schema\/person\/504d603cacfe064fe039dfa03a8b7918\"},\"description\":\"Le Livre de Poche inaugure le concept du Camion qui livre. D\u00e8s demain et pour un mois, il sera en tourn\u00e9e dans toute la France, \u00e0 commencer par Toulon.\",\"breadcrumb\":{\"@id\":\"https:\/\/smallthings.fr\/lespetitslivres\/2014\/07\/16\/camion-qui-livre-livre-de-poche-tournee\/#breadcrumb\"},\"inLanguage\":\"fr-FR\",\"potentialAction\":[{\"@type\":\"ReadAction\",\"target\":[\"https:\/\/smallthings.fr\/lespetitslivres\/2014\/07\/16\/camion-qui-livre-livre-de-poche-tournee\/\"]}]},{\"@type\":\"BreadcrumbList\",\"@id\":\"https:\/\/smallthings.fr\/lespetitslivres\/2014\/07\/16\/camion-qui-livre-livre-de-poche-tournee\/#breadcrumb\",\"itemListElement\":[{\"@type\":\"ListItem\",\"position\":1,\"name\":\"Accueil\",\"item\":\"https:\/\/smallthings.fr\/lespetitslivres\/\"},{\"@type\":\"ListItem\",\"position\":2,\"name\":\"La Camion qui livre du Livre de Poche en tourn\u00e9e\"}]},{\"@type\":\"WebSite\",\"@id\":\"https:\/\/smallthings.fr\/lespetitslivres\/#website\",\"url\":\"https:\/\/smallthings.fr\/lespetitslivres\/\",\"name\":\"Les Petits Livres\",\"description\":\"by Small Things\",\"potentialAction\":[{\"@type\":\"SearchAction\",\"target\":{\"@type\":\"EntryPoint\",\"urlTemplate\":\"https:\/\/smallthings.fr\/lespetitslivres\/?s={search_term_string}\"},\"query-input\":\"required name=search_term_string\"}],\"inLanguage\":\"fr-FR\"},{\"@type\":\"Person\",\"@id\":\"https:\/\/smallthings.fr\/lespetitslivres\/#\/schema\/person\/504d603cacfe064fe039dfa03a8b7918\",\"name\":\"Claire\",\"image\":{\"@type\":\"ImageObject\",\"inLanguage\":\"fr-FR\",\"@id\":\"https:\/\/smallthings.fr\/lespetitslivres\/#\/schema\/person\/image\/\",\"url\":\"https:\/\/secure.gravatar.com\/avatar\/9a85ff83d76b3eb17b8cae208640786e?s=96&d=retro&r=g\",\"contentUrl\":\"https:\/\/secure.gravatar.com\/avatar\/9a85ff83d76b3eb17b8cae208640786e?s=96&d=retro&r=g\",\"caption\":\"Claire\"},\"url\":\"https:\/\/smallthings.fr\/lespetitslivres\/author\/claire\/\"}]}<\/script>\n<!-- \/ Yoast SEO plugin. -->","yoast_head_json":{"title":"Le Camion qui livre du Livre de Poche en tourn\u00e9e","description":"Le Livre de Poche inaugure le concept du Camion qui livre. D\u00e8s demain et pour un mois, il sera en tourn\u00e9e dans toute la France, \u00e0 commencer par Toulon.","robots":{"index":"index","follow":"follow","max-snippet":"max-snippet:-1","max-image-preview":"max-image-preview:large","max-video-preview":"max-video-preview:-1"},"canonical":"https:\/\/smallthings.fr\/lespetitslivres\/2014\/07\/16\/camion-qui-livre-livre-de-poche-tournee\/","og_locale":"fr_FR","og_type":"article","og_title":"Le Camion qui livre du Livre de Poche en tourn\u00e9e","og_description":"Le Livre de Poche inaugure le concept du Camion qui livre. D\u00e8s demain et pour un mois, il sera en tourn\u00e9e dans toute la France, \u00e0 commencer par Toulon.","og_url":"https:\/\/smallthings.fr\/lespetitslivres\/2014\/07\/16\/camion-qui-livre-livre-de-poche-tournee\/","og_site_name":"Les Petits Livres","article_published_time":"2014-07-16T14:23:56+00:00","article_modified_time":"2015-11-02T12:30:31+00:00","author":"Claire","twitter_card":"summary_large_image","twitter_misc":{"\u00c9crit par":"Claire","Dur\u00e9e de lecture estim\u00e9e":"2 minutes"},"schema":{"@context":"https:\/\/schema.org","@graph":[{"@type":"WebPage","@id":"https:\/\/smallthings.fr\/lespetitslivres\/2014\/07\/16\/camion-qui-livre-livre-de-poche-tournee\/","url":"https:\/\/smallthings.fr\/lespetitslivres\/2014\/07\/16\/camion-qui-livre-livre-de-poche-tournee\/","name":"Le Camion qui livre du Livre de Poche en tourn\u00e9e","isPartOf":{"@id":"https:\/\/smallthings.fr\/lespetitslivres\/#website"},"datePublished":"2014-07-16T14:23:56+00:00","dateModified":"2015-11-02T12:30:31+00:00","author":{"@id":"https:\/\/smallthings.fr\/lespetitslivres\/#\/schema\/person\/504d603cacfe064fe039dfa03a8b7918"},"description":"Le Livre de Poche inaugure le concept du Camion qui livre. D\u00e8s demain et pour un mois, il sera en tourn\u00e9e dans toute la France, \u00e0 commencer par Toulon.","breadcrumb":{"@id":"https:\/\/smallthings.fr\/lespetitslivres\/2014\/07\/16\/camion-qui-livre-livre-de-poche-tournee\/#breadcrumb"},"inLanguage":"fr-FR","potentialAction":[{"@type":"ReadAction","target":["https:\/\/smallthings.fr\/lespetitslivres\/2014\/07\/16\/camion-qui-livre-livre-de-poche-tournee\/"]}]},{"@type":"BreadcrumbList","@id":"https:\/\/smallthings.fr\/lespetitslivres\/2014\/07\/16\/camion-qui-livre-livre-de-poche-tournee\/#breadcrumb","itemListElement":[{"@type":"ListItem","position":1,"name":"Accueil","item":"https:\/\/smallthings.fr\/lespetitslivres\/"},{"@type":"ListItem","position":2,"name":"La Camion qui livre du Livre de Poche en tourn\u00e9e"}]},{"@type":"WebSite","@id":"https:\/\/smallthings.fr\/lespetitslivres\/#website","url":"https:\/\/smallthings.fr\/lespetitslivres\/","name":"Les Petits Livres","description":"by Small Things","potentialAction":[{"@type":"SearchAction","target":{"@type":"EntryPoint","urlTemplate":"https:\/\/smallthings.fr\/lespetitslivres\/?s={search_term_string}"},"query-input":"required name=search_term_string"}],"inLanguage":"fr-FR"},{"@type":"Person","@id":"https:\/\/smallthings.fr\/lespetitslivres\/#\/schema\/person\/504d603cacfe064fe039dfa03a8b7918","name":"Claire","image":{"@type":"ImageObject","inLanguage":"fr-FR","@id":"https:\/\/smallthings.fr\/lespetitslivres\/#\/schema\/person\/image\/","url":"https:\/\/secure.gravatar.com\/avatar\/9a85ff83d76b3eb17b8cae208640786e?s=96&d=retro&r=g","contentUrl":"https:\/\/secure.gravatar.com\/avatar\/9a85ff83d76b3eb17b8cae208640786e?s=96&d=retro&r=g","caption":"Claire"},"url":"https:\/\/smallthings.fr\/lespetitslivres\/author\/claire\/"}]}},"jetpack_featured_media_url":"","jetpack_sharing_enabled":true,"jetpack_shortlink":"https:\/\/wp.me\/p6Un21-3V5","jetpack-related-posts":[{"id":22332,"url":"https:\/\/smallthings.fr\/lespetitslivres\/2015\/04\/13\/concours-extraordinaire-voyage-du-fakir\/","url_meta":{"origin":15071,"position":0},"title":"[Concours termin\u00e9] L&rsquo;Extraordinaire voyage du fakir qui \u00e9tait rest\u00e9 coinc\u00e9&#8230;","author":"Claire","date":"13 avril 2015","format":false,"excerpt":"A l'occasion de la sortie en poche de L\u2019extraordinaire voyage du fakir qui \u00e9tait rest\u00e9 coinc\u00e9 dans une armoire Ikea de Romain Pu\u00e9rtolas, le Livre de Poche et SmallThings vous offrent une valisette de fakir. \u00a0 Pour gagner l\u2019une des valisettes en jeu, r\u00e9pondez aux deux questions et vous participerez\u2026","rel":"","context":"Dans &quot;Concours&quot;","block_context":{"text":"Concours","link":"https:\/\/smallthings.fr\/lespetitslivres\/category\/concours\/"},"img":{"alt_text":"La valisette du fakir \u00c3\u00a0 gagner","src":"https:\/\/i0.wp.com\/smallthings.fr\/wp-content\/uploads\/2015\/04\/extraordinaire-voyage-fakir-concours.png?resize=350%2C200","width":350,"height":200,"srcset":"https:\/\/i0.wp.com\/smallthings.fr\/wp-content\/uploads\/2015\/04\/extraordinaire-voyage-fakir-concours.png?resize=350%2C200 1x, https:\/\/i0.wp.com\/smallthings.fr\/wp-content\/uploads\/2015\/04\/extraordinaire-voyage-fakir-concours.png?resize=525%2C300 1.5x"},"classes":[]},{"id":9128,"url":"https:\/\/smallthings.fr\/lespetitslivres\/2013\/11\/06\/les-apparences-gillian-flynn\/","url_meta":{"origin":15071,"position":1},"title":"Les Apparences de Gillian Flynn","author":"Audrey","date":"6 novembre 2013","format":false,"excerpt":"Les Apparences, l'excellent thriller de Gillian Flynn \u00e9dit\u00e9 en France pour la premi\u00e8re fois aux \u00e9ditions Sonatine, et depuis d\u00e9but octobre au Livre de Poche.","rel":"","context":"Dans &quot;Thriller&quot;","block_context":{"text":"Thriller","link":"https:\/\/smallthings.fr\/lespetitslivres\/category\/thriller\/"},"img":{"alt_text":"","src":"https:\/\/i0.wp.com\/uploads.smallthings.fr\/2013\/11\/les-apparences.jpg?resize=350%2C200","width":350,"height":200},"classes":[]},{"id":10173,"url":"https:\/\/smallthings.fr\/lespetitslivres\/2013\/12\/21\/concours-un-coffret-ken-follett-gagner\/","url_meta":{"origin":15071,"position":2},"title":"[Concours] Un coffret Ken Follett \u00e0 gagner","author":"Claire","date":"21 d\u00e9cembre 2013","format":false,"excerpt":"Le Livre de Poche et Small Things vous offrent pour No\u00ebl un coffret Ken Follett contenant Les piliers de la terre et Un monde sans fin. Allez faire un tour sur le site du Livre de Poche, trouvez les r\u00e9ponses aux questions, et jouez !","rel":"","context":"Dans &quot;Concours&quot;","block_context":{"text":"Concours","link":"https:\/\/smallthings.fr\/lespetitslivres\/category\/concours\/"},"img":{"alt_text":"","src":"","width":0,"height":0},"classes":[]},{"id":16964,"url":"https:\/\/smallthings.fr\/lespetitslivres\/2014\/10\/08\/apparences-gillian-flynn-cinema\/","url_meta":{"origin":15071,"position":3},"title":"Les Apparences \/ Gone Girl de Gillian Flynn par David Fincher au cin\u00e9ma le 8 octobre","author":"Claire","date":"8 octobre 2014","format":false,"excerpt":"Les Apparences de Gillian Flynn, c'est l'un des meilleurs thrillers sortis en 2013 en livre et s\u00fbrement le meilleur film du genre de 2014. En poche depuis octobre 2013,\u00a0retour sur ce r\u00e9cit angoissant. L'adaptation cin\u00e9matographique sera en salles le 8 octobre.. C'\u00e9tait l'un de nos gros coups de c\u0153ur litt\u00e9raires,\u2026","rel":"","context":"Dans &quot;Thriller&quot;","block_context":{"text":"Thriller","link":"https:\/\/smallthings.fr\/lespetitslivres\/category\/thriller\/"},"img":{"alt_text":"","src":"https:\/\/i0.wp.com\/smallthings.fr\/wp-content\/uploads\/2014\/10\/affiche-Gone-Girl-2014-3-204x300.jpg?resize=350%2C200","width":350,"height":200},"classes":[]},{"id":18410,"url":"https:\/\/smallthings.fr\/lespetitslivres\/2014\/11\/12\/respire-gagnez-livre-melanie-laurent\/","url_meta":{"origin":15071,"position":4},"title":"Respire : gagnez 2 exs du livre adapt\u00e9 au cin\u00e9ma par M\u00e9lanie Laurent","author":"Claire","date":"12 novembre 2014","format":false,"excerpt":"[slickquiz id=23] Concours termin\u00e9 Respire, le film r\u00e9alis\u00e9 par M\u00e9lanie Laurent,\u00a0sera dans les salles d\u00e8s demain (le 12 novembre). En choisissant d'adapter cette histoire, la jeune r\u00e9alisatrice dit vouloir \"rendre le harc\u00e8lement comme un non-\u00e9v\u00e9nement\" afin d'en traiter la gu\u00e9rison et la sortie. Pour l'occasion, le Livre de Poche\u00a0lance une\u2026","rel":"","context":"Dans &quot;Concours&quot;","block_context":{"text":"Concours","link":"https:\/\/smallthings.fr\/lespetitslivres\/category\/concours\/"},"img":{"alt_text":"Jos\u00c3\u00a9phine Japy et Lou de La\u00c3\u00a2ge, les jeunes actrices de \"Respire\"","src":"https:\/\/i0.wp.com\/smallthings.fr\/wp-content\/uploads\/2014\/11\/respire-film-couv.jpg?resize=350%2C200","width":350,"height":200},"classes":[]},{"id":9082,"url":"https:\/\/smallthings.fr\/lespetitslivres\/2013\/11\/04\/la-femme-dun-homme-livre\/","url_meta":{"origin":15071,"position":5},"title":"La Femme d&rsquo;un homme d&rsquo;A.S.A. Harrison \u00e0 para\u00eetre en janvier","author":"Claire","date":"4 novembre 2013","format":false,"excerpt":"La Femme d\u2019un homme (The silent wife) para\u00eetra en janvier aux \u00e9ditions du Livre de Poche. Nous avons eu la chance de d\u00e9couvrir en avant-premi\u00e8re les deux premiers chapitres, qui augurent d\u2019un tr\u00e8s tr\u00e8s bon thriller psychologique.","rel":"","context":"Dans &quot;Actu&quot;","block_context":{"text":"Actu","link":"https:\/\/smallthings.fr\/lespetitslivres\/category\/actu\/"},"img":{"alt_text":"","src":"https:\/\/i0.wp.com\/uploads.smallthings.fr\/2013\/11\/16171291.jpg?resize=350%2C200","width":350,"height":200},"classes":[]}],"_links":{"self":[{"href":"https:\/\/smallthings.fr\/lespetitslivres\/wp-json\/wp\/v2\/posts\/15071"}],"collection":[{"href":"https:\/\/smallthings.fr\/lespetitslivres\/wp-json\/wp\/v2\/posts"}],"about":[{"href":"https:\/\/smallthings.fr\/lespetitslivres\/wp-json\/wp\/v2\/types\/post"}],"author":[{"embeddable":true,"href":"https:\/\/smallthings.fr\/lespetitslivres\/wp-json\/wp\/v2\/users\/2"}],"replies":[{"embeddable":true,"href":"https:\/\/smallthings.fr\/lespetitslivres\/wp-json\/wp\/v2\/comments?post=15071"}],"version-history":[{"count":1,"href":"https:\/\/smallthings.fr\/lespetitslivres\/wp-json\/wp\/v2\/posts\/15071\/revisions"}],"predecessor-version":[{"id":28877,"href":"https:\/\/smallthings.fr\/lespetitslivres\/wp-json\/wp\/v2\/posts\/15071\/revisions\/28877"}],"wp:featuredmedia":[{"embeddable":true,"href":"https:\/\/smallthings.fr\/lespetitslivres\/wp-json\/"}],"wp:attachment":[{"href":"https:\/\/smallthings.fr\/lespetitslivres\/wp-json\/wp\/v2\/media?parent=15071"}],"wp:term":[{"taxonomy":"category","embeddable":true,"href":"https:\/\/smallthings.fr\/lespetitslivres\/wp-json\/wp\/v2\/categories?post=15071"},{"taxonomy":"post_tag","embeddable":true,"href":"https:\/\/smallthings.fr\/lespetitslivres\/wp-json\/wp\/v2\/tags?post=15071"}],"curies":[{"name":"wp","href":"https:\/\/api.w.org\/{rel}","templated":true}]}}