{"id":14309,"date":"2014-06-17T14:13:19","date_gmt":"2014-06-17T13:13:19","guid":{"rendered":"http:\/\/smallthings.fr\/?p=14309"},"modified":"2015-11-02T13:30:48","modified_gmt":"2015-11-02T12:30:48","slug":"verite-laffaire-harry-quebert-sorti-en-poche","status":"publish","type":"post","link":"https:\/\/smallthings.fr\/lespetitslivres\/2014\/06\/17\/verite-laffaire-harry-quebert-sorti-en-poche\/","title":{"rendered":"La V\u00e9rit\u00e9 sur l&rsquo;Affaire Harry Quebert est sorti en poche"},"content":{"rendered":"<h2>Il y a des livres comme \u00e7a dont on sait qu&rsquo;il faudra absolument qu&rsquo;on les lise un jour. <em>La V\u00e9rit\u00e9 sur l&rsquo;Affaire Harry Quebert<\/em> en fait partie pour moi. C&rsquo;est donc avec impatience que j&rsquo;attendais 1) d&rsquo;avoir le temps 2) la sortie en poche, parce que j&rsquo;aime promener mes bouquins partout et que la version grand format \u00e9tait plut\u00f4t volumineuse.<\/h2>\n<p>C&rsquo;est donc avec <em>La V\u00e9rit\u00e9 sur l&rsquo;Affaire Harry Quebert<\/em> que je me prom\u00e8ne tous les jours de la semaine. Pour le m\u00e9tro, pour la pause d\u00e9jeuner, pour la fin d&rsquo;apr\u00e8s-midi \u00e0 la maison, pour le soir avant de dormir&#8230; Avec ses chapitres courts qui nous emm\u00e8nent dans diff\u00e9rentes p\u00e9riodes et vers diff\u00e9rents personnages, ce roman est parfait pour la lecture suivie aussi bien que pour la lecture fragment\u00e9e.<\/p>\n<p>Nous rencontrons tout d&rsquo;abord Marcus Goldman, c\u00e9l\u00e8bre \u00e9crivain en panne d&rsquo;inspiration, qui d\u00e9cide de rendre visite \u00e0 son mentor Harry Quebert. L&rsquo;un comme l&rsquo;autre, ils n&rsquo;ont publi\u00e9 qu&rsquo;un seul immense succ\u00e8s. Le succ\u00e8s d&rsquo;Harry Quebert, c&rsquo;est <em>Les Origines du mal<\/em>, best-seller absolu qu&rsquo;il a r\u00e9dig\u00e9 \u00e0 la table du Clark&rsquo;s, restaurant d&rsquo;hamburgers de la petite ville d&rsquo;Aurora. Alors que Marcus est en \u00ab\u00a0convalescence\u00a0\u00bb intellectuelle et spirituelle chez son vieux ma\u00eetre, il fait une d\u00e9couverte d\u00e9concertante. <strong>Harry aurait eu une aventure avec Nola, une jeune fille de quinze ans, alors que lui en avait le double, juste avant qu&rsquo;elle ne disparaisse myst\u00e9rieusement&#8230;<\/strong> Marcus ne sait que penser. Persuad\u00e9 qu&rsquo;Harry est incapable d&rsquo;\u00eatre m\u00eal\u00e9 \u00e0 une telle affaire, les faits malheureusement sont contre lui.<\/p>\n<p><img loading=\"lazy\" decoding=\"async\" class=\"aligncenter size-full wp-image-14311\" src=\"http:\/\/smallthings.fr\/wp-content\/uploads\/2014\/06\/joel-dicker.jpg\" alt=\"\" width=\"493\" height=\"368\" \/><\/p>\n<p>Prix Goncourt des Lyc\u00e9ens 2012, Grand Prix du roman de l&rsquo;Acad\u00e9mie fran\u00e7aise, Jo\u00ebl Dicker avait beaucoup fait parler de lui lors de la sortie de <em>La V\u00e9rit\u00e9 sur l&rsquo;Affaire Harry Quebert<\/em>. Je ne peux que modestement confirmer ce succ\u00e8s. Le roman est passionnant. Beaucoup de sujets y sont abord\u00e9s, hormis l&rsquo;enqu\u00eate polici\u00e8re autour de la disparation de Nola. On y trouve aussi de tr\u00e8s beaux passages sur <strong>une amiti\u00e9 entre deux hommes<\/strong> qui se respectent et s&rsquo;apportent \u00e9norm\u00e9ment en tant qu&rsquo;\u00e9crivains. Le livre parle aussi d&rsquo;amour. Jo\u00ebl Dicker brasse pas mal de personnages. Un ton un peu na\u00eff parfois pourra laisser perplexe. Quelques clich\u00e9s inutiles, des dialogues un peu simplistes. Mais un talent pour mener l&rsquo;histoire, du moins dans la structure du texte. A\u00e9r\u00e9e, elle laisse la part belle \u00e0 l&rsquo;\u00e9volution des personnages et \u00e0 leurs destins propres.<\/p>\n<p>En attendant le dossier Rentr\u00e9e Litt\u00e9raire que nous vous pr\u00e9parons pour fin ao\u00fbt-d\u00e9but septembre, <strong><em>La V\u00e9rit\u00e9 sur l&rsquo;Affaire Harry Quebert<\/em> dans sa pratique version poche est ma recommandation pour l&rsquo;\u00e9t\u00e9<\/strong>. Si vous ne l&rsquo;avez pas encore lu mais que vous en aviez le projet, \u00e7a me semble \u00eatre le bon moment. Ces journ\u00e9es ensoleill\u00e9es vous permettront de ressentir l&rsquo;atmosph\u00e8re de la petite ville d&rsquo;Aurora et des passages au bord de l&rsquo;eau. Tout en frissonnant \u00e0 la lecture des moments un peu plus glauques de cette disparition et de cette histoire d&rsquo;amour qui d\u00e9range.<\/p>\n","protected":false},"excerpt":{"rendered":"<p>Il y a des livres comme \u00e7a dont on sait qu&rsquo;il faudra absolument qu&rsquo;on les lise un jour. La V\u00e9rit\u00e9 sur l&rsquo;Affaire Harry Quebert en fait partie pour moi. C&rsquo;est donc avec impatience que j&rsquo;attendais 1) d&rsquo;avoir le temps 2) la sortie en poche, parce que j&rsquo;aime promener mes bouquins partout et que la version<\/p>\n","protected":false},"author":2,"featured_media":14310,"comment_status":"open","ping_status":"open","sticky":false,"template":"","format":"standard","meta":{"jetpack_post_was_ever_published":false,"_jetpack_newsletter_access":"","_jetpack_newsletter_tier_id":0,"footnotes":"","jetpack_publicize_message":"","jetpack_is_tweetstorm":false,"jetpack_publicize_feature_enabled":true,"jetpack_social_post_already_shared":false,"jetpack_social_options":{"image_generator_settings":{"template":"highway","enabled":false}}},"categories":[1121,1117],"tags":[678,679,680],"jetpack_publicize_connections":[],"yoast_head":"<!-- This site is optimized with the Yoast SEO plugin v21.5 - https:\/\/yoast.com\/wordpress\/plugins\/seo\/ -->\n<title>La V\u00e9rit\u00e9 sur l&#039;Affaire Harry Quebert est sorti en poche<\/title>\n<meta name=\"robots\" content=\"index, follow, max-snippet:-1, max-image-preview:large, max-video-preview:-1\" \/>\n<link rel=\"canonical\" href=\"https:\/\/smallthings.fr\/lespetitslivres\/2014\/06\/17\/verite-laffaire-harry-quebert-sorti-en-poche\/\" \/>\n<meta property=\"og:locale\" content=\"fr_FR\" \/>\n<meta property=\"og:type\" content=\"article\" \/>\n<meta property=\"og:title\" content=\"La V\u00e9rit\u00e9 sur l&#039;Affaire Harry Quebert est sorti en poche\" \/>\n<meta property=\"og:description\" content=\"Il y a des livres comme \u00e7a dont on sait qu&rsquo;il faudra absolument qu&rsquo;on les lise un jour. La V\u00e9rit\u00e9 sur l&rsquo;Affaire Harry Quebert en fait partie pour moi. C&rsquo;est donc avec impatience que j&rsquo;attendais 1) d&rsquo;avoir le temps 2) la sortie en poche, parce que j&rsquo;aime promener mes bouquins partout et que la version\" \/>\n<meta property=\"og:url\" content=\"https:\/\/smallthings.fr\/lespetitslivres\/2014\/06\/17\/verite-laffaire-harry-quebert-sorti-en-poche\/\" \/>\n<meta property=\"og:site_name\" content=\"Les Petits Livres\" \/>\n<meta property=\"article:published_time\" content=\"2014-06-17T13:13:19+00:00\" \/>\n<meta property=\"article:modified_time\" content=\"2015-11-02T12:30:48+00:00\" \/>\n<meta name=\"author\" content=\"Claire\" \/>\n<meta name=\"twitter:card\" content=\"summary_large_image\" \/>\n<meta name=\"twitter:label1\" content=\"\u00c9crit par\" \/>\n\t<meta name=\"twitter:data1\" content=\"Claire\" \/>\n\t<meta name=\"twitter:label2\" content=\"Dur\u00e9e de lecture estim\u00e9e\" \/>\n\t<meta name=\"twitter:data2\" content=\"3 minutes\" \/>\n<script type=\"application\/ld+json\" class=\"yoast-schema-graph\">{\"@context\":\"https:\/\/schema.org\",\"@graph\":[{\"@type\":\"WebPage\",\"@id\":\"https:\/\/smallthings.fr\/lespetitslivres\/2014\/06\/17\/verite-laffaire-harry-quebert-sorti-en-poche\/\",\"url\":\"https:\/\/smallthings.fr\/lespetitslivres\/2014\/06\/17\/verite-laffaire-harry-quebert-sorti-en-poche\/\",\"name\":\"La V\u00e9rit\u00e9 sur l'Affaire Harry Quebert est sorti en poche\",\"isPartOf\":{\"@id\":\"https:\/\/smallthings.fr\/lespetitslivres\/#website\"},\"datePublished\":\"2014-06-17T13:13:19+00:00\",\"dateModified\":\"2015-11-02T12:30:48+00:00\",\"author\":{\"@id\":\"https:\/\/smallthings.fr\/lespetitslivres\/#\/schema\/person\/504d603cacfe064fe039dfa03a8b7918\"},\"breadcrumb\":{\"@id\":\"https:\/\/smallthings.fr\/lespetitslivres\/2014\/06\/17\/verite-laffaire-harry-quebert-sorti-en-poche\/#breadcrumb\"},\"inLanguage\":\"fr-FR\",\"potentialAction\":[{\"@type\":\"ReadAction\",\"target\":[\"https:\/\/smallthings.fr\/lespetitslivres\/2014\/06\/17\/verite-laffaire-harry-quebert-sorti-en-poche\/\"]}]},{\"@type\":\"BreadcrumbList\",\"@id\":\"https:\/\/smallthings.fr\/lespetitslivres\/2014\/06\/17\/verite-laffaire-harry-quebert-sorti-en-poche\/#breadcrumb\",\"itemListElement\":[{\"@type\":\"ListItem\",\"position\":1,\"name\":\"Accueil\",\"item\":\"https:\/\/smallthings.fr\/lespetitslivres\/\"},{\"@type\":\"ListItem\",\"position\":2,\"name\":\"La V\u00e9rit\u00e9 sur l&rsquo;Affaire Harry Quebert est sorti en poche\"}]},{\"@type\":\"WebSite\",\"@id\":\"https:\/\/smallthings.fr\/lespetitslivres\/#website\",\"url\":\"https:\/\/smallthings.fr\/lespetitslivres\/\",\"name\":\"Les Petits Livres\",\"description\":\"by Small Things\",\"potentialAction\":[{\"@type\":\"SearchAction\",\"target\":{\"@type\":\"EntryPoint\",\"urlTemplate\":\"https:\/\/smallthings.fr\/lespetitslivres\/?s={search_term_string}\"},\"query-input\":\"required name=search_term_string\"}],\"inLanguage\":\"fr-FR\"},{\"@type\":\"Person\",\"@id\":\"https:\/\/smallthings.fr\/lespetitslivres\/#\/schema\/person\/504d603cacfe064fe039dfa03a8b7918\",\"name\":\"Claire\",\"image\":{\"@type\":\"ImageObject\",\"inLanguage\":\"fr-FR\",\"@id\":\"https:\/\/smallthings.fr\/lespetitslivres\/#\/schema\/person\/image\/\",\"url\":\"https:\/\/secure.gravatar.com\/avatar\/9a85ff83d76b3eb17b8cae208640786e?s=96&d=retro&r=g\",\"contentUrl\":\"https:\/\/secure.gravatar.com\/avatar\/9a85ff83d76b3eb17b8cae208640786e?s=96&d=retro&r=g\",\"caption\":\"Claire\"},\"url\":\"https:\/\/smallthings.fr\/lespetitslivres\/author\/claire\/\"}]}<\/script>\n<!-- \/ Yoast SEO plugin. -->","yoast_head_json":{"title":"La V\u00e9rit\u00e9 sur l'Affaire Harry Quebert est sorti en poche","robots":{"index":"index","follow":"follow","max-snippet":"max-snippet:-1","max-image-preview":"max-image-preview:large","max-video-preview":"max-video-preview:-1"},"canonical":"https:\/\/smallthings.fr\/lespetitslivres\/2014\/06\/17\/verite-laffaire-harry-quebert-sorti-en-poche\/","og_locale":"fr_FR","og_type":"article","og_title":"La V\u00e9rit\u00e9 sur l'Affaire Harry Quebert est sorti en poche","og_description":"Il y a des livres comme \u00e7a dont on sait qu&rsquo;il faudra absolument qu&rsquo;on les lise un jour. La V\u00e9rit\u00e9 sur l&rsquo;Affaire Harry Quebert en fait partie pour moi. C&rsquo;est donc avec impatience que j&rsquo;attendais 1) d&rsquo;avoir le temps 2) la sortie en poche, parce que j&rsquo;aime promener mes bouquins partout et que la version","og_url":"https:\/\/smallthings.fr\/lespetitslivres\/2014\/06\/17\/verite-laffaire-harry-quebert-sorti-en-poche\/","og_site_name":"Les Petits Livres","article_published_time":"2014-06-17T13:13:19+00:00","article_modified_time":"2015-11-02T12:30:48+00:00","author":"Claire","twitter_card":"summary_large_image","twitter_misc":{"\u00c9crit par":"Claire","Dur\u00e9e de lecture estim\u00e9e":"3 minutes"},"schema":{"@context":"https:\/\/schema.org","@graph":[{"@type":"WebPage","@id":"https:\/\/smallthings.fr\/lespetitslivres\/2014\/06\/17\/verite-laffaire-harry-quebert-sorti-en-poche\/","url":"https:\/\/smallthings.fr\/lespetitslivres\/2014\/06\/17\/verite-laffaire-harry-quebert-sorti-en-poche\/","name":"La V\u00e9rit\u00e9 sur l'Affaire Harry Quebert est sorti en poche","isPartOf":{"@id":"https:\/\/smallthings.fr\/lespetitslivres\/#website"},"datePublished":"2014-06-17T13:13:19+00:00","dateModified":"2015-11-02T12:30:48+00:00","author":{"@id":"https:\/\/smallthings.fr\/lespetitslivres\/#\/schema\/person\/504d603cacfe064fe039dfa03a8b7918"},"breadcrumb":{"@id":"https:\/\/smallthings.fr\/lespetitslivres\/2014\/06\/17\/verite-laffaire-harry-quebert-sorti-en-poche\/#breadcrumb"},"inLanguage":"fr-FR","potentialAction":[{"@type":"ReadAction","target":["https:\/\/smallthings.fr\/lespetitslivres\/2014\/06\/17\/verite-laffaire-harry-quebert-sorti-en-poche\/"]}]},{"@type":"BreadcrumbList","@id":"https:\/\/smallthings.fr\/lespetitslivres\/2014\/06\/17\/verite-laffaire-harry-quebert-sorti-en-poche\/#breadcrumb","itemListElement":[{"@type":"ListItem","position":1,"name":"Accueil","item":"https:\/\/smallthings.fr\/lespetitslivres\/"},{"@type":"ListItem","position":2,"name":"La V\u00e9rit\u00e9 sur l&rsquo;Affaire Harry Quebert est sorti en poche"}]},{"@type":"WebSite","@id":"https:\/\/smallthings.fr\/lespetitslivres\/#website","url":"https:\/\/smallthings.fr\/lespetitslivres\/","name":"Les Petits Livres","description":"by Small Things","potentialAction":[{"@type":"SearchAction","target":{"@type":"EntryPoint","urlTemplate":"https:\/\/smallthings.fr\/lespetitslivres\/?s={search_term_string}"},"query-input":"required name=search_term_string"}],"inLanguage":"fr-FR"},{"@type":"Person","@id":"https:\/\/smallthings.fr\/lespetitslivres\/#\/schema\/person\/504d603cacfe064fe039dfa03a8b7918","name":"Claire","image":{"@type":"ImageObject","inLanguage":"fr-FR","@id":"https:\/\/smallthings.fr\/lespetitslivres\/#\/schema\/person\/image\/","url":"https:\/\/secure.gravatar.com\/avatar\/9a85ff83d76b3eb17b8cae208640786e?s=96&d=retro&r=g","contentUrl":"https:\/\/secure.gravatar.com\/avatar\/9a85ff83d76b3eb17b8cae208640786e?s=96&d=retro&r=g","caption":"Claire"},"url":"https:\/\/smallthings.fr\/lespetitslivres\/author\/claire\/"}]}},"jetpack_featured_media_url":"","jetpack_sharing_enabled":true,"jetpack_shortlink":"https:\/\/wp.me\/p6Un21-3IN","jetpack-related-posts":[{"id":16297,"url":"https:\/\/smallthings.fr\/lespetitslivres\/2014\/09\/04\/pas-termine-verite-affaire-harry-quebert\/","url_meta":{"origin":14309,"position":0},"title":"Pourquoi je n&rsquo;ai pas termin\u00e9 \u00ab\u00a0La V\u00e9rit\u00e9 sur l&rsquo;affaire Harry Qu\u00e9bert\u00a0\u00bb","author":"Claire","date":"4 septembre 2014","format":false,"excerpt":"Il y a quelques mois, j'\u00e9crivais avec enthousiasme avoir acquis la version poche de La V\u00e9rit\u00e9 sur l'affaire Harry Qu\u00e9bert, roman \u00e0 succ\u00e8s de Jo\u00ebl Dicker, laur\u00e9at de plusieurs prix litt\u00e9raires en 2012, tels que le Goncourt des lyc\u00e9ens, et le Grand Prix de l'Acad\u00e9mie Fran\u00e7aise, rien que \u00e7a. Cependant,\u2026","rel":"","context":"Dans &quot;Roman fran\u00e7ais&quot;","block_context":{"text":"Roman fran\u00e7ais","link":"https:\/\/smallthings.fr\/lespetitslivres\/category\/roman\/roman-francais\/"},"img":{"alt_text":"","src":"","width":0,"height":0},"classes":[]},{"id":31643,"url":"https:\/\/smallthings.fr\/lespetitslivres\/2018\/05\/03\/marquise-des-poisons-olivier-seigneur\/","url_meta":{"origin":14309,"position":1},"title":"La Marquise des poisons, enqu\u00eate romanesque sur l&rsquo;Affaire des Poisons","author":"June","date":"3 mai 2018","format":false,"excerpt":"La Marquise des poisons\u00a0est un roman historique d'Olivier Seigneur, sous-titr\u00e9 Les enqu\u00eates de La Reynie, le policier du Roi-Soleil. Il s'attaque \u00e0 la fameuse et bien connue Affaire des Poisons ! Celle qui va jeter l'opprobre sur la cour de Louis XIV. Le livre para\u00eet aujourd'hui chez Plon. Quel coup\u2026","rel":"","context":"Dans &quot;Roman fran\u00e7ais&quot;","block_context":{"text":"Roman fran\u00e7ais","link":"https:\/\/smallthings.fr\/lespetitslivres\/category\/roman\/roman-francais\/"},"img":{"alt_text":"","src":"https:\/\/i0.wp.com\/smallthings.fr\/lespetitslivres\/wp-content\/uploads\/2018\/05\/marquise-des-poisons-cover.jpg?resize=350%2C200&ssl=1","width":350,"height":200,"srcset":"https:\/\/i0.wp.com\/smallthings.fr\/lespetitslivres\/wp-content\/uploads\/2018\/05\/marquise-des-poisons-cover.jpg?resize=350%2C200&ssl=1 1x, https:\/\/i0.wp.com\/smallthings.fr\/lespetitslivres\/wp-content\/uploads\/2018\/05\/marquise-des-poisons-cover.jpg?resize=525%2C300&ssl=1 1.5x"},"classes":[]},{"id":27451,"url":"https:\/\/smallthings.fr\/lespetitslivres\/2015\/09\/27\/l-affaire-caravaggio-daniel-silva-critique\/","url_meta":{"origin":14309,"position":2},"title":"L\u2019Affaire Caravaggio : au c\u0153ur du trafic d\u2019art et des jeux de pouvoir","author":"June","date":"27 septembre 2015","format":false,"excerpt":"L\u2019Affaire Caravaggio, nouveau thriller de l'am\u00e9ricain Daniel Silva, est sorti au d\u00e9but du mois de septembre aux \u00e9ditions Mosa\u00efc. Un roman d\u2019espionnage de haut vol, men\u00e9 d\u2019une main de ma\u00eetre par cet auteur de nombreux ouvrages du genre. Cette enqu\u00eate au suspens imparable nous emm\u00e8ne d\u2019un fil \u00e0 l\u2019autre toujours\u2026","rel":"","context":"Dans &quot;Thriller&quot;","block_context":{"text":"Thriller","link":"https:\/\/smallthings.fr\/lespetitslivres\/category\/thriller\/"},"img":{"alt_text":"","src":"https:\/\/i0.wp.com\/smallthings.fr\/lespetitslivres\/wp-content\/uploads\/2015\/09\/affaire-caravaggio-couv.jpg?resize=350%2C200&ssl=1","width":350,"height":200},"classes":[]},{"id":29281,"url":"https:\/\/smallthings.fr\/lespetitslivres\/2015\/12\/14\/mariee-etait-en-blanc-mary-higgins-clark\/","url_meta":{"origin":14309,"position":3},"title":"La mari\u00e9e \u00e9tait en blanc, un roman policier co-sign\u00e9 Mary Higgins Clark","author":"Fanny","date":"14 d\u00e9cembre 2015","format":false,"excerpt":"Mary Higgins Clark et Alafair Burke nous emm\u00e8nent \u00e0 nouveau au c\u0153ur du monde complexe de la t\u00e9l\u00e9-r\u00e9alit\u00e9. Paru aux \u00e9ditions Albin Michel, La mari\u00e9e \u00e9tait en blanc est la suite du tr\u00e8s r\u00e9ussi L'affaire Cendrillon. Avec plaisir, nous retrouvons Laurie Moran et son \u00e9quipe de production \u00e0 la recherche\u2026","rel":"","context":"Dans &quot;Actu&quot;","block_context":{"text":"Actu","link":"https:\/\/smallthings.fr\/lespetitslivres\/category\/actu\/"},"img":{"alt_text":"","src":"https:\/\/i0.wp.com\/smallthings.fr\/lespetitslivres\/wp-content\/uploads\/2015\/12\/mary-higgins-clark-photo.jpg?resize=350%2C200&ssl=1","width":350,"height":200,"srcset":"https:\/\/i0.wp.com\/smallthings.fr\/lespetitslivres\/wp-content\/uploads\/2015\/12\/mary-higgins-clark-photo.jpg?resize=350%2C200&ssl=1 1x, https:\/\/i0.wp.com\/smallthings.fr\/lespetitslivres\/wp-content\/uploads\/2015\/12\/mary-higgins-clark-photo.jpg?resize=525%2C300&ssl=1 1.5x, https:\/\/i0.wp.com\/smallthings.fr\/lespetitslivres\/wp-content\/uploads\/2015\/12\/mary-higgins-clark-photo.jpg?resize=700%2C400&ssl=1 2x"},"classes":[]},{"id":29121,"url":"https:\/\/smallthings.fr\/lespetitslivres\/2015\/11\/14\/reste-avec-moi-warman-critique\/","url_meta":{"origin":14309,"position":4},"title":"Reste avec moi, le livre entre deux mondes de Jessica Warman","author":"Jennifer","date":"14 novembre 2015","format":false,"excerpt":"Reste avec moi de Jessica Warman est sorti le 14 octobre dernier en format poche aux \u00e9ditions Pocket Jeunesse. Il raconte l\u2019histoire d\u2019Elizabeth, jeune fille au comportement ex\u00e9crable, qui va \u00eatre tu\u00e9e le jour de son 18\u00e8me anniversaire. Coinc\u00e9e entre le monde des vivants et celui des morts, elle va\u2026","rel":"","context":"Dans &quot;Fantastique&quot;","block_context":{"text":"Fantastique","link":"https:\/\/smallthings.fr\/lespetitslivres\/category\/imaginaire\/fantastique\/"},"img":{"alt_text":"","src":"https:\/\/i0.wp.com\/smallthings.fr\/lespetitslivres\/wp-content\/uploads\/2015\/11\/reste-avec-moi-couv.jpg?resize=350%2C200&ssl=1","width":350,"height":200},"classes":[]},{"id":29412,"url":"https:\/\/smallthings.fr\/lespetitslivres\/2016\/01\/21\/sang-de-la-dechirure-epee-verite\/","url_meta":{"origin":14309,"position":5},"title":"L\u2019\u00e9p\u00e9e de v\u00e9rit\u00e9 tome 3 : Le Sang de la D\u00e9chirure","author":"Jennifer","date":"21 janvier 2016","format":false,"excerpt":"Le Sang de la D\u00e9chirure est le troisi\u00e8me tome de la saga L\u2019\u00e9p\u00e9e de V\u00e9rit\u00e9 de Terry Goodkind. Sorti en format poche chez Milady le 20 novembre dernier, il raconte comment le Gardien a r\u00e9ussi \u00e0 rallier encore plus de fid\u00e8les dans le monde du Sourcier. Richard devra une fois\u2026","rel":"","context":"Dans &quot;Fantastique&quot;","block_context":{"text":"Fantastique","link":"https:\/\/smallthings.fr\/lespetitslivres\/category\/imaginaire\/fantastique\/"},"img":{"alt_text":"","src":"https:\/\/i0.wp.com\/smallthings.fr\/lespetitslivres\/wp-content\/uploads\/2016\/01\/sang-dechirure-epee-couv.jpg?resize=350%2C200&ssl=1","width":350,"height":200,"srcset":"https:\/\/i0.wp.com\/smallthings.fr\/lespetitslivres\/wp-content\/uploads\/2016\/01\/sang-dechirure-epee-couv.jpg?resize=350%2C200&ssl=1 1x, https:\/\/i0.wp.com\/smallthings.fr\/lespetitslivres\/wp-content\/uploads\/2016\/01\/sang-dechirure-epee-couv.jpg?resize=525%2C300&ssl=1 1.5x, https:\/\/i0.wp.com\/smallthings.fr\/lespetitslivres\/wp-content\/uploads\/2016\/01\/sang-dechirure-epee-couv.jpg?resize=700%2C400&ssl=1 2x, https:\/\/i0.wp.com\/smallthings.fr\/lespetitslivres\/wp-content\/uploads\/2016\/01\/sang-dechirure-epee-couv.jpg?resize=1050%2C600&ssl=1 3x"},"classes":[]}],"_links":{"self":[{"href":"https:\/\/smallthings.fr\/lespetitslivres\/wp-json\/wp\/v2\/posts\/14309"}],"collection":[{"href":"https:\/\/smallthings.fr\/lespetitslivres\/wp-json\/wp\/v2\/posts"}],"about":[{"href":"https:\/\/smallthings.fr\/lespetitslivres\/wp-json\/wp\/v2\/types\/post"}],"author":[{"embeddable":true,"href":"https:\/\/smallthings.fr\/lespetitslivres\/wp-json\/wp\/v2\/users\/2"}],"replies":[{"embeddable":true,"href":"https:\/\/smallthings.fr\/lespetitslivres\/wp-json\/wp\/v2\/comments?post=14309"}],"version-history":[{"count":1,"href":"https:\/\/smallthings.fr\/lespetitslivres\/wp-json\/wp\/v2\/posts\/14309\/revisions"}],"predecessor-version":[{"id":28882,"href":"https:\/\/smallthings.fr\/lespetitslivres\/wp-json\/wp\/v2\/posts\/14309\/revisions\/28882"}],"wp:featuredmedia":[{"embeddable":true,"href":"https:\/\/smallthings.fr\/lespetitslivres\/wp-json\/"}],"wp:attachment":[{"href":"https:\/\/smallthings.fr\/lespetitslivres\/wp-json\/wp\/v2\/media?parent=14309"}],"wp:term":[{"taxonomy":"category","embeddable":true,"href":"https:\/\/smallthings.fr\/lespetitslivres\/wp-json\/wp\/v2\/categories?post=14309"},{"taxonomy":"post_tag","embeddable":true,"href":"https:\/\/smallthings.fr\/lespetitslivres\/wp-json\/wp\/v2\/tags?post=14309"}],"curies":[{"name":"wp","href":"https:\/\/api.w.org\/{rel}","templated":true}]}}