{"id":13992,"date":"2014-06-02T14:40:30","date_gmt":"2014-06-02T13:40:30","guid":{"rendered":"http:\/\/smallthings.fr\/?p=13992"},"modified":"2015-11-02T13:31:03","modified_gmt":"2015-11-02T12:31:03","slug":"livre-leela-alice-albinia","status":"publish","type":"post","link":"https:\/\/smallthings.fr\/lespetitslivres\/2014\/06\/02\/livre-leela-alice-albinia\/","title":{"rendered":"Le Livre de Leela &#8211; Alice Albinia"},"content":{"rendered":"<h2>Actes Sud a publi\u00e9 d\u00e9but f\u00e9vrier <a href=\"http:\/\/www.actes-sud.fr\/catalogue\/litterature-etrangere\/le-livre-de-leela\" target=\"_blank\"><em>Le Livre de Leela<\/em><\/a>, premier roman de l&rsquo;indienne Alice Albinia.<\/h2>\n<p>Dipl\u00f4m\u00e9e de la School of Oriental and African Studies de Cambridge, Alice Albinia a travaill\u00e9 plusieurs ann\u00e9es comme journaliste \u00e0 Delhi. <strong>Son premier roman, <em>Le Livre de Leela<\/em>, convoque une multitude de facettes mythologiques, historiques, culturelles et linguistiques de l\u2019Inde pour les orchestrer en une \u00e9pop\u00e9e magistrale<\/strong>.<\/p>\n<p><em>Le Livre de Leela<\/em> commence comme une \u00e9nigme classique\u00a0: <strong>une femme indienne, Leela, revient finalement \u00e0 Delhi, la ville de ses origines, apr\u00e8s un exil de vingt ans aux Etats-Unis<\/strong>. En apparence, simplement pour assister au mariage de la ni\u00e8ce de son mari. En r\u00e9alit\u00e9, son retour provoque une mise \u00e0 nu de tous les secrets et les conflits qui traversent les deux familles des Sharma et des Chaturvedi. Cette collision entre les deux familles se r\u00e9percute dans de multiples ondes de choc qui remontent jusqu\u2019\u00e0 la source mythologique de l\u2019Inde, le chant du <em>Mahabharata<\/em>, o\u00f9 s\u2019affrontent les volont\u00e9s oppos\u00e9es de Ganesh, le dieu-scribe, et de Vyasa, l\u2019auteur divin proclam\u00e9 de cette \u00e9pop\u00e9e.<\/p>\n<p>En un mouvement de va-et-vient perp\u00e9tuel, Alice Albinia fait donc de son propre r\u00e9cit le dernier avatar du <em>Mahabharata<\/em>, de ses personnages les derni\u00e8res r\u00e9incarnations de Vyasa, des cr\u00e9atures de Ganesh et des autres existences qui croisent leur chemin, simples pions au milieu d\u2019un immense conflit divin. Illustrant ainsi la croyance indienne selon laquelle la vie n\u2019est qu\u2019un \u00e9ternel recommencement. Et <strong>la galerie de personnages hauts en couleur qu\u2019elle cr\u00e9e sous les yeux du lecteur lui est \u00e9galement mati\u00e8re \u00e0 aborder plusieurs aspects de l\u2019Inde contemporaine<\/strong>\u00a0: l\u2019homosexualit\u00e9, le statut et les droits des femmes, les diff\u00e9rences religieuses, le nationalisme hindou, les querelles universitaires autour des textes sanskrits, les relations complexes entre l\u2019Inde et son ancien colonisateur\u2026 Autant de th\u00e8mes, d\u2019id\u00e9es, d\u2019\u00e9vocations qui s\u2019entrecroisent en un grand ma\u00eblstrom qui n\u2019est que l\u2019exact portrait de la complexit\u00e9 d\u2019une Inde \u00e0 la crois\u00e9e des chemins et des \u00e9poques. Cela rend<em> Le Livre de Leela<\/em> foisonnant, entra\u00eenant, tout sauf pos\u00e9 et paisible, mais passionnant \u00e0 lire.<\/p>\n<p>On peut reprocher \u00e0 Alice Albinia d\u2019avoir renonc\u00e9 \u00e0 rassembler et d\u00e9nouer tous les fils de l\u2019intrigue \u2013 entre autres, qu\u2019en sera-t-il du mariage de Sunita et d\u2019Ash Chaturvedi, de celui de Leela et Hari, de l\u2019adoption de Ram, du retour en gr\u00e2ce d\u2019Urvashi ? \u2013 et de perdre parfois le lecteur dans ce tourbillon d\u2019\u00e9v\u00e9nements, de secrets, de rebondissements coiff\u00e9s par-dessus le march\u00e9 d\u2019un conflit divin qui ne se r\u00e9sout pas non plus avec la fin du r\u00e9cit. Mais j\u2019y distingue l\u00e0 la volont\u00e9 d\u2019adopter la forme narrative de l\u2019\u00e9pop\u00e9e indienne elle-m\u00eame, et de ne pas clore le d\u00e9bat avec la fin du livre, en ce que <em>Le Livre de Leela<\/em> n\u2019est finalement qu\u2019une fen\u00eatre sur la vie de tous ces personnages, un moment d\u2019observation du grand chaos de la cr\u00e9ation, de la vie et de la r\u00e9incarnation toujours entrem\u00eal\u00e9s dans la trame du temps.<\/p>\n<p>L\u2019important, ici, plus qu\u2019un d\u00e9nouement romanesque bien r\u00e9gl\u00e9, qui para\u00eetrait finalement artificiel, c\u2019est <strong>l\u2019\u00e9lan, la force de vie qui bouillonne dans le r\u00e9cit<\/strong>, l\u2019emplit tout entier jusqu\u2019\u00e0 d\u00e9border les limites du texte dont les franges brutes, effiloch\u00e9es, ne sont qu\u2019un rappel de l\u2019inach\u00e8vement perp\u00e9tuel de nos existences et du monde toujours en devenir.<\/p>\n<blockquote><p><em>\u00ab Un nouveau spasme lui avait soulev\u00e9 le c\u0153ur \u00e0 l\u2019id\u00e9e que Vyasa puisse, une fois encore, dicter le cours de sa vie. La simple \u00e9vocation de cet homme, de tout ce qu\u2019il avait fait, la remplissait de rage. Mais elle n\u2019avait rien dit \u00e0 Hari. Assise dans cet avion, le journal sur les genoux, elle \u00e9prouvait toujours de la col\u00e8re \u2013 elle aurait voulu hurler qu\u2019elle avait \u00e9t\u00e9 doublement trahie, jurer dans les pleurs qu\u2019elle ne remettrait pas les pieds sur sa terre natale m\u00eame si Hari la suppliait \u00e0 genoux\u2026 Et pourtant, elle savait aussi qu\u2019elle revenait non pas pour son \u00e9poux, mais pour Meera. Elle avait fait jadis une promesse qu\u2019elle se devait d\u2019honorer avant de quitter l\u2019Inde une seconde fois.\u00a0\u00bb<\/em><\/p>\n<p>&nbsp;<\/p><\/blockquote>\n<p>A commander sur <a href=\"http:\/\/www.amazon.fr\/Le-livre-Leela-Alice-Albinia\/dp\/2330016387\" target=\"_blank\">Amazon<\/a><\/p>\n","protected":false},"excerpt":{"rendered":"<p>Actes Sud a publi\u00e9 d\u00e9but f\u00e9vrier Le Livre de Leela, premier roman de l&rsquo;indienne Alice Albinia. Dipl\u00f4m\u00e9e de la School of Oriental and African Studies de Cambridge, Alice Albinia a travaill\u00e9 plusieurs ann\u00e9es comme journaliste \u00e0 Delhi. Son premier roman, Le Livre de Leela, convoque une multitude de facettes mythologiques, historiques, culturelles et linguistiques de<\/p>\n","protected":false},"author":13,"featured_media":13993,"comment_status":"open","ping_status":"open","sticky":false,"template":"","format":"standard","meta":{"jetpack_post_was_ever_published":false,"_jetpack_newsletter_access":"","_jetpack_newsletter_tier_id":0,"footnotes":"","jetpack_publicize_message":"","jetpack_is_tweetstorm":false,"jetpack_publicize_feature_enabled":true,"jetpack_social_post_already_shared":false,"jetpack_social_options":{"image_generator_settings":{"template":"highway","enabled":false}}},"categories":[1118],"tags":[191,182,192],"jetpack_publicize_connections":[],"yoast_head":"<!-- This site is optimized with the Yoast SEO plugin v21.5 - https:\/\/yoast.com\/wordpress\/plugins\/seo\/ -->\n<title>Le Livre de Leela - Alice Albinia - | SMALL THINGS |<\/title>\n<meta name=\"description\" content=\"Actes Sud a publi\u00e9 d\u00e9but f\u00e9vrier Le Livre de Leela, premier roman de l&#039;indienne Alice Albinia. Dipl\u00f4m\u00e9e de la School of Oriental and African Studies de\" \/>\n<meta name=\"robots\" content=\"index, follow, max-snippet:-1, max-image-preview:large, max-video-preview:-1\" \/>\n<link rel=\"canonical\" href=\"http:\/\/smallthings.fr\/lespetitslivres\/2014\/06\/02\/livre-leela-alice-albinia\/\" \/>\n<meta property=\"og:locale\" content=\"fr_FR\" \/>\n<meta property=\"og:type\" content=\"article\" \/>\n<meta property=\"og:title\" content=\"Le Livre de Leela - Alice Albinia - | SMALL THINGS |\" \/>\n<meta property=\"og:description\" content=\"Actes Sud a publi\u00e9 d\u00e9but f\u00e9vrier Le Livre de Leela, premier roman de l&#039;indienne Alice Albinia. Dipl\u00f4m\u00e9e de la School of Oriental and African Studies de\" \/>\n<meta property=\"og:url\" content=\"http:\/\/smallthings.fr\/lespetitslivres\/2014\/06\/02\/livre-leela-alice-albinia\/\" \/>\n<meta property=\"og:site_name\" content=\"Les Petits Livres\" \/>\n<meta property=\"article:published_time\" content=\"2014-06-02T13:40:30+00:00\" \/>\n<meta property=\"article:modified_time\" content=\"2015-11-02T12:31:03+00:00\" \/>\n<meta name=\"author\" content=\"Cecile\" \/>\n<meta name=\"twitter:card\" content=\"summary_large_image\" \/>\n<meta name=\"twitter:label1\" content=\"\u00c9crit par\" \/>\n\t<meta name=\"twitter:data1\" content=\"Cecile\" \/>\n\t<meta name=\"twitter:label2\" content=\"Dur\u00e9e de lecture estim\u00e9e\" \/>\n\t<meta name=\"twitter:data2\" content=\"4 minutes\" \/>\n<script type=\"application\/ld+json\" class=\"yoast-schema-graph\">{\"@context\":\"https:\/\/schema.org\",\"@graph\":[{\"@type\":\"WebPage\",\"@id\":\"http:\/\/smallthings.fr\/lespetitslivres\/2014\/06\/02\/livre-leela-alice-albinia\/\",\"url\":\"http:\/\/smallthings.fr\/lespetitslivres\/2014\/06\/02\/livre-leela-alice-albinia\/\",\"name\":\"Le Livre de Leela - Alice Albinia - | SMALL THINGS |\",\"isPartOf\":{\"@id\":\"https:\/\/smallthings.fr\/lespetitslivres\/#website\"},\"datePublished\":\"2014-06-02T13:40:30+00:00\",\"dateModified\":\"2015-11-02T12:31:03+00:00\",\"author\":{\"@id\":\"https:\/\/smallthings.fr\/lespetitslivres\/#\/schema\/person\/7b3de8ef611f2b29f758a00cad7cafb2\"},\"description\":\"Actes Sud a publi\u00e9 d\u00e9but f\u00e9vrier Le Livre de Leela, premier roman de l'indienne Alice Albinia. Dipl\u00f4m\u00e9e de la School of Oriental and African Studies de\",\"breadcrumb\":{\"@id\":\"http:\/\/smallthings.fr\/lespetitslivres\/2014\/06\/02\/livre-leela-alice-albinia\/#breadcrumb\"},\"inLanguage\":\"fr-FR\",\"potentialAction\":[{\"@type\":\"ReadAction\",\"target\":[\"http:\/\/smallthings.fr\/lespetitslivres\/2014\/06\/02\/livre-leela-alice-albinia\/\"]}]},{\"@type\":\"BreadcrumbList\",\"@id\":\"http:\/\/smallthings.fr\/lespetitslivres\/2014\/06\/02\/livre-leela-alice-albinia\/#breadcrumb\",\"itemListElement\":[{\"@type\":\"ListItem\",\"position\":1,\"name\":\"Accueil\",\"item\":\"https:\/\/smallthings.fr\/lespetitslivres\/\"},{\"@type\":\"ListItem\",\"position\":2,\"name\":\"Le Livre de Leela &#8211; Alice Albinia\"}]},{\"@type\":\"WebSite\",\"@id\":\"https:\/\/smallthings.fr\/lespetitslivres\/#website\",\"url\":\"https:\/\/smallthings.fr\/lespetitslivres\/\",\"name\":\"Les Petits Livres\",\"description\":\"by Small Things\",\"potentialAction\":[{\"@type\":\"SearchAction\",\"target\":{\"@type\":\"EntryPoint\",\"urlTemplate\":\"https:\/\/smallthings.fr\/lespetitslivres\/?s={search_term_string}\"},\"query-input\":\"required name=search_term_string\"}],\"inLanguage\":\"fr-FR\"},{\"@type\":\"Person\",\"@id\":\"https:\/\/smallthings.fr\/lespetitslivres\/#\/schema\/person\/7b3de8ef611f2b29f758a00cad7cafb2\",\"name\":\"Cecile\",\"image\":{\"@type\":\"ImageObject\",\"inLanguage\":\"fr-FR\",\"@id\":\"https:\/\/smallthings.fr\/lespetitslivres\/#\/schema\/person\/image\/\",\"url\":\"https:\/\/secure.gravatar.com\/avatar\/a855fa1dbad38b06e97132a8a6579746?s=96&d=retro&r=g\",\"contentUrl\":\"https:\/\/secure.gravatar.com\/avatar\/a855fa1dbad38b06e97132a8a6579746?s=96&d=retro&r=g\",\"caption\":\"Cecile\"},\"url\":\"https:\/\/smallthings.fr\/lespetitslivres\/author\/cecile\/\"}]}<\/script>\n<!-- \/ Yoast SEO plugin. -->","yoast_head_json":{"title":"Le Livre de Leela - Alice Albinia - | SMALL THINGS |","description":"Actes Sud a publi\u00e9 d\u00e9but f\u00e9vrier Le Livre de Leela, premier roman de l'indienne Alice Albinia. Dipl\u00f4m\u00e9e de la School of Oriental and African Studies de","robots":{"index":"index","follow":"follow","max-snippet":"max-snippet:-1","max-image-preview":"max-image-preview:large","max-video-preview":"max-video-preview:-1"},"canonical":"http:\/\/smallthings.fr\/lespetitslivres\/2014\/06\/02\/livre-leela-alice-albinia\/","og_locale":"fr_FR","og_type":"article","og_title":"Le Livre de Leela - Alice Albinia - | SMALL THINGS |","og_description":"Actes Sud a publi\u00e9 d\u00e9but f\u00e9vrier Le Livre de Leela, premier roman de l'indienne Alice Albinia. Dipl\u00f4m\u00e9e de la School of Oriental and African Studies de","og_url":"http:\/\/smallthings.fr\/lespetitslivres\/2014\/06\/02\/livre-leela-alice-albinia\/","og_site_name":"Les Petits Livres","article_published_time":"2014-06-02T13:40:30+00:00","article_modified_time":"2015-11-02T12:31:03+00:00","author":"Cecile","twitter_card":"summary_large_image","twitter_misc":{"\u00c9crit par":"Cecile","Dur\u00e9e de lecture estim\u00e9e":"4 minutes"},"schema":{"@context":"https:\/\/schema.org","@graph":[{"@type":"WebPage","@id":"http:\/\/smallthings.fr\/lespetitslivres\/2014\/06\/02\/livre-leela-alice-albinia\/","url":"http:\/\/smallthings.fr\/lespetitslivres\/2014\/06\/02\/livre-leela-alice-albinia\/","name":"Le Livre de Leela - Alice Albinia - | SMALL THINGS |","isPartOf":{"@id":"https:\/\/smallthings.fr\/lespetitslivres\/#website"},"datePublished":"2014-06-02T13:40:30+00:00","dateModified":"2015-11-02T12:31:03+00:00","author":{"@id":"https:\/\/smallthings.fr\/lespetitslivres\/#\/schema\/person\/7b3de8ef611f2b29f758a00cad7cafb2"},"description":"Actes Sud a publi\u00e9 d\u00e9but f\u00e9vrier Le Livre de Leela, premier roman de l'indienne Alice Albinia. Dipl\u00f4m\u00e9e de la School of Oriental and African Studies de","breadcrumb":{"@id":"http:\/\/smallthings.fr\/lespetitslivres\/2014\/06\/02\/livre-leela-alice-albinia\/#breadcrumb"},"inLanguage":"fr-FR","potentialAction":[{"@type":"ReadAction","target":["http:\/\/smallthings.fr\/lespetitslivres\/2014\/06\/02\/livre-leela-alice-albinia\/"]}]},{"@type":"BreadcrumbList","@id":"http:\/\/smallthings.fr\/lespetitslivres\/2014\/06\/02\/livre-leela-alice-albinia\/#breadcrumb","itemListElement":[{"@type":"ListItem","position":1,"name":"Accueil","item":"https:\/\/smallthings.fr\/lespetitslivres\/"},{"@type":"ListItem","position":2,"name":"Le Livre de Leela &#8211; Alice Albinia"}]},{"@type":"WebSite","@id":"https:\/\/smallthings.fr\/lespetitslivres\/#website","url":"https:\/\/smallthings.fr\/lespetitslivres\/","name":"Les Petits Livres","description":"by Small Things","potentialAction":[{"@type":"SearchAction","target":{"@type":"EntryPoint","urlTemplate":"https:\/\/smallthings.fr\/lespetitslivres\/?s={search_term_string}"},"query-input":"required name=search_term_string"}],"inLanguage":"fr-FR"},{"@type":"Person","@id":"https:\/\/smallthings.fr\/lespetitslivres\/#\/schema\/person\/7b3de8ef611f2b29f758a00cad7cafb2","name":"Cecile","image":{"@type":"ImageObject","inLanguage":"fr-FR","@id":"https:\/\/smallthings.fr\/lespetitslivres\/#\/schema\/person\/image\/","url":"https:\/\/secure.gravatar.com\/avatar\/a855fa1dbad38b06e97132a8a6579746?s=96&d=retro&r=g","contentUrl":"https:\/\/secure.gravatar.com\/avatar\/a855fa1dbad38b06e97132a8a6579746?s=96&d=retro&r=g","caption":"Cecile"},"url":"https:\/\/smallthings.fr\/lespetitslivres\/author\/cecile\/"}]}},"jetpack_featured_media_url":"","jetpack_sharing_enabled":true,"jetpack_shortlink":"https:\/\/wp.me\/p6Un21-3DG","jetpack-related-posts":[{"id":18410,"url":"https:\/\/smallthings.fr\/lespetitslivres\/2014\/11\/12\/respire-gagnez-livre-melanie-laurent\/","url_meta":{"origin":13992,"position":0},"title":"Respire : gagnez 2 exs du livre adapt\u00e9 au cin\u00e9ma par M\u00e9lanie Laurent","author":"Claire","date":"12 novembre 2014","format":false,"excerpt":"[slickquiz id=23] Concours termin\u00e9 Respire, le film r\u00e9alis\u00e9 par M\u00e9lanie Laurent,\u00a0sera dans les salles d\u00e8s demain (le 12 novembre). En choisissant d'adapter cette histoire, la jeune r\u00e9alisatrice dit vouloir \"rendre le harc\u00e8lement comme un non-\u00e9v\u00e9nement\" afin d'en traiter la gu\u00e9rison et la sortie. Pour l'occasion, le Livre de Poche\u00a0lance une\u2026","rel":"","context":"Dans &quot;Concours&quot;","block_context":{"text":"Concours","link":"https:\/\/smallthings.fr\/lespetitslivres\/category\/concours\/"},"img":{"alt_text":"Jos\u00c3\u00a9phine Japy et Lou de La\u00c3\u00a2ge, les jeunes actrices de \"Respire\"","src":"https:\/\/i0.wp.com\/smallthings.fr\/wp-content\/uploads\/2014\/11\/respire-film-couv.jpg?resize=350%2C200","width":350,"height":200},"classes":[]},{"id":15971,"url":"https:\/\/smallthings.fr\/lespetitslivres\/2014\/08\/22\/dies-irae-requiem-sascha-scarling-roman\/","url_meta":{"origin":13992,"position":1},"title":"Dies Irae, 2\u00e8me tome du Requiem pour Sascha : le talent made in France","author":"Jennifer","date":"22 ao\u00fbt 2014","format":false,"excerpt":"C\u2019est aujourd\u2019hui, aux \u00e9ditions Milady, que sort Dies Irae, le deuxi\u00e8me tome de la saga Requiem pour Sascha de la fabuleuse Alice Scarling. Dans le premier volet, on d\u00e9couvrait Sascha, une femme qui a le pouvoir de prendre possession du corps des humains. Elle a appris qu\u2019elle avait un p\u00e8re,\u2026","rel":"","context":"Dans &quot;Fantastique&quot;","block_context":{"text":"Fantastique","link":"https:\/\/smallthings.fr\/lespetitslivres\/category\/imaginaire\/fantastique\/"},"img":{"alt_text":"","src":"https:\/\/i0.wp.com\/smallthings.fr\/wp-content\/uploads\/2014\/08\/dies-irae-scarling.jpg?resize=350%2C200","width":350,"height":200},"classes":[]},{"id":13666,"url":"https:\/\/smallthings.fr\/lespetitslivres\/2014\/05\/22\/requiem-pour-sascha-lacrimosa-scarling\/","url_meta":{"origin":13992,"position":2},"title":"Requiem pour Sascha &#8211; 1er tome de la s\u00e9rie Lacrimosa","author":"Jennifer","date":"22 mai 2014","format":false,"excerpt":"Requiem pour Sascha, le premier roman de bit-lit d\u2019Alice Scarling, sort demain (23 mai) aux \u00e9ditions Milady. On y d\u00e9couvre Sascha, une orpheline musicienne et tueuse de vampires \u00e0 ses heures perdues qui poss\u00e8de un pouvoir \u00e9trange, celui de poss\u00e9der le corps de n\u2019importe qui. Avec Requiem pour Sascha, Alice\u2026","rel":"","context":"Dans &quot;Fantastique&quot;","block_context":{"text":"Fantastique","link":"https:\/\/smallthings.fr\/lespetitslivres\/category\/imaginaire\/fantastique\/"},"img":{"alt_text":"","src":"https:\/\/i0.wp.com\/smallthings.fr\/wp-content\/uploads\/2014\/05\/lacrimosa-requiem-sascha.jpg?resize=350%2C200","width":350,"height":200},"classes":[]},{"id":31835,"url":"https:\/\/smallthings.fr\/lespetitslivres\/2018\/11\/21\/la-seule-histoire-julian-barnes-audio\/","url_meta":{"origin":13992,"position":3},"title":"La seule histoire, nouveau roman de Julian Barnes en livre audio","author":"Claire","date":"21 novembre 2018","format":false,"excerpt":"La seule histoire, le nouveau roman de Julian Barnes paru au Mercure de France, est disponible en livre audio chez Audible. Une excellente exp\u00e9rience qui m'a permis de d\u00e9couvrir un livre que je n'avais pas pr\u00e9vu de lire au d\u00e9part, connaissant mal Julian Barnes. Un tr\u00e8s agr\u00e9able moment de lecture\u2026","rel":"","context":"Dans &quot;Num\u00e9rique et audio&quot;","block_context":{"text":"Num\u00e9rique et audio","link":"https:\/\/smallthings.fr\/lespetitslivres\/category\/numerique-audio\/"},"img":{"alt_text":"","src":"https:\/\/i0.wp.com\/smallthings.fr\/lespetitslivres\/wp-content\/uploads\/2018\/11\/audio-barnes-seule-histoire.png?resize=350%2C200&ssl=1","width":350,"height":200,"srcset":"https:\/\/i0.wp.com\/smallthings.fr\/lespetitslivres\/wp-content\/uploads\/2018\/11\/audio-barnes-seule-histoire.png?resize=350%2C200&ssl=1 1x, https:\/\/i0.wp.com\/smallthings.fr\/lespetitslivres\/wp-content\/uploads\/2018\/11\/audio-barnes-seule-histoire.png?resize=525%2C300&ssl=1 1.5x"},"classes":[]},{"id":31799,"url":"https:\/\/smallthings.fr\/lespetitslivres\/2018\/09\/04\/trancher-amelie-cordonnier-roman-avis\/","url_meta":{"origin":13992,"position":4},"title":"Trancher, quand les mots d\u00e9truisent : le premier roman d&rsquo;Am\u00e9lie Cordonnier","author":"Claire","date":"4 septembre 2018","format":false,"excerpt":"En cette Rentr\u00e9e litt\u00e9raire, la journaliste Am\u00e9lie Cordonnier publie son premier roman, Trancher, chez Flammarion. Un livre difficile qui aborde le sujet de la violence conjugale verbale. L'h\u00e9ro\u00efne est en couple avec Aur\u00e9lien. Ils ont deux enfants. Apr\u00e8s des ann\u00e9es de tr\u00eave, Aur\u00e9lien recommence \u00e0 l'insulter, et ce devant leurs\u2026","rel":"","context":"Dans &quot;Roman fran\u00e7ais&quot;","block_context":{"text":"Roman fran\u00e7ais","link":"https:\/\/smallthings.fr\/lespetitslivres\/category\/roman\/roman-francais\/"},"img":{"alt_text":"","src":"https:\/\/i0.wp.com\/smallthings.fr\/lespetitslivres\/wp-content\/uploads\/2018\/09\/trancher-cordonnier-cover.jpg?resize=350%2C200&ssl=1","width":350,"height":200,"srcset":"https:\/\/i0.wp.com\/smallthings.fr\/lespetitslivres\/wp-content\/uploads\/2018\/09\/trancher-cordonnier-cover.jpg?resize=350%2C200&ssl=1 1x, https:\/\/i0.wp.com\/smallthings.fr\/lespetitslivres\/wp-content\/uploads\/2018\/09\/trancher-cordonnier-cover.jpg?resize=525%2C300&ssl=1 1.5x"},"classes":[]},{"id":31803,"url":"https:\/\/smallthings.fr\/lespetitslivres\/2018\/09\/08\/presque-nuit-ete-thi-thu-avis\/","url_meta":{"origin":13992,"position":5},"title":"Presque une nuit d\u2019\u00e9t\u00e9, premier roman de Thi Thu","author":"Diane Norric","date":"8 septembre 2018","format":false,"excerpt":"La rentr\u00e9e litt\u00e9raire 2018 a \u00e9tabli un record en mati\u00e8re de premiers romans. Difficile pour ces primo-romanciers de ne pas finir noy\u00e9s dans la masse. Dans cette for\u00eat de titres, on ne peut que conseiller de ne pas manquer un arbre d\u00e9licat et remarquable : Presque une nuit d\u2019\u00e9t\u00e9 et\u2026","rel":"","context":"Dans &quot;Roman fran\u00e7ais&quot;","block_context":{"text":"Roman fran\u00e7ais","link":"https:\/\/smallthings.fr\/lespetitslivres\/category\/roman\/roman-francais\/"},"img":{"alt_text":"","src":"https:\/\/i0.wp.com\/smallthings.fr\/lespetitslivres\/wp-content\/uploads\/2018\/09\/presque-une-nuit-d-ete-cover.jpg?resize=350%2C200&ssl=1","width":350,"height":200,"srcset":"https:\/\/i0.wp.com\/smallthings.fr\/lespetitslivres\/wp-content\/uploads\/2018\/09\/presque-une-nuit-d-ete-cover.jpg?resize=350%2C200&ssl=1 1x, https:\/\/i0.wp.com\/smallthings.fr\/lespetitslivres\/wp-content\/uploads\/2018\/09\/presque-une-nuit-d-ete-cover.jpg?resize=525%2C300&ssl=1 1.5x"},"classes":[]}],"_links":{"self":[{"href":"https:\/\/smallthings.fr\/lespetitslivres\/wp-json\/wp\/v2\/posts\/13992"}],"collection":[{"href":"https:\/\/smallthings.fr\/lespetitslivres\/wp-json\/wp\/v2\/posts"}],"about":[{"href":"https:\/\/smallthings.fr\/lespetitslivres\/wp-json\/wp\/v2\/types\/post"}],"author":[{"embeddable":true,"href":"https:\/\/smallthings.fr\/lespetitslivres\/wp-json\/wp\/v2\/users\/13"}],"replies":[{"embeddable":true,"href":"https:\/\/smallthings.fr\/lespetitslivres\/wp-json\/wp\/v2\/comments?post=13992"}],"version-history":[{"count":1,"href":"https:\/\/smallthings.fr\/lespetitslivres\/wp-json\/wp\/v2\/posts\/13992\/revisions"}],"predecessor-version":[{"id":28893,"href":"https:\/\/smallthings.fr\/lespetitslivres\/wp-json\/wp\/v2\/posts\/13992\/revisions\/28893"}],"wp:featuredmedia":[{"embeddable":true,"href":"https:\/\/smallthings.fr\/lespetitslivres\/wp-json\/"}],"wp:attachment":[{"href":"https:\/\/smallthings.fr\/lespetitslivres\/wp-json\/wp\/v2\/media?parent=13992"}],"wp:term":[{"taxonomy":"category","embeddable":true,"href":"https:\/\/smallthings.fr\/lespetitslivres\/wp-json\/wp\/v2\/categories?post=13992"},{"taxonomy":"post_tag","embeddable":true,"href":"https:\/\/smallthings.fr\/lespetitslivres\/wp-json\/wp\/v2\/tags?post=13992"}],"curies":[{"name":"wp","href":"https:\/\/api.w.org\/{rel}","templated":true}]}}