{"id":13409,"date":"2014-05-13T15:49:59","date_gmt":"2014-05-13T14:49:59","guid":{"rendered":"http:\/\/smallthings.fr\/?p=13409"},"modified":"2015-11-02T13:31:39","modified_gmt":"2015-11-02T12:31:39","slug":"le-ciel-nous-appartient-koerner","status":"publish","type":"post","link":"https:\/\/smallthings.fr\/lespetitslivres\/2014\/05\/13\/le-ciel-nous-appartient-koerner\/","title":{"rendered":"Le ciel nous appartient, les mains en l&rsquo;air, la bouche en coeur"},"content":{"rendered":"<h2><em>Le ciel nous appartient<\/em> de Brendan I. Koerner vient de para\u00eetre aux \u00e9ditions du Livre de Poche (le 2 mai). Il s&rsquo;agit d&rsquo;un in\u00e9dit en France. L&rsquo;auteur, journaliste r\u00e9put\u00e9 du Vanity Fair am\u00e9ricain, nous plonge dans l&rsquo;histoire de deux pirates de l&rsquo;air amoureux, au c\u0153ur du plus grand d\u00e9tournement d&rsquo;avion des Etats-Unis. D\u00e8s sa sortie en juin 2013, <em>Le ciel nous appartient<\/em> s&rsquo;est plac\u00e9 dans les meilleures ventes aux Etats-Unis. La r\u00e9alisatrice de la s\u00e9rie <em>Master of Sex<\/em> travaille actuellement sur son adaptation.<\/h2>\n<p><a href=\"http:\/\/smallthings.fr\/2014\/05\/13\/le-ciel-nous-appartient-koerner\/ciel-nous-appartient-poche\/\" rel=\"attachment wp-att-13410\"><img loading=\"lazy\" decoding=\"async\" class=\"alignleft size-full wp-image-13410\" src=\"http:\/\/smallthings.fr\/wp-content\/uploads\/2014\/05\/ciel-nous-appartient-poche.jpg\" alt=\"ciel-nous-appartient-poche\" width=\"250\" height=\"404\" \/><\/a>1972. Un jeune couple un peu paum\u00e9, Roger Holder et Cathy Kerkow, d\u00e9cide d&rsquo;\u00e9chapper \u00e0 un quotidien sans promesse en d\u00e9tournant en avion \u00e0 destination de Seattle.<\/p>\n<p>A travers le cas de ce couple de pirates, c&rsquo;est <strong>un portrait de la soci\u00e9t\u00e9 am\u00e9ricaine des ann\u00e9es 1970<\/strong> qu&rsquo;offre <em>Le ciel nous appartient<\/em> au lecteur, fascin\u00e9 malgr\u00e9 lui. Roger Holder est un soldat r\u00e9voqu\u00e9, traumatis\u00e9 par la guerre du Vietnam, grand consommateur de marijuana et fascin\u00e9 par le mouvement du Black Power et par Angela Davies qu&rsquo;il voulait \u00e0 l&rsquo;origine faire lib\u00e9rer lors de ce d\u00e9tournement d&rsquo;avion. Cathy Kerkow est une jeune hippie d\u00e9sabus\u00e9e, issue d&rsquo;un petit patelin am\u00e9ricain r\u00e9actionnaire, beaut\u00e9 sauvage dont les charmes seront plus utiles en cavale qu&rsquo;au sein de son propre pays. Ces deux pirates intr\u00e9pides et irresponsables sont le reflet d&rsquo;une jeunesse am\u00e9ricaine des ann\u00e9es 1960 \u00e0 1970 qui ne se reconna\u00eet plus dans son pays et dans son mod\u00e8le politique comme \u00e9conomique.<\/p>\n<p>Au-del\u00e0 de l&rsquo;histoire particuli\u00e8re de ces deux amants, qui vivront exil\u00e9s en Alg\u00e9rie puis en France, le journaliste am\u00e9ricain Brendan I. Kroener nous livre surtout dans <em>Le ciel nous appartient<\/em> <strong>un travail d&rsquo;historien tr\u00e8s complet sur le double ph\u00e9nom\u00e8ne de la piraterie a\u00e9rienne et du renforcement de la s\u00e9curit\u00e9 dans les a\u00e9roports<\/strong>. Du premier d\u00e9tournement a\u00e9rien en 1961 \u00e0 l&rsquo;essoufflement de la tendance une dizaine d&rsquo;ann\u00e9es apr\u00e8s, c&rsquo;est \u00e0 la fin d&rsquo;une certaine insouciance que l&rsquo;on assiste, teint\u00e9e de nostalgie. En effet, les d\u00e9tournements loufoques (effectu\u00e9s par des mineurs en mal de sensations fortes ou par un couple avec son b\u00e9b\u00e9 !) c\u00e8dent malheureusement le pas aux demandes de ran\u00e7ons mirobolantes avec prise d&rsquo;otages. La coop\u00e9ration bonhomme du personnel de vol sous l&rsquo;oeil amus\u00e9 du public am\u00e9ricain fait place \u00e0 l&rsquo;apparition des normes de s\u00e9curit\u00e9s a\u00e9riennes telles qu&rsquo;on les connait aujourd&rsquo;hui et \u00e0 la d\u00e9finition de la piraterie a\u00e9rienne comme crime s\u00e9v\u00e8rement puni.<\/p>\n<p>Si <strong><em>Le ciel nous appartient<\/em> m&rsquo;a paru \u00eatre davantage un r\u00e9cit (bien) document\u00e9 qu&rsquo;un roman d&rsquo;amour et d&rsquo;aventure<\/strong>, sa lecture est int\u00e9ressante et instructive. J&rsquo;ai cependant regrett\u00e9 cette aridit\u00e9 pr\u00e9sente au sein de plusieurs chapitres (accumulation de dates et de d\u00e9tails qui sont de l&rsquo;ordre de l&rsquo;expos\u00e9 pour un cours d&rsquo;histoire et qui peuvent perdre le lecteur, notamment concernant les faits de guerre). Le style litt\u00e9raire est souvent sacrifi\u00e9 au profit de l&rsquo;exactitude historique et l&rsquo;on aurait souhait\u00e9 une plus grande prise de risque narrative de la part de Brendan Koerner, \u00e9ditorialiste de renom. Mais je ne peux nier le tr\u00e8s bon portait de la soci\u00e9t\u00e9 am\u00e9ricaine des ann\u00e9es 1960 \u00e0 1970 sous l&rsquo;angle original de la piraterie a\u00e9rienne, l&rsquo;absence heureuse de r\u00e9f\u00e9rence aux attentats du 11 septembre, la richesse du travail de recherche de l&rsquo;auteur.<\/p>\n<p>J&rsquo;attends avec curiosit\u00e9 son adaptation t\u00e9l\u00e9visuelle !<\/p>\n<blockquote><p>\u00a0\u00bb En ce temps-l\u00e0, on pouvait traverser un a\u00e9roport, du contr\u00f4le \u00e0 l&#8217;embarquement, sans rencontrer le moindre inconv\u00e9nient &#8211; ni appareil \u00e0 rayons X, ni d\u00e9tecteurs de m\u00e9taux, ni m\u00eame les mains baladeuses d&rsquo;un agent de s\u00fbret\u00e9 mal lun\u00e9. N&rsquo;importe qui pouvait traverser nonchalamment un tarmac et se joindre \u00e0 la file d&rsquo;attente pour embarquer sans billet, ni la moindre pi\u00e8ce d&rsquo;identit\u00e9. Sur certains vols, les passagers avaient m\u00eame la libert\u00e9 de r\u00e9gler leur voyage apr\u00e8s le d\u00e9collage. Comme si les avions n&rsquo;avaient \u00e9t\u00e9 que de simples trains de banlieue flanqu\u00e9s d&rsquo;ailes. Toute une g\u00e9n\u00e9ration de pirates de l&rsquo;air sut tirer profit de cette na\u00efvet\u00e9. Entre 1961, ann\u00e9e du premier d\u00e9tournement dans l&rsquo;espace a\u00e9rien nord-am\u00e9ricain, et 1972, celle o\u00f9 le vol 701 pour Seattle fut pirat\u00e9, cent cinquante-neuf avions commerciaux furent d\u00e9tourn\u00e9s aux Etats-Unis. \u00ab\u00a0<\/p><\/blockquote>\n<p><em>Le ciel nous appartient<\/em>, Brendan I. Koerner, <a href=\"http:\/\/www.livredepoche.com\/le-ciel-nous-appartient-brendan-i-koerner-9782253179603\" target=\"_blank\">Le Livre de Poche Editions<\/a>, 367 pages. Pour en savoir plus, <a href=\"http:\/\/theskiesbelongtous.com\/\" target=\"_blank\">le site de l&rsquo;auteur<\/a> est \u00e0 consulter : une v\u00e9ritable mine d\u2019informations sur les faits qui ont inspir\u00e9 le livre.<\/p>\n","protected":false},"excerpt":{"rendered":"<p>Le ciel nous appartient de Brendan I. Koerner vient de para\u00eetre aux \u00e9ditions du Livre de Poche (le 2 mai). Il s&rsquo;agit d&rsquo;un in\u00e9dit en France. L&rsquo;auteur, journaliste r\u00e9put\u00e9 du Vanity Fair am\u00e9ricain, nous plonge dans l&rsquo;histoire de deux pirates de l&rsquo;air amoureux, au c\u0153ur du plus grand d\u00e9tournement d&rsquo;avion des Etats-Unis. D\u00e8s sa sortie<\/p>\n","protected":false},"author":8,"featured_media":13428,"comment_status":"open","ping_status":"open","sticky":false,"template":"","format":"standard","meta":{"jetpack_post_was_ever_published":false,"_jetpack_newsletter_access":"","_jetpack_newsletter_tier_id":0,"footnotes":"","jetpack_publicize_message":"","jetpack_is_tweetstorm":false,"jetpack_publicize_feature_enabled":true,"jetpack_social_post_already_shared":false,"jetpack_social_options":{"image_generator_settings":{"template":"highway","enabled":false}}},"categories":[1118],"tags":[1031,1032,1033,97],"jetpack_publicize_connections":[],"yoast_head":"<!-- This site is optimized with the Yoast SEO plugin v21.5 - https:\/\/yoast.com\/wordpress\/plugins\/seo\/ -->\n<title>Le ciel nous appartient, les mains en l&#039;air, la bouche en coeur<\/title>\n<meta name=\"description\" content=\"Le ciel nous appartient de Brendan I. Koerner vient de para\u00eetre aux \u00e9ditions du Livre de Poche (le 2 mai). Il s&#039;agit d&#039;un in\u00e9dit en France. L&#039;auteur,\" \/>\n<meta name=\"robots\" content=\"index, follow, max-snippet:-1, max-image-preview:large, max-video-preview:-1\" \/>\n<link rel=\"canonical\" href=\"https:\/\/smallthings.fr\/lespetitslivres\/2014\/05\/13\/le-ciel-nous-appartient-koerner\/\" \/>\n<meta property=\"og:locale\" content=\"fr_FR\" \/>\n<meta property=\"og:type\" content=\"article\" \/>\n<meta property=\"og:title\" content=\"Le ciel nous appartient, les mains en l&#039;air, la bouche en coeur\" \/>\n<meta property=\"og:description\" content=\"Le ciel nous appartient de Brendan I. Koerner vient de para\u00eetre aux \u00e9ditions du Livre de Poche (le 2 mai). Il s&#039;agit d&#039;un in\u00e9dit en France. L&#039;auteur,\" \/>\n<meta property=\"og:url\" content=\"https:\/\/smallthings.fr\/lespetitslivres\/2014\/05\/13\/le-ciel-nous-appartient-koerner\/\" \/>\n<meta property=\"og:site_name\" content=\"Les Petits Livres\" \/>\n<meta property=\"article:published_time\" content=\"2014-05-13T14:49:59+00:00\" \/>\n<meta property=\"article:modified_time\" content=\"2015-11-02T12:31:39+00:00\" \/>\n<meta name=\"author\" content=\"Lola\" \/>\n<meta name=\"twitter:card\" content=\"summary_large_image\" \/>\n<meta name=\"twitter:label1\" content=\"\u00c9crit par\" \/>\n\t<meta name=\"twitter:data1\" content=\"Lola\" \/>\n\t<meta name=\"twitter:label2\" content=\"Dur\u00e9e de lecture estim\u00e9e\" \/>\n\t<meta name=\"twitter:data2\" content=\"4 minutes\" \/>\n<script type=\"application\/ld+json\" class=\"yoast-schema-graph\">{\"@context\":\"https:\/\/schema.org\",\"@graph\":[{\"@type\":\"WebPage\",\"@id\":\"https:\/\/smallthings.fr\/lespetitslivres\/2014\/05\/13\/le-ciel-nous-appartient-koerner\/\",\"url\":\"https:\/\/smallthings.fr\/lespetitslivres\/2014\/05\/13\/le-ciel-nous-appartient-koerner\/\",\"name\":\"Le ciel nous appartient, les mains en l'air, la bouche en coeur\",\"isPartOf\":{\"@id\":\"https:\/\/smallthings.fr\/lespetitslivres\/#website\"},\"datePublished\":\"2014-05-13T14:49:59+00:00\",\"dateModified\":\"2015-11-02T12:31:39+00:00\",\"author\":{\"@id\":\"https:\/\/smallthings.fr\/lespetitslivres\/#\/schema\/person\/2740f045446c63eaf59a094edb250075\"},\"description\":\"Le ciel nous appartient de Brendan I. Koerner vient de para\u00eetre aux \u00e9ditions du Livre de Poche (le 2 mai). Il s'agit d'un in\u00e9dit en France. L'auteur,\",\"breadcrumb\":{\"@id\":\"https:\/\/smallthings.fr\/lespetitslivres\/2014\/05\/13\/le-ciel-nous-appartient-koerner\/#breadcrumb\"},\"inLanguage\":\"fr-FR\",\"potentialAction\":[{\"@type\":\"ReadAction\",\"target\":[\"https:\/\/smallthings.fr\/lespetitslivres\/2014\/05\/13\/le-ciel-nous-appartient-koerner\/\"]}]},{\"@type\":\"BreadcrumbList\",\"@id\":\"https:\/\/smallthings.fr\/lespetitslivres\/2014\/05\/13\/le-ciel-nous-appartient-koerner\/#breadcrumb\",\"itemListElement\":[{\"@type\":\"ListItem\",\"position\":1,\"name\":\"Accueil\",\"item\":\"https:\/\/smallthings.fr\/lespetitslivres\/\"},{\"@type\":\"ListItem\",\"position\":2,\"name\":\"Le ciel nous appartient, les mains en l&rsquo;air, la bouche en coeur\"}]},{\"@type\":\"WebSite\",\"@id\":\"https:\/\/smallthings.fr\/lespetitslivres\/#website\",\"url\":\"https:\/\/smallthings.fr\/lespetitslivres\/\",\"name\":\"Les Petits Livres\",\"description\":\"by Small Things\",\"potentialAction\":[{\"@type\":\"SearchAction\",\"target\":{\"@type\":\"EntryPoint\",\"urlTemplate\":\"https:\/\/smallthings.fr\/lespetitslivres\/?s={search_term_string}\"},\"query-input\":\"required name=search_term_string\"}],\"inLanguage\":\"fr-FR\"},{\"@type\":\"Person\",\"@id\":\"https:\/\/smallthings.fr\/lespetitslivres\/#\/schema\/person\/2740f045446c63eaf59a094edb250075\",\"name\":\"Lola\",\"image\":{\"@type\":\"ImageObject\",\"inLanguage\":\"fr-FR\",\"@id\":\"https:\/\/smallthings.fr\/lespetitslivres\/#\/schema\/person\/image\/\",\"url\":\"https:\/\/secure.gravatar.com\/avatar\/50696b3ff10b9a1738ec34c08424583c?s=96&d=retro&r=g\",\"contentUrl\":\"https:\/\/secure.gravatar.com\/avatar\/50696b3ff10b9a1738ec34c08424583c?s=96&d=retro&r=g\",\"caption\":\"Lola\"},\"url\":\"https:\/\/smallthings.fr\/lespetitslivres\/author\/lola\/\"}]}<\/script>\n<!-- \/ Yoast SEO plugin. -->","yoast_head_json":{"title":"Le ciel nous appartient, les mains en l'air, la bouche en coeur","description":"Le ciel nous appartient de Brendan I. Koerner vient de para\u00eetre aux \u00e9ditions du Livre de Poche (le 2 mai). Il s'agit d'un in\u00e9dit en France. L'auteur,","robots":{"index":"index","follow":"follow","max-snippet":"max-snippet:-1","max-image-preview":"max-image-preview:large","max-video-preview":"max-video-preview:-1"},"canonical":"https:\/\/smallthings.fr\/lespetitslivres\/2014\/05\/13\/le-ciel-nous-appartient-koerner\/","og_locale":"fr_FR","og_type":"article","og_title":"Le ciel nous appartient, les mains en l'air, la bouche en coeur","og_description":"Le ciel nous appartient de Brendan I. Koerner vient de para\u00eetre aux \u00e9ditions du Livre de Poche (le 2 mai). Il s'agit d'un in\u00e9dit en France. L'auteur,","og_url":"https:\/\/smallthings.fr\/lespetitslivres\/2014\/05\/13\/le-ciel-nous-appartient-koerner\/","og_site_name":"Les Petits Livres","article_published_time":"2014-05-13T14:49:59+00:00","article_modified_time":"2015-11-02T12:31:39+00:00","author":"Lola","twitter_card":"summary_large_image","twitter_misc":{"\u00c9crit par":"Lola","Dur\u00e9e de lecture estim\u00e9e":"4 minutes"},"schema":{"@context":"https:\/\/schema.org","@graph":[{"@type":"WebPage","@id":"https:\/\/smallthings.fr\/lespetitslivres\/2014\/05\/13\/le-ciel-nous-appartient-koerner\/","url":"https:\/\/smallthings.fr\/lespetitslivres\/2014\/05\/13\/le-ciel-nous-appartient-koerner\/","name":"Le ciel nous appartient, les mains en l'air, la bouche en coeur","isPartOf":{"@id":"https:\/\/smallthings.fr\/lespetitslivres\/#website"},"datePublished":"2014-05-13T14:49:59+00:00","dateModified":"2015-11-02T12:31:39+00:00","author":{"@id":"https:\/\/smallthings.fr\/lespetitslivres\/#\/schema\/person\/2740f045446c63eaf59a094edb250075"},"description":"Le ciel nous appartient de Brendan I. Koerner vient de para\u00eetre aux \u00e9ditions du Livre de Poche (le 2 mai). Il s'agit d'un in\u00e9dit en France. L'auteur,","breadcrumb":{"@id":"https:\/\/smallthings.fr\/lespetitslivres\/2014\/05\/13\/le-ciel-nous-appartient-koerner\/#breadcrumb"},"inLanguage":"fr-FR","potentialAction":[{"@type":"ReadAction","target":["https:\/\/smallthings.fr\/lespetitslivres\/2014\/05\/13\/le-ciel-nous-appartient-koerner\/"]}]},{"@type":"BreadcrumbList","@id":"https:\/\/smallthings.fr\/lespetitslivres\/2014\/05\/13\/le-ciel-nous-appartient-koerner\/#breadcrumb","itemListElement":[{"@type":"ListItem","position":1,"name":"Accueil","item":"https:\/\/smallthings.fr\/lespetitslivres\/"},{"@type":"ListItem","position":2,"name":"Le ciel nous appartient, les mains en l&rsquo;air, la bouche en coeur"}]},{"@type":"WebSite","@id":"https:\/\/smallthings.fr\/lespetitslivres\/#website","url":"https:\/\/smallthings.fr\/lespetitslivres\/","name":"Les Petits Livres","description":"by Small Things","potentialAction":[{"@type":"SearchAction","target":{"@type":"EntryPoint","urlTemplate":"https:\/\/smallthings.fr\/lespetitslivres\/?s={search_term_string}"},"query-input":"required name=search_term_string"}],"inLanguage":"fr-FR"},{"@type":"Person","@id":"https:\/\/smallthings.fr\/lespetitslivres\/#\/schema\/person\/2740f045446c63eaf59a094edb250075","name":"Lola","image":{"@type":"ImageObject","inLanguage":"fr-FR","@id":"https:\/\/smallthings.fr\/lespetitslivres\/#\/schema\/person\/image\/","url":"https:\/\/secure.gravatar.com\/avatar\/50696b3ff10b9a1738ec34c08424583c?s=96&d=retro&r=g","contentUrl":"https:\/\/secure.gravatar.com\/avatar\/50696b3ff10b9a1738ec34c08424583c?s=96&d=retro&r=g","caption":"Lola"},"url":"https:\/\/smallthings.fr\/lespetitslivres\/author\/lola\/"}]}},"jetpack_featured_media_url":"","jetpack_sharing_enabled":true,"jetpack_shortlink":"https:\/\/wp.me\/p6Un21-3uh","jetpack-related-posts":[{"id":9082,"url":"https:\/\/smallthings.fr\/lespetitslivres\/2013\/11\/04\/la-femme-dun-homme-livre\/","url_meta":{"origin":13409,"position":0},"title":"La Femme d&rsquo;un homme d&rsquo;A.S.A. Harrison \u00e0 para\u00eetre en janvier","author":"Claire","date":"4 novembre 2013","format":false,"excerpt":"La Femme d\u2019un homme (The silent wife) para\u00eetra en janvier aux \u00e9ditions du Livre de Poche. Nous avons eu la chance de d\u00e9couvrir en avant-premi\u00e8re les deux premiers chapitres, qui augurent d\u2019un tr\u00e8s tr\u00e8s bon thriller psychologique.","rel":"","context":"Dans &quot;Actu&quot;","block_context":{"text":"Actu","link":"https:\/\/smallthings.fr\/lespetitslivres\/category\/actu\/"},"img":{"alt_text":"","src":"https:\/\/i0.wp.com\/uploads.smallthings.fr\/2013\/11\/16171291.jpg?resize=350%2C200","width":350,"height":200},"classes":[]},{"id":8724,"url":"https:\/\/smallthings.fr\/lespetitslivres\/2013\/10\/29\/sasha-grey-juliette-society-critique\/","url_meta":{"origin":13409,"position":1},"title":"Juliette Society : Her name is Grey, Sasha Grey","author":"Claire","date":"29 octobre 2013","format":false,"excerpt":"Sasha Grey a 25 ans et vient tout juste de publier Juliette Society paru en France aux \u00e9ditions Livre de Poche. Ex-atrice porno, elle a quitt\u00e9 cet univers \u00e0 23 ans.","rel":"","context":"Dans &quot;Roman \u00e9tranger&quot;","block_context":{"text":"Roman \u00e9tranger","link":"https:\/\/smallthings.fr\/lespetitslivres\/category\/roman\/roman-etranger\/"},"img":{"alt_text":"sasha-grey","src":"https:\/\/i0.wp.com\/uploads.smallthings.fr\/2013\/10\/Sasha-Grey-3.jpg?resize=350%2C200","width":350,"height":200},"classes":[]},{"id":29788,"url":"https:\/\/smallthings.fr\/lespetitslivres\/2016\/03\/28\/bienvenue-a-night-vale-podcast\/","url_meta":{"origin":13409,"position":2},"title":"Bienvenue \u00e0 Night Vale : le roman inspir\u00e9 du podcast au succ\u00e8s international","author":"Jennifer","date":"28 mars 2016","format":false,"excerpt":"Bienvenue \u00e0 Night Vale, de Joseph Fink & Jeffrey Cranor, est sorti chez les \u00e9ditions Bragelonne le 16 mars dernier. Il raconte comment les habitants d\u2019une petite ville en plein d\u00e9sert voient leur quotidien chamboul\u00e9 par un inconnu \u00e9nigmatique \u00e0 la veste fauve et la mallette en daim. Welcome to\u2026","rel":"","context":"Dans &quot;Roman \u00e9tranger&quot;","block_context":{"text":"Roman \u00e9tranger","link":"https:\/\/smallthings.fr\/lespetitslivres\/category\/roman\/roman-etranger\/"},"img":{"alt_text":"","src":"https:\/\/i0.wp.com\/smallthings.fr\/lespetitslivres\/wp-content\/uploads\/2016\/03\/bienvenue-night-vale-couv.jpg?resize=350%2C200&ssl=1","width":350,"height":200,"srcset":"https:\/\/i0.wp.com\/smallthings.fr\/lespetitslivres\/wp-content\/uploads\/2016\/03\/bienvenue-night-vale-couv.jpg?resize=350%2C200&ssl=1 1x, https:\/\/i0.wp.com\/smallthings.fr\/lespetitslivres\/wp-content\/uploads\/2016\/03\/bienvenue-night-vale-couv.jpg?resize=525%2C300&ssl=1 1.5x"},"classes":[]},{"id":9744,"url":"https:\/\/smallthings.fr\/lespetitslivres\/2013\/12\/11\/tout-ce-qui-brille-anne-godbersen\/","url_meta":{"origin":13409,"position":3},"title":"Tout ce qui brille d&rsquo;Anna Godbersen : le NY des ann\u00e9es 30","author":"Claire","date":"11 d\u00e9cembre 2013","format":false,"excerpt":"\ufeffTout ce qui brille est sorti aux \u00e9ditions du Livre de Poche \u00e0 la fin du mois d'octobre. Il nous entra\u00eene \u00e0 New York en 1929 en compagnie de Letty et Cordelia, deux jeunes femmes happ\u00e9es par les soir\u00e9es fastueuses o\u00f9 tout n'est qu'apparence...","rel":"","context":"Dans &quot;Roman \u00e9tranger&quot;","block_context":{"text":"Roman \u00e9tranger","link":"https:\/\/smallthings.fr\/lespetitslivres\/category\/roman\/roman-etranger\/"},"img":{"alt_text":"new-york-annes-30","src":"https:\/\/i0.wp.com\/uploads.smallthings.fr\/2013\/12\/new-york-annes-30.jpg?resize=350%2C200","width":350,"height":200},"classes":[]},{"id":16964,"url":"https:\/\/smallthings.fr\/lespetitslivres\/2014\/10\/08\/apparences-gillian-flynn-cinema\/","url_meta":{"origin":13409,"position":4},"title":"Les Apparences \/ Gone Girl de Gillian Flynn par David Fincher au cin\u00e9ma le 8 octobre","author":"Claire","date":"8 octobre 2014","format":false,"excerpt":"Les Apparences de Gillian Flynn, c'est l'un des meilleurs thrillers sortis en 2013 en livre et s\u00fbrement le meilleur film du genre de 2014. En poche depuis octobre 2013,\u00a0retour sur ce r\u00e9cit angoissant. L'adaptation cin\u00e9matographique sera en salles le 8 octobre.. C'\u00e9tait l'un de nos gros coups de c\u0153ur litt\u00e9raires,\u2026","rel":"","context":"Dans &quot;Thriller&quot;","block_context":{"text":"Thriller","link":"https:\/\/smallthings.fr\/lespetitslivres\/category\/thriller\/"},"img":{"alt_text":"","src":"https:\/\/i0.wp.com\/smallthings.fr\/wp-content\/uploads\/2014\/10\/affiche-Gone-Girl-2014-3-204x300.jpg?resize=350%2C200","width":350,"height":200},"classes":[]},{"id":28013,"url":"https:\/\/smallthings.fr\/lespetitslivres\/2015\/10\/08\/chaos-the-end-hopf-critique\/","url_meta":{"origin":13409,"position":5},"title":"Chaos : enfin une apocalypse sans zombies !","author":"Jennifer","date":"8 octobre 2015","format":false,"excerpt":"The End\u00a0et son tome 1 Chaos est un livre \u00e9crit par G. Michael Hopf et sorti le 9 septembre dernier aux \u00e9ditions Panini. L\u2019histoire se situe en pleine apocalypse apr\u00e8s qu\u2019une bombe \u00e9lectromagn\u00e9tique ait rendu obsol\u00e8te toute technologie. L\u2019\u00e9lectricit\u00e9 n\u2019existe plus et, rapidement, le monde sombre dans le chaos. La\u2026","rel":"","context":"Dans &quot;Fantastique&quot;","block_context":{"text":"Fantastique","link":"https:\/\/smallthings.fr\/lespetitslivres\/category\/imaginaire\/fantastique\/"},"img":{"alt_text":"","src":"https:\/\/i0.wp.com\/smallthings.fr\/lespetitslivres\/wp-content\/uploads\/2015\/10\/chaos-hopf-panini.jpeg?resize=350%2C200&ssl=1","width":350,"height":200},"classes":[]}],"_links":{"self":[{"href":"https:\/\/smallthings.fr\/lespetitslivres\/wp-json\/wp\/v2\/posts\/13409"}],"collection":[{"href":"https:\/\/smallthings.fr\/lespetitslivres\/wp-json\/wp\/v2\/posts"}],"about":[{"href":"https:\/\/smallthings.fr\/lespetitslivres\/wp-json\/wp\/v2\/types\/post"}],"author":[{"embeddable":true,"href":"https:\/\/smallthings.fr\/lespetitslivres\/wp-json\/wp\/v2\/users\/8"}],"replies":[{"embeddable":true,"href":"https:\/\/smallthings.fr\/lespetitslivres\/wp-json\/wp\/v2\/comments?post=13409"}],"version-history":[{"count":1,"href":"https:\/\/smallthings.fr\/lespetitslivres\/wp-json\/wp\/v2\/posts\/13409\/revisions"}],"predecessor-version":[{"id":28890,"href":"https:\/\/smallthings.fr\/lespetitslivres\/wp-json\/wp\/v2\/posts\/13409\/revisions\/28890"}],"wp:featuredmedia":[{"embeddable":true,"href":"https:\/\/smallthings.fr\/lespetitslivres\/wp-json\/"}],"wp:attachment":[{"href":"https:\/\/smallthings.fr\/lespetitslivres\/wp-json\/wp\/v2\/media?parent=13409"}],"wp:term":[{"taxonomy":"category","embeddable":true,"href":"https:\/\/smallthings.fr\/lespetitslivres\/wp-json\/wp\/v2\/categories?post=13409"},{"taxonomy":"post_tag","embeddable":true,"href":"https:\/\/smallthings.fr\/lespetitslivres\/wp-json\/wp\/v2\/tags?post=13409"}],"curies":[{"name":"wp","href":"https:\/\/api.w.org\/{rel}","templated":true}]}}