{"id":12758,"date":"2014-04-10T09:57:26","date_gmt":"2014-04-10T08:57:26","guid":{"rendered":"http:\/\/smallthings.fr\/?p=12758"},"modified":"2015-11-02T13:31:24","modified_gmt":"2015-11-02T12:31:24","slug":"ame-qui-vive-veronique-bizot-roman","status":"publish","type":"post","link":"https:\/\/smallthings.fr\/lespetitslivres\/2014\/04\/10\/ame-qui-vive-veronique-bizot-roman\/","title":{"rendered":"\u00c2me qui vive &#8211; V\u00e9ronique Bizot"},"content":{"rendered":"<h2>V\u00e9ronique Bizot, auteur de plusieurs romans et recueils de nouvelles couronn\u00e9s de quelques prix, a publi\u00e9 <em>\u00c2me qui vive<\/em> le 5 f\u00e9vrier chez Actes Sud.<\/h2>\n<p><strong><em>\u00c2me qui vive<\/em> se d\u00e9roule dans un environnement isol\u00e9 de campagne montagneuse. L\u00e0, vivent le narrateur et son fr\u00e8re, dans une ferme \u00e0 moiti\u00e9 ravag\u00e9e par un incendie<\/strong>. Leurs plus proches voisins sont un homme qui vit dans un ancien atelier d\u2019artiste, \u00e0 flanc de montagne, et un dramaturge qui r\u00e9side seul dans une grande maison, entour\u00e9 de livres. Par hasard ou par affinit\u00e9, on ne sait, les quatre hommes commencent \u00e0 se fr\u00e9quenter\u00a0; peut-\u00eatre pour rompre leur solitude, peut-\u00eatre pour mieux l\u2019appr\u00e9cier, puisqu\u2019ils ne parlent gu\u00e8re, et que le narrateur lui-m\u00eame est mutique. Ce mutisme lui-m\u00eame, loin d\u2019\u00eatre d\u00e9sapprouv\u00e9 par les autres, devient peu \u00e0 peu une raison pour chacun des trois autres d\u2019appr\u00e9cier ou de prot\u00e9ger le narrateur chacun \u00e0 leur fa\u00e7on, sans rien en dire.<\/p>\n<p><strong><em><a href=\"http:\/\/smallthings.fr\/2014\/04\/10\/ame-qui-vive-veronique-bizot-roman\/ame-qui-vive-bizot\/\" rel=\"attachment wp-att-12760\"><img loading=\"lazy\" decoding=\"async\" class=\"alignright size-full wp-image-12760\" alt=\"ame-qui-vive-bizot\" src=\"http:\/\/smallthings.fr\/wp-content\/uploads\/2014\/04\/ame-qui-vive-bizot.gif\" width=\"200\" height=\"371\" \/><\/a><\/em><\/strong>Ce qui surprend d\u2019embl\u00e9e, c\u2019est la longueur des phrases de V\u00e9ronique Bizot : leur sinuosit\u00e9 d\u00e9concertante o\u00f9 se perd presque le point final. Certains trouveront peut-\u00eatre ce style d&rsquo;<em>\u00c2me qui vive<\/em> ardu \u00e0 lire\u00a0; j\u2019ai un peu pein\u00e9 au d\u00e9but, puis les pages se sont encha\u00een\u00e9es avec le m\u00eame naturel qu\u2019une conversation. Car c\u2019en est une, finalement\u00a0; <strong>un long monologue ininterrompu qu\u2019entretient le narrateur avec lui-m\u00eame<\/strong>. Et la forme des phrases \u00e0 mon sens \u00e9pouse excellemment le rythme int\u00e9rieur de la pens\u00e9e, qui rebondit sur une id\u00e9e, bifurque dans une direction puis une autre, pour s\u2019achever juste avant qu\u2019on ne perde le fil rouge de vue.<\/p>\n<p><strong>Cette originalit\u00e9 stylistique de V\u00e9ronique Bizot est aussi ce qui fait le d\u00e9faut du r\u00e9cit<\/strong> : \u00e0 s\u2019attacher pas \u00e0 pas aux pens\u00e9es du narrateur, il ne donne jamais les tenants et les aboutissants des personnages\u00a0: on ne sait pourquoi ni vraiment comment chacun en est venu \u00e0 habiter l\u00e0, ce qu\u2019il trouve dans la compagnie des trois autres, ce qu\u2019ils cherchent, ce qu\u2019ils fuient. <em>\u00c2me qui vive<\/em> commence fortuitement et s\u2019ach\u00e8ve tout aussi fortuitement, comme sortant du vide pour y replonger. Vide de l\u2019arbitraire, de la solitude, de la parole\u00a0? On ne le sait pas en refermant le livre\u00a0; c\u2019est \u00e0 peine si l\u2019on sait quelles interrogations V\u00e9ronique Bizot soul\u00e8ve, en les faisant remonter depuis une multitude de strates silencieuses, plus pour faire affleurer \u00e0 la surface de notre esprit la conscience de leur profondeur que pour y r\u00e9pondre. Les blancs du r\u00e9cit sont laiss\u00e9s pour la plupart sans r\u00e9ponse\u00a0; toute la place est laiss\u00e9e au silence, aux supputations, \u00e0 notre propre id\u00e9e de l\u2019histoire, et de la solitude qui s\u2019y d\u00e9voile au sein de ces quatre hommes se tenant compagnie.<\/p>\n<p><em>\u00c2me qui vive<\/em>, r\u00e9cit d\u00e9ceptif, fascinera ou d\u00e9sorientera le lecteur, c\u2019est selon. C\u2019est en tout cas clairement <strong>un parti pris stylistique int\u00e9ressant et ma\u00eetris\u00e9 de la part de V\u00e9ronique Bizot<\/strong>.<\/p>\n<blockquote><p>\u00ab Et c\u2019est ainsi que passant un jour devant l\u2019atelier nous avons, mon fr\u00e8re et moi, fait la connaissance de Montoya, un homme hirsute, v\u00eatu d\u2019une informe canadienne jaune moutarde et tenant deux planches \u00e0 la main. Quand un peu plus tard Fouks a souhait\u00e9 rencontrer Montoya, dont mon fr\u00e8re lui avait mentionn\u00e9 l\u2019existence, il est mont\u00e9 l\u00e0-haut avec nous. Je me souviens de ces trois hommes debout dans l\u2019atelier, trois silhouettes sombres, immobiles, qui, apr\u00e8s s\u2019\u00eatre salu\u00e9es, sont rest\u00e9es silencieuses, Montoya adoss\u00e9 \u00e0 une \u00e9chelle et fumant son cigare, mon fr\u00e8re au centre de la pi\u00e8ce et Fouks, qui n\u2019avait fait aucun commentaire sur l\u2019endroit, face \u00e0 la vitre et regardant je ne sais quoi dehors.\u00a0\u00bb<\/p><\/blockquote>\n<p><em>En savoir plus sur <a href=\"http:\/\/www.actes-sud.fr\/catalogue\/litterature\/ame-qui-vive\" target=\"_blank\">le livre<\/a> et <a href=\"http:\/\/www.actes-sud.fr\/contributeurs\/bizot-veronique-0\" target=\"_blank\">l&rsquo;auteur<\/a><\/em><\/p>\n","protected":false},"excerpt":{"rendered":"<p>V\u00e9ronique Bizot, auteur de plusieurs romans et recueils de nouvelles couronn\u00e9s de quelques prix, a publi\u00e9 \u00c2me qui vive le 5 f\u00e9vrier chez Actes Sud. \u00c2me qui vive se d\u00e9roule dans un environnement isol\u00e9 de campagne montagneuse. L\u00e0, vivent le narrateur et son fr\u00e8re, dans une ferme \u00e0 moiti\u00e9 ravag\u00e9e par un incendie. Leurs plus<\/p>\n","protected":false},"author":13,"featured_media":12759,"comment_status":"open","ping_status":"open","sticky":false,"template":"","format":"standard","meta":{"jetpack_post_was_ever_published":false,"_jetpack_newsletter_access":"","_jetpack_newsletter_tier_id":0,"footnotes":"","jetpack_publicize_message":"","jetpack_is_tweetstorm":false,"jetpack_publicize_feature_enabled":true,"jetpack_social_post_already_shared":false,"jetpack_social_options":{"image_generator_settings":{"template":"highway","enabled":false}}},"categories":[1117],"tags":[185,186,187],"jetpack_publicize_connections":[],"yoast_head":"<!-- This site is optimized with the Yoast SEO plugin v21.5 - https:\/\/yoast.com\/wordpress\/plugins\/seo\/ -->\n<title>\u00c2me qui vive - V\u00e9ronique Bizot - | SMALL THINGS |<\/title>\n<meta name=\"description\" content=\"V\u00e9ronique Bizot, auteur de plusieurs romans et recueils de nouvelles couronn\u00e9s de quelques prix, a publi\u00e9 \u00c2me qui vive le 5 f\u00e9vrier chez Actes Sud.\" \/>\n<meta name=\"robots\" content=\"index, follow, max-snippet:-1, max-image-preview:large, max-video-preview:-1\" \/>\n<link rel=\"canonical\" href=\"https:\/\/smallthings.fr\/lespetitslivres\/2014\/04\/10\/ame-qui-vive-veronique-bizot-roman\/\" \/>\n<meta property=\"og:locale\" content=\"fr_FR\" \/>\n<meta property=\"og:type\" content=\"article\" \/>\n<meta property=\"og:title\" content=\"\u00c2me qui vive - V\u00e9ronique Bizot - | SMALL THINGS |\" \/>\n<meta property=\"og:description\" content=\"V\u00e9ronique Bizot, auteur de plusieurs romans et recueils de nouvelles couronn\u00e9s de quelques prix, a publi\u00e9 \u00c2me qui vive le 5 f\u00e9vrier chez Actes Sud.\" \/>\n<meta property=\"og:url\" content=\"https:\/\/smallthings.fr\/lespetitslivres\/2014\/04\/10\/ame-qui-vive-veronique-bizot-roman\/\" \/>\n<meta property=\"og:site_name\" content=\"Les Petits Livres\" \/>\n<meta property=\"article:published_time\" content=\"2014-04-10T08:57:26+00:00\" \/>\n<meta property=\"article:modified_time\" content=\"2015-11-02T12:31:24+00:00\" \/>\n<meta name=\"author\" content=\"Cecile\" \/>\n<meta name=\"twitter:card\" content=\"summary_large_image\" \/>\n<meta name=\"twitter:label1\" content=\"\u00c9crit par\" \/>\n\t<meta name=\"twitter:data1\" content=\"Cecile\" \/>\n\t<meta name=\"twitter:label2\" content=\"Dur\u00e9e de lecture estim\u00e9e\" \/>\n\t<meta name=\"twitter:data2\" content=\"3 minutes\" \/>\n<script type=\"application\/ld+json\" class=\"yoast-schema-graph\">{\"@context\":\"https:\/\/schema.org\",\"@graph\":[{\"@type\":\"WebPage\",\"@id\":\"https:\/\/smallthings.fr\/lespetitslivres\/2014\/04\/10\/ame-qui-vive-veronique-bizot-roman\/\",\"url\":\"https:\/\/smallthings.fr\/lespetitslivres\/2014\/04\/10\/ame-qui-vive-veronique-bizot-roman\/\",\"name\":\"\u00c2me qui vive - V\u00e9ronique Bizot - | SMALL THINGS |\",\"isPartOf\":{\"@id\":\"https:\/\/smallthings.fr\/lespetitslivres\/#website\"},\"datePublished\":\"2014-04-10T08:57:26+00:00\",\"dateModified\":\"2015-11-02T12:31:24+00:00\",\"author\":{\"@id\":\"https:\/\/smallthings.fr\/lespetitslivres\/#\/schema\/person\/7b3de8ef611f2b29f758a00cad7cafb2\"},\"description\":\"V\u00e9ronique Bizot, auteur de plusieurs romans et recueils de nouvelles couronn\u00e9s de quelques prix, a publi\u00e9 \u00c2me qui vive le 5 f\u00e9vrier chez Actes Sud.\",\"breadcrumb\":{\"@id\":\"https:\/\/smallthings.fr\/lespetitslivres\/2014\/04\/10\/ame-qui-vive-veronique-bizot-roman\/#breadcrumb\"},\"inLanguage\":\"fr-FR\",\"potentialAction\":[{\"@type\":\"ReadAction\",\"target\":[\"https:\/\/smallthings.fr\/lespetitslivres\/2014\/04\/10\/ame-qui-vive-veronique-bizot-roman\/\"]}]},{\"@type\":\"BreadcrumbList\",\"@id\":\"https:\/\/smallthings.fr\/lespetitslivres\/2014\/04\/10\/ame-qui-vive-veronique-bizot-roman\/#breadcrumb\",\"itemListElement\":[{\"@type\":\"ListItem\",\"position\":1,\"name\":\"Accueil\",\"item\":\"https:\/\/smallthings.fr\/lespetitslivres\/\"},{\"@type\":\"ListItem\",\"position\":2,\"name\":\"\u00c2me qui vive &#8211; V\u00e9ronique Bizot\"}]},{\"@type\":\"WebSite\",\"@id\":\"https:\/\/smallthings.fr\/lespetitslivres\/#website\",\"url\":\"https:\/\/smallthings.fr\/lespetitslivres\/\",\"name\":\"Les Petits Livres\",\"description\":\"by Small Things\",\"potentialAction\":[{\"@type\":\"SearchAction\",\"target\":{\"@type\":\"EntryPoint\",\"urlTemplate\":\"https:\/\/smallthings.fr\/lespetitslivres\/?s={search_term_string}\"},\"query-input\":\"required name=search_term_string\"}],\"inLanguage\":\"fr-FR\"},{\"@type\":\"Person\",\"@id\":\"https:\/\/smallthings.fr\/lespetitslivres\/#\/schema\/person\/7b3de8ef611f2b29f758a00cad7cafb2\",\"name\":\"Cecile\",\"image\":{\"@type\":\"ImageObject\",\"inLanguage\":\"fr-FR\",\"@id\":\"https:\/\/smallthings.fr\/lespetitslivres\/#\/schema\/person\/image\/\",\"url\":\"https:\/\/secure.gravatar.com\/avatar\/a855fa1dbad38b06e97132a8a6579746?s=96&d=retro&r=g\",\"contentUrl\":\"https:\/\/secure.gravatar.com\/avatar\/a855fa1dbad38b06e97132a8a6579746?s=96&d=retro&r=g\",\"caption\":\"Cecile\"},\"url\":\"https:\/\/smallthings.fr\/lespetitslivres\/author\/cecile\/\"}]}<\/script>\n<!-- \/ Yoast SEO plugin. -->","yoast_head_json":{"title":"\u00c2me qui vive - V\u00e9ronique Bizot - | SMALL THINGS |","description":"V\u00e9ronique Bizot, auteur de plusieurs romans et recueils de nouvelles couronn\u00e9s de quelques prix, a publi\u00e9 \u00c2me qui vive le 5 f\u00e9vrier chez Actes Sud.","robots":{"index":"index","follow":"follow","max-snippet":"max-snippet:-1","max-image-preview":"max-image-preview:large","max-video-preview":"max-video-preview:-1"},"canonical":"https:\/\/smallthings.fr\/lespetitslivres\/2014\/04\/10\/ame-qui-vive-veronique-bizot-roman\/","og_locale":"fr_FR","og_type":"article","og_title":"\u00c2me qui vive - V\u00e9ronique Bizot - | SMALL THINGS |","og_description":"V\u00e9ronique Bizot, auteur de plusieurs romans et recueils de nouvelles couronn\u00e9s de quelques prix, a publi\u00e9 \u00c2me qui vive le 5 f\u00e9vrier chez Actes Sud.","og_url":"https:\/\/smallthings.fr\/lespetitslivres\/2014\/04\/10\/ame-qui-vive-veronique-bizot-roman\/","og_site_name":"Les Petits Livres","article_published_time":"2014-04-10T08:57:26+00:00","article_modified_time":"2015-11-02T12:31:24+00:00","author":"Cecile","twitter_card":"summary_large_image","twitter_misc":{"\u00c9crit par":"Cecile","Dur\u00e9e de lecture estim\u00e9e":"3 minutes"},"schema":{"@context":"https:\/\/schema.org","@graph":[{"@type":"WebPage","@id":"https:\/\/smallthings.fr\/lespetitslivres\/2014\/04\/10\/ame-qui-vive-veronique-bizot-roman\/","url":"https:\/\/smallthings.fr\/lespetitslivres\/2014\/04\/10\/ame-qui-vive-veronique-bizot-roman\/","name":"\u00c2me qui vive - V\u00e9ronique Bizot - | SMALL THINGS |","isPartOf":{"@id":"https:\/\/smallthings.fr\/lespetitslivres\/#website"},"datePublished":"2014-04-10T08:57:26+00:00","dateModified":"2015-11-02T12:31:24+00:00","author":{"@id":"https:\/\/smallthings.fr\/lespetitslivres\/#\/schema\/person\/7b3de8ef611f2b29f758a00cad7cafb2"},"description":"V\u00e9ronique Bizot, auteur de plusieurs romans et recueils de nouvelles couronn\u00e9s de quelques prix, a publi\u00e9 \u00c2me qui vive le 5 f\u00e9vrier chez Actes Sud.","breadcrumb":{"@id":"https:\/\/smallthings.fr\/lespetitslivres\/2014\/04\/10\/ame-qui-vive-veronique-bizot-roman\/#breadcrumb"},"inLanguage":"fr-FR","potentialAction":[{"@type":"ReadAction","target":["https:\/\/smallthings.fr\/lespetitslivres\/2014\/04\/10\/ame-qui-vive-veronique-bizot-roman\/"]}]},{"@type":"BreadcrumbList","@id":"https:\/\/smallthings.fr\/lespetitslivres\/2014\/04\/10\/ame-qui-vive-veronique-bizot-roman\/#breadcrumb","itemListElement":[{"@type":"ListItem","position":1,"name":"Accueil","item":"https:\/\/smallthings.fr\/lespetitslivres\/"},{"@type":"ListItem","position":2,"name":"\u00c2me qui vive &#8211; V\u00e9ronique Bizot"}]},{"@type":"WebSite","@id":"https:\/\/smallthings.fr\/lespetitslivres\/#website","url":"https:\/\/smallthings.fr\/lespetitslivres\/","name":"Les Petits Livres","description":"by Small Things","potentialAction":[{"@type":"SearchAction","target":{"@type":"EntryPoint","urlTemplate":"https:\/\/smallthings.fr\/lespetitslivres\/?s={search_term_string}"},"query-input":"required name=search_term_string"}],"inLanguage":"fr-FR"},{"@type":"Person","@id":"https:\/\/smallthings.fr\/lespetitslivres\/#\/schema\/person\/7b3de8ef611f2b29f758a00cad7cafb2","name":"Cecile","image":{"@type":"ImageObject","inLanguage":"fr-FR","@id":"https:\/\/smallthings.fr\/lespetitslivres\/#\/schema\/person\/image\/","url":"https:\/\/secure.gravatar.com\/avatar\/a855fa1dbad38b06e97132a8a6579746?s=96&d=retro&r=g","contentUrl":"https:\/\/secure.gravatar.com\/avatar\/a855fa1dbad38b06e97132a8a6579746?s=96&d=retro&r=g","caption":"Cecile"},"url":"https:\/\/smallthings.fr\/lespetitslivres\/author\/cecile\/"}]}},"jetpack_featured_media_url":"","jetpack_sharing_enabled":true,"jetpack_shortlink":"https:\/\/wp.me\/p6Un21-3jM","jetpack-related-posts":[{"id":31780,"url":"https:\/\/smallthings.fr\/lespetitslivres\/2018\/08\/28\/monsieur-viannet-veronique-le-goaziou\/","url_meta":{"origin":12758,"position":0},"title":"Monsieur Viannet, le roman des laiss\u00e9s pour compte","author":"Victoire Neyraud","date":"28 ao\u00fbt 2018","format":false,"excerpt":"Monsieur Viannet, le dernier roman de la sociologue et romanci\u00e8re V\u00e9ronique Le Goaziou, qui vient de para\u00eetre aux \u00e9ditions La Table Ronde pour la Rentr\u00e9e litt\u00e9raire. Une petite perle qui, d\u00e8s les premiers instants de lecture, nous prend en haleine et nous emporte sans pr\u00e9ambule dans un monde souvent peu\u2026","rel":"","context":"Dans &quot;Roman fran\u00e7ais&quot;","block_context":{"text":"Roman fran\u00e7ais","link":"https:\/\/smallthings.fr\/lespetitslivres\/category\/roman\/roman-francais\/"},"img":{"alt_text":"","src":"https:\/\/i0.wp.com\/smallthings.fr\/lespetitslivres\/wp-content\/uploads\/2018\/08\/monsieur-viannet-couverture-cover.jpg?resize=350%2C200&ssl=1","width":350,"height":200,"srcset":"https:\/\/i0.wp.com\/smallthings.fr\/lespetitslivres\/wp-content\/uploads\/2018\/08\/monsieur-viannet-couverture-cover.jpg?resize=350%2C200&ssl=1 1x, https:\/\/i0.wp.com\/smallthings.fr\/lespetitslivres\/wp-content\/uploads\/2018\/08\/monsieur-viannet-couverture-cover.jpg?resize=525%2C300&ssl=1 1.5x, https:\/\/i0.wp.com\/smallthings.fr\/lespetitslivres\/wp-content\/uploads\/2018\/08\/monsieur-viannet-couverture-cover.jpg?resize=700%2C400&ssl=1 2x"},"classes":[]},{"id":29699,"url":"https:\/\/smallthings.fr\/lespetitslivres\/2016\/03\/08\/ame-tenebreuse-coeur-lumineux-romantic-fantasy\/","url_meta":{"origin":12758,"position":1},"title":"\u00c2me T\u00e9n\u00e9breuse, C\u0153ur Lumineux : hommage \u00e0 la romantic fantasy","author":"Jennifer","date":"8 mars 2016","format":false,"excerpt":"\u00c2me T\u00e9n\u00e9breuse, C\u0153ur Lumineux est un recueil collectif o\u00f9 se rassemblent 10 auteurs voulant rendre hommage \u00e0 la romantic fantasy, ce sous-genre o\u00f9 l\u2019on rencontre des h\u00e9ro\u00efnes fortes et passionn\u00e9es. Ce sublime livre, dont la couverture a \u00e9t\u00e9 r\u00e9alis\u00e9e par Mina M., est sorti le 10 f\u00e9vrier dernier aux \u00e9ditions\u2026","rel":"","context":"Dans &quot;Fantasy&quot;","block_context":{"text":"Fantasy","link":"https:\/\/smallthings.fr\/lespetitslivres\/category\/imaginaire\/fantasy\/"},"img":{"alt_text":"","src":"https:\/\/i0.wp.com\/smallthings.fr\/lespetitslivres\/wp-content\/uploads\/2016\/03\/ame-tenebreuse-coeur-lumineux.jpg?resize=350%2C200","width":350,"height":200},"classes":[]},{"id":9551,"url":"https:\/\/smallthings.fr\/lespetitslivres\/2013\/11\/28\/lettre-helga-birgisson-critique\/","url_meta":{"origin":12758,"position":2},"title":"La Lettre \u00e0 Helga \u2013 Bergsveinn Birgisson","author":"Cecile","date":"28 novembre 2013","format":false,"excerpt":"La Lettre \u00e0 Helga, qui eut un immense succ\u00e8s dans les pays scandinaves, est le premier livre de Birgisson traduit en fran\u00e7ais, et le buzz principal de cette rentr\u00e9e litt\u00e9raire. Pourquoi cet engouement ? Et surtout, est-il m\u00e9rit\u00e9 ?","rel":"","context":"Dans &quot;Roman \u00e9tranger&quot;","block_context":{"text":"Roman \u00e9tranger","link":"https:\/\/smallthings.fr\/lespetitslivres\/category\/roman\/roman-etranger\/"},"img":{"alt_text":"Bergsveinn Birgisson, auteur de La Lettre \u00c3\u00a0 Helga","src":"https:\/\/i0.wp.com\/uploads.smallthings.fr\/2013\/11\/bergsveinn-birgisson.jpg?resize=350%2C200","width":350,"height":200},"classes":[]},{"id":11983,"url":"https:\/\/smallthings.fr\/lespetitslivres\/2014\/07\/29\/rosa-candida-audur-ava-olafsdottir-avis\/","url_meta":{"origin":12758,"position":3},"title":"Rosa Candida \u2013 Audur Ava \u00d3lafsd\u00f3ttir","author":"Cecile","date":"29 juillet 2014","format":false,"excerpt":"Rosa Candida a \u00e9t\u00e9 la grande r\u00e9v\u00e9lation 2010 en litt\u00e9rature \u00e9trang\u00e8re, en r\u00e9coltant le prix Page des libraires. Critiques et journalistes n\u2019ont pas tari d\u2019\u00e9loges devant cette nouvelle figure de la litt\u00e9rature islandaise. A nous de rendre notre verdict\u00a0! Le point de d\u00e9part de l\u2019intrigue est le voyage puis l\u2019installation\u2026","rel":"","context":"Dans &quot;Roman \u00e9tranger&quot;","block_context":{"text":"Roman \u00e9tranger","link":"https:\/\/smallthings.fr\/lespetitslivres\/category\/roman\/roman-etranger\/"},"img":{"alt_text":"","src":"https:\/\/i0.wp.com\/uploads.smallthings.fr\/2014\/03\/rosa-candida.jpg?resize=350%2C200","width":350,"height":200},"classes":[]},{"id":30163,"url":"https:\/\/smallthings.fr\/lespetitslivres\/2016\/08\/28\/10-04-ben-lerner-roman-critique\/","url_meta":{"origin":12758,"position":4},"title":"10:04 de Ben Lerner : le roman du romancier","author":"Diane Norric","date":"28 ao\u00fbt 2016","format":false,"excerpt":"10:04 est le second roman de l'Am\u00e9ricain Ben Lerner, que publient les \u00e9ditions de l\u2019Olivier en cette rentr\u00e9e litt\u00e9raire. Le premier roman de l'auteur, Au d\u00e9part d\u2019Atocha, encens\u00e9 par la critique anglo-saxonne \u00e9tait paru en fran\u00e7ais chez le m\u00eame \u00e9diteur. 10:04 est lui aussi pr\u00e9c\u00e9d\u00e9 d\u2019une flatteuse r\u00e9putation. Dans ce\u2026","rel":"","context":"Dans &quot;Rentr\u00e9e litt\u00e9raire&quot;","block_context":{"text":"Rentr\u00e9e litt\u00e9raire","link":"https:\/\/smallthings.fr\/lespetitslivres\/category\/rentree-litteraire\/"},"img":{"alt_text":"","src":"https:\/\/i0.wp.com\/smallthings.fr\/lespetitslivres\/wp-content\/uploads\/2016\/07\/10-04-lerner-couv.jpg?resize=350%2C200&ssl=1","width":350,"height":200,"srcset":"https:\/\/i0.wp.com\/smallthings.fr\/lespetitslivres\/wp-content\/uploads\/2016\/07\/10-04-lerner-couv.jpg?resize=350%2C200&ssl=1 1x, https:\/\/i0.wp.com\/smallthings.fr\/lespetitslivres\/wp-content\/uploads\/2016\/07\/10-04-lerner-couv.jpg?resize=525%2C300&ssl=1 1.5x, https:\/\/i0.wp.com\/smallthings.fr\/lespetitslivres\/wp-content\/uploads\/2016\/07\/10-04-lerner-couv.jpg?resize=700%2C400&ssl=1 2x, https:\/\/i0.wp.com\/smallthings.fr\/lespetitslivres\/wp-content\/uploads\/2016\/07\/10-04-lerner-couv.jpg?resize=1050%2C600&ssl=1 3x"},"classes":[]},{"id":31492,"url":"https:\/\/smallthings.fr\/lespetitslivres\/2018\/01\/10\/nous-partirons-elsa-fottorino\/","url_meta":{"origin":12758,"position":5},"title":"Nous partirons : l&rsquo;amour comme abolition de la vie","author":"Cecile","date":"10 janvier 2018","format":false,"excerpt":"Certains livres ne frappent pas tant par leur intrigue que par l\u2019atmosph\u00e8re qu\u2019ils instaurent, le sentiment qu\u2019ils parviennent \u00e0 installer. Nous partirons d'Elsa Fottorino est de ceux-l\u00e0. L\u2019ambiance d\u2019un \u00e9t\u00e9 au bord de la mer, les maisons et les personnages \u00e9cras\u00e9s par le soleil, les peaux bronz\u00e9es encore un peu\u2026","rel":"","context":"Dans &quot;Roman fran\u00e7ais&quot;","block_context":{"text":"Roman fran\u00e7ais","link":"https:\/\/smallthings.fr\/lespetitslivres\/category\/roman\/roman-francais\/"},"img":{"alt_text":"","src":"https:\/\/i0.wp.com\/smallthings.fr\/lespetitslivres\/wp-content\/uploads\/2018\/01\/elsa-fottorino.jpg?resize=350%2C200&ssl=1","width":350,"height":200},"classes":[]}],"_links":{"self":[{"href":"https:\/\/smallthings.fr\/lespetitslivres\/wp-json\/wp\/v2\/posts\/12758"}],"collection":[{"href":"https:\/\/smallthings.fr\/lespetitslivres\/wp-json\/wp\/v2\/posts"}],"about":[{"href":"https:\/\/smallthings.fr\/lespetitslivres\/wp-json\/wp\/v2\/types\/post"}],"author":[{"embeddable":true,"href":"https:\/\/smallthings.fr\/lespetitslivres\/wp-json\/wp\/v2\/users\/13"}],"replies":[{"embeddable":true,"href":"https:\/\/smallthings.fr\/lespetitslivres\/wp-json\/wp\/v2\/comments?post=12758"}],"version-history":[{"count":1,"href":"https:\/\/smallthings.fr\/lespetitslivres\/wp-json\/wp\/v2\/posts\/12758\/revisions"}],"predecessor-version":[{"id":28886,"href":"https:\/\/smallthings.fr\/lespetitslivres\/wp-json\/wp\/v2\/posts\/12758\/revisions\/28886"}],"wp:featuredmedia":[{"embeddable":true,"href":"https:\/\/smallthings.fr\/lespetitslivres\/wp-json\/"}],"wp:attachment":[{"href":"https:\/\/smallthings.fr\/lespetitslivres\/wp-json\/wp\/v2\/media?parent=12758"}],"wp:term":[{"taxonomy":"category","embeddable":true,"href":"https:\/\/smallthings.fr\/lespetitslivres\/wp-json\/wp\/v2\/categories?post=12758"},{"taxonomy":"post_tag","embeddable":true,"href":"https:\/\/smallthings.fr\/lespetitslivres\/wp-json\/wp\/v2\/tags?post=12758"}],"curies":[{"name":"wp","href":"https:\/\/api.w.org\/{rel}","templated":true}]}}