{"id":12716,"date":"2014-04-07T11:38:11","date_gmt":"2014-04-07T10:38:11","guid":{"rendered":"http:\/\/smallthings.fr\/?p=12716"},"modified":"2015-11-27T13:51:57","modified_gmt":"2015-11-27T12:51:57","slug":"silo-hugh-howey-avis","status":"publish","type":"post","link":"https:\/\/smallthings.fr\/lespetitslivres\/2014\/04\/07\/silo-hugh-howey-avis\/","title":{"rendered":"Silo &#8211; Hugh Howey"},"content":{"rendered":"<h2>Zoom sur <em>Silo<\/em>, le premier tome de la trilogie \u00ab\u00a0postapocalyptique\u00a0\u00bb d&rsquo;Hugh Howey sorti en octobre dernier chez Actes Sud. Le livre est un v\u00e9ritable ph\u00e9nom\u00e8ne \u00e9ditorial aux Etats-Unis. D&rsquo;abord autopubli\u00e9, le livre s&rsquo;est r\u00e9v\u00e9l\u00e9 \u00eatre un \u00e9norme succ\u00e8s sur Internet. Il est aujourd&rsquo;hui l&rsquo;un des best-sellers de la maison am\u00e9ricaine Simon &amp; Schuster. La 20th Century Fox et Scott Free ont m\u00eame achet\u00e9 les droits audiovisuels, et le sc\u00e9nario est en cours d&rsquo;\u00e9criture. D\u00e9couvrez ce qu&rsquo;en a pens\u00e9 notre chroniqueuse C\u00e9cile.<\/h2>\n<p><strong><a href=\"http:\/\/smallthings.fr\/2014\/04\/07\/silo-hugh-howey-avis\/silo-howey-couv\/\" rel=\"attachment wp-att-12723\"><img loading=\"lazy\" decoding=\"async\" class=\"alignleft  wp-image-12723\" alt=\"silo-howey-couv\" src=\"http:\/\/smallthings.fr\/wp-content\/uploads\/2014\/04\/silo-howey-couv-483x800.jpg\" width=\"267\" height=\"440\" \/><\/a>Dans un futur post-apocalyptique, une communaut\u00e9 d\u2019hommes et de femmes vit enferm\u00e9e dans un silo souterrain g\u00e9ant<\/strong>. Du monde ext\u00e9rieur, on ne sait rien, sinon qu\u2019il est hostile et mortel pour l\u2019humain, et on n\u2019en voit que les images d\u00e9sertiques relay\u00e9es par des cam\u00e9ras ext\u00e9rieures. A l\u2019int\u00e9rieur r\u00e8gne la s\u00e9curit\u00e9 d\u2019un environnement favorable \u00e0 l\u2019humain, maintenu par une organisation bien r\u00e9gl\u00e9e entre diff\u00e9rents d\u00e9partements, r\u00e9partis en \u00e9tages autour de l\u2019escalier central qui traverse tout le silo de haut en bas. Les Machines en bas, le D\u00e9partement d\u2019InfoTechnologie au milieu, le bureau du sh\u00e9rif et du maire en haut.<\/p>\n<p>La punition supr\u00eame pour ceux qui enfreignent la loi, c\u2019est de sortir du silo. Autrement dit, les destiner \u00e0 mourir par asphyxie devant les cam\u00e9ras ext\u00e9rieures qu\u2019ils ont pour ultime mission de nettoyer. Mais certaines personnes, persuad\u00e9es qu\u2019on leur cache quelque chose, demandent d\u2019elles-m\u00eames \u00e0 sortir, ce qui creuse une faille dans le syst\u00e8me bien huil\u00e9 du silo\u00a0; une faille qui ira en s\u2019agrandissant malgr\u00e9 les efforts d\u00e9ploy\u00e9s pour la contenir\u2026<\/p>\n<p><strong>L\u2019id\u00e9e de d\u00e9part n\u2019est pas novatrice, mais tr\u00e8s bien exploit\u00e9e<\/strong>. Le cadre de <em>Silo <\/em>est bien pos\u00e9, la simplicit\u00e9 de l\u2019univers trouve son r\u00e9pondant dans celle de l\u2019\u00e9criture dense, qui ne s\u2019encombre pas de fioritures. L\u2019intrigue et le suspense qu\u2019elle instaure sont efficaces. Tout cela cr\u00e9e <strong>un socle prometteur qui pourrait effectivement faire de <em>Silo<\/em> le\u00a0dernier classique de la science-fiction<\/strong> comme le propose Actes Sud.<\/p>\n<p><strong>Malheureusement, <em>Silo<\/em> perd de son rythme, puis se d\u00e9lite compl\u00e8tement d\u00e8s le quatri\u00e8me chapitre<\/strong>. L\u2019\u00e9criture reste simple, mais perd son ton percutant et sa densit\u00e9. Tout se d\u00e9laie \u00e9norm\u00e9ment. L\u2019action tra\u00eene pour entretenir le suspense, mais n\u2019aboutit qu\u2019\u00e0 l\u2019\u00e9venter, puisqu\u2019en se diluant elle ajoute des longueurs inutiles qui lassent le lecteur et desservent le r\u00e9cit. A l\u2019inverse, beaucoup de questions pos\u00e9es au d\u00e9part ne sont finalement jamais r\u00e9solues. Certains personnages (Lukas, Bernard, Scottie) ne sont jamais r\u00e9ellement d\u00e9velopp\u00e9s, et du coup sonnent faux. Le rebondissement final n\u2019est gu\u00e8re exploit\u00e9, ce qui lui enl\u00e8ve beaucoup de force.<\/p>\n<p>Ceci dit, <strong><i>Silo<\/i> se lit bien et facilement<\/strong>. L\u2019efficacit\u00e9 du r\u00e9cit ne se perd pas compl\u00e8tement, puisqu\u2019on garde l\u2019envie de conna\u00eetre la fin, mais il aurait gagn\u00e9 \u00e0 conserver le condens\u00e9 et le dynamisme des trois premiers chapitres tout du long. Apr\u00e8s, ce changement de rythme s\u2019explique clairement par les conditions premi\u00e8res de la parution de <i>Silo<\/i>, dont le d\u00e9but a d\u2019abord \u00e9t\u00e9 auto-\u00e9dit\u00e9 sous forme de nouvelle num\u00e9rique, la suite n\u2019ayant \u00e9t\u00e9 \u00e9crite qu\u2019apr\u00e8s un franc succ\u00e8s de ladite nouvelle, quatre mois plus tard. Devant le succ\u00e8s renouvel\u00e9, Hugh Howey a \u00e9crit et publi\u00e9 deux autres \u00e9pisodes en un mois, puis l\u2019\u00e9pisode final le mois suivant. Le succ\u00e8s a ensuite attir\u00e9 les \u00e9diteurs am\u00e9ricains qui l\u2019ont r\u00e9\u00e9dit\u00e9 en compilation papier et num\u00e9rique puis en ont vendu les droits \u00e0 l\u2019\u00e9tranger.<\/p>\n<p>Au vu de ces circonstances, on peut pardonner ces manquements de rythme \u00e0 l\u2019auteur et esp\u00e9rer cependant que <strong>le prochain tome <\/strong>(car <i>Silo<\/i> est une trilogie), <i>Origines<\/i>, qui<strong> sortira le 7 mai prochain<\/strong>, sera plus constant, et donnera \u00e0 cette histoire l\u2019ampleur romanesque qu\u2019elle m\u00e9rite.<\/p>\n<blockquote><p>\u00ab\u00a0Juliette se sentait perdue dans ce vide entre deux portes, pi\u00e9g\u00e9e dans ce sas rempli de tuyaux de couleurs vives qui jaillissaient des murs et du plafond, et o\u00f9 tout miroitait sous des linceuls de plastique. Etouff\u00e9 par son casque, le sifflement de l\u2019argon insuffl\u00e9 dans la pi\u00e8ce lui parut lointain. Il l\u2019informait que la fin \u00e9tait proche. Sous l\u2019effet de la pression, le plastique se froissa contre le banc, les murs, enveloppa les tuyaux. Elle per\u00e7ut la pression sur sa combinaison, comme une main invisible qui la serrait doucement. Elle savait ce qui allait suivre \u2013 et une part d\u2019elle-m\u00eame se demanda comment elle en \u00e9tait arriv\u00e9e l\u00e0, elle, une fille des Machines, qui s\u2019\u00e9tait toujours \u00e9perdument moqu\u00e9e du monde ext\u00e9rieur.\u00a0\u00bb<\/p><\/blockquote>\n<p><em>La page consacr\u00e9e au livre <a href=\"http:\/\/www.actes-sud.fr\/silo-hugh-howey\" target=\"_blank\">sur le site d&rsquo;Actes Sud<\/a>, contenant la vid\u00e9o d&rsquo;une interview d&rsquo;Hugh Howey.<\/em><\/p>\n","protected":false},"excerpt":{"rendered":"<p>Zoom sur Silo, le premier tome de la trilogie \u00ab\u00a0postapocalyptique\u00a0\u00bb d&rsquo;Hugh Howey sorti en octobre dernier chez Actes Sud. Le livre est un v\u00e9ritable ph\u00e9nom\u00e8ne \u00e9ditorial aux Etats-Unis. D&rsquo;abord autopubli\u00e9, le livre s&rsquo;est r\u00e9v\u00e9l\u00e9 \u00eatre un \u00e9norme succ\u00e8s sur Internet. Il est aujourd&rsquo;hui l&rsquo;un des best-sellers de la maison am\u00e9ricaine Simon &amp; Schuster. La 20th<\/p>\n","protected":false},"author":13,"featured_media":12720,"comment_status":"open","ping_status":"open","sticky":false,"template":"","format":"standard","meta":{"jetpack_post_was_ever_published":false,"_jetpack_newsletter_access":"","_jetpack_newsletter_tier_id":0,"footnotes":"","jetpack_publicize_message":"","jetpack_is_tweetstorm":false,"jetpack_publicize_feature_enabled":true,"jetpack_social_post_already_shared":false,"jetpack_social_options":{"image_generator_settings":{"template":"highway","enabled":false}}},"categories":[1118,1151],"tags":[183,184],"jetpack_publicize_connections":[],"yoast_head":"<!-- This site is optimized with the Yoast SEO plugin v21.5 - https:\/\/yoast.com\/wordpress\/plugins\/seo\/ -->\n<title>Silo - Hugh Howey - | SMALL THINGS |<\/title>\n<meta name=\"description\" content=\"Zoom sur Silo, le premier tome de la trilogie &quot;postapocalyptique&quot; d&#039;Hugh Howey sorti en octobre chez Actes Sud, Le livre est un v\u00e9ritable ph\u00e9nom\u00e8ne\" \/>\n<meta name=\"robots\" content=\"index, follow, max-snippet:-1, max-image-preview:large, max-video-preview:-1\" \/>\n<link rel=\"canonical\" href=\"https:\/\/smallthings.fr\/lespetitslivres\/2014\/04\/07\/silo-hugh-howey-avis\/\" \/>\n<meta property=\"og:locale\" content=\"fr_FR\" \/>\n<meta property=\"og:type\" content=\"article\" \/>\n<meta property=\"og:title\" content=\"Silo - Hugh Howey - | SMALL THINGS |\" \/>\n<meta property=\"og:description\" content=\"Zoom sur Silo, le premier tome de la trilogie &quot;postapocalyptique&quot; d&#039;Hugh Howey sorti en octobre chez Actes Sud, Le livre est un v\u00e9ritable ph\u00e9nom\u00e8ne\" \/>\n<meta property=\"og:url\" content=\"https:\/\/smallthings.fr\/lespetitslivres\/2014\/04\/07\/silo-hugh-howey-avis\/\" \/>\n<meta property=\"og:site_name\" content=\"Les Petits Livres\" \/>\n<meta property=\"article:published_time\" content=\"2014-04-07T10:38:11+00:00\" \/>\n<meta property=\"article:modified_time\" content=\"2015-11-27T12:51:57+00:00\" \/>\n<meta name=\"author\" content=\"Cecile\" \/>\n<meta name=\"twitter:card\" content=\"summary_large_image\" \/>\n<meta name=\"twitter:label1\" content=\"\u00c9crit par\" \/>\n\t<meta name=\"twitter:data1\" content=\"Cecile\" \/>\n\t<meta name=\"twitter:label2\" content=\"Dur\u00e9e de lecture estim\u00e9e\" \/>\n\t<meta name=\"twitter:data2\" content=\"4 minutes\" \/>\n<script type=\"application\/ld+json\" class=\"yoast-schema-graph\">{\"@context\":\"https:\/\/schema.org\",\"@graph\":[{\"@type\":\"WebPage\",\"@id\":\"https:\/\/smallthings.fr\/lespetitslivres\/2014\/04\/07\/silo-hugh-howey-avis\/\",\"url\":\"https:\/\/smallthings.fr\/lespetitslivres\/2014\/04\/07\/silo-hugh-howey-avis\/\",\"name\":\"Silo - Hugh Howey - | SMALL THINGS |\",\"isPartOf\":{\"@id\":\"https:\/\/smallthings.fr\/lespetitslivres\/#website\"},\"datePublished\":\"2014-04-07T10:38:11+00:00\",\"dateModified\":\"2015-11-27T12:51:57+00:00\",\"author\":{\"@id\":\"https:\/\/smallthings.fr\/lespetitslivres\/#\/schema\/person\/7b3de8ef611f2b29f758a00cad7cafb2\"},\"description\":\"Zoom sur Silo, le premier tome de la trilogie \\\"postapocalyptique\\\" d'Hugh Howey sorti en octobre chez Actes Sud, Le livre est un v\u00e9ritable ph\u00e9nom\u00e8ne\",\"breadcrumb\":{\"@id\":\"https:\/\/smallthings.fr\/lespetitslivres\/2014\/04\/07\/silo-hugh-howey-avis\/#breadcrumb\"},\"inLanguage\":\"fr-FR\",\"potentialAction\":[{\"@type\":\"ReadAction\",\"target\":[\"https:\/\/smallthings.fr\/lespetitslivres\/2014\/04\/07\/silo-hugh-howey-avis\/\"]}]},{\"@type\":\"BreadcrumbList\",\"@id\":\"https:\/\/smallthings.fr\/lespetitslivres\/2014\/04\/07\/silo-hugh-howey-avis\/#breadcrumb\",\"itemListElement\":[{\"@type\":\"ListItem\",\"position\":1,\"name\":\"Accueil\",\"item\":\"https:\/\/smallthings.fr\/lespetitslivres\/\"},{\"@type\":\"ListItem\",\"position\":2,\"name\":\"Silo &#8211; Hugh Howey\"}]},{\"@type\":\"WebSite\",\"@id\":\"https:\/\/smallthings.fr\/lespetitslivres\/#website\",\"url\":\"https:\/\/smallthings.fr\/lespetitslivres\/\",\"name\":\"Les Petits Livres\",\"description\":\"by Small Things\",\"potentialAction\":[{\"@type\":\"SearchAction\",\"target\":{\"@type\":\"EntryPoint\",\"urlTemplate\":\"https:\/\/smallthings.fr\/lespetitslivres\/?s={search_term_string}\"},\"query-input\":\"required name=search_term_string\"}],\"inLanguage\":\"fr-FR\"},{\"@type\":\"Person\",\"@id\":\"https:\/\/smallthings.fr\/lespetitslivres\/#\/schema\/person\/7b3de8ef611f2b29f758a00cad7cafb2\",\"name\":\"Cecile\",\"image\":{\"@type\":\"ImageObject\",\"inLanguage\":\"fr-FR\",\"@id\":\"https:\/\/smallthings.fr\/lespetitslivres\/#\/schema\/person\/image\/\",\"url\":\"https:\/\/secure.gravatar.com\/avatar\/a855fa1dbad38b06e97132a8a6579746?s=96&d=retro&r=g\",\"contentUrl\":\"https:\/\/secure.gravatar.com\/avatar\/a855fa1dbad38b06e97132a8a6579746?s=96&d=retro&r=g\",\"caption\":\"Cecile\"},\"url\":\"https:\/\/smallthings.fr\/lespetitslivres\/author\/cecile\/\"}]}<\/script>\n<!-- \/ Yoast SEO plugin. -->","yoast_head_json":{"title":"Silo - Hugh Howey - | SMALL THINGS |","description":"Zoom sur Silo, le premier tome de la trilogie \"postapocalyptique\" d'Hugh Howey sorti en octobre chez Actes Sud, Le livre est un v\u00e9ritable ph\u00e9nom\u00e8ne","robots":{"index":"index","follow":"follow","max-snippet":"max-snippet:-1","max-image-preview":"max-image-preview:large","max-video-preview":"max-video-preview:-1"},"canonical":"https:\/\/smallthings.fr\/lespetitslivres\/2014\/04\/07\/silo-hugh-howey-avis\/","og_locale":"fr_FR","og_type":"article","og_title":"Silo - Hugh Howey - | SMALL THINGS |","og_description":"Zoom sur Silo, le premier tome de la trilogie \"postapocalyptique\" d'Hugh Howey sorti en octobre chez Actes Sud, Le livre est un v\u00e9ritable ph\u00e9nom\u00e8ne","og_url":"https:\/\/smallthings.fr\/lespetitslivres\/2014\/04\/07\/silo-hugh-howey-avis\/","og_site_name":"Les Petits Livres","article_published_time":"2014-04-07T10:38:11+00:00","article_modified_time":"2015-11-27T12:51:57+00:00","author":"Cecile","twitter_card":"summary_large_image","twitter_misc":{"\u00c9crit par":"Cecile","Dur\u00e9e de lecture estim\u00e9e":"4 minutes"},"schema":{"@context":"https:\/\/schema.org","@graph":[{"@type":"WebPage","@id":"https:\/\/smallthings.fr\/lespetitslivres\/2014\/04\/07\/silo-hugh-howey-avis\/","url":"https:\/\/smallthings.fr\/lespetitslivres\/2014\/04\/07\/silo-hugh-howey-avis\/","name":"Silo - Hugh Howey - | SMALL THINGS |","isPartOf":{"@id":"https:\/\/smallthings.fr\/lespetitslivres\/#website"},"datePublished":"2014-04-07T10:38:11+00:00","dateModified":"2015-11-27T12:51:57+00:00","author":{"@id":"https:\/\/smallthings.fr\/lespetitslivres\/#\/schema\/person\/7b3de8ef611f2b29f758a00cad7cafb2"},"description":"Zoom sur Silo, le premier tome de la trilogie \"postapocalyptique\" d'Hugh Howey sorti en octobre chez Actes Sud, Le livre est un v\u00e9ritable ph\u00e9nom\u00e8ne","breadcrumb":{"@id":"https:\/\/smallthings.fr\/lespetitslivres\/2014\/04\/07\/silo-hugh-howey-avis\/#breadcrumb"},"inLanguage":"fr-FR","potentialAction":[{"@type":"ReadAction","target":["https:\/\/smallthings.fr\/lespetitslivres\/2014\/04\/07\/silo-hugh-howey-avis\/"]}]},{"@type":"BreadcrumbList","@id":"https:\/\/smallthings.fr\/lespetitslivres\/2014\/04\/07\/silo-hugh-howey-avis\/#breadcrumb","itemListElement":[{"@type":"ListItem","position":1,"name":"Accueil","item":"https:\/\/smallthings.fr\/lespetitslivres\/"},{"@type":"ListItem","position":2,"name":"Silo &#8211; Hugh Howey"}]},{"@type":"WebSite","@id":"https:\/\/smallthings.fr\/lespetitslivres\/#website","url":"https:\/\/smallthings.fr\/lespetitslivres\/","name":"Les Petits Livres","description":"by Small Things","potentialAction":[{"@type":"SearchAction","target":{"@type":"EntryPoint","urlTemplate":"https:\/\/smallthings.fr\/lespetitslivres\/?s={search_term_string}"},"query-input":"required name=search_term_string"}],"inLanguage":"fr-FR"},{"@type":"Person","@id":"https:\/\/smallthings.fr\/lespetitslivres\/#\/schema\/person\/7b3de8ef611f2b29f758a00cad7cafb2","name":"Cecile","image":{"@type":"ImageObject","inLanguage":"fr-FR","@id":"https:\/\/smallthings.fr\/lespetitslivres\/#\/schema\/person\/image\/","url":"https:\/\/secure.gravatar.com\/avatar\/a855fa1dbad38b06e97132a8a6579746?s=96&d=retro&r=g","contentUrl":"https:\/\/secure.gravatar.com\/avatar\/a855fa1dbad38b06e97132a8a6579746?s=96&d=retro&r=g","caption":"Cecile"},"url":"https:\/\/smallthings.fr\/lespetitslivres\/author\/cecile\/"}]}},"jetpack_featured_media_url":"","jetpack_sharing_enabled":true,"jetpack_shortlink":"https:\/\/wp.me\/p6Un21-3j6","jetpack-related-posts":[{"id":31456,"url":"https:\/\/smallthings.fr\/lespetitslivres\/2017\/12\/28\/orgueil-et-prejuges-jane-austen-thomson\/","url_meta":{"origin":12716,"position":0},"title":"Orgueil et Pr\u00e9jug\u00e9s de Jane Austen : une version in\u00e9dite en France","author":"Jennifer","date":"28 d\u00e9cembre 2017","format":false,"excerpt":"Publi\u00e9e en 1894 en Angleterre, l\u2019\u00e9dition d'Orgueil et Pr\u00e9jug\u00e9s de l'\u00e9diteur George Allen comporte des illustrations de Hugh Thomson, c\u00e9l\u00e8bre illustrateur victorien. Les \u00e9ditions Milady ont repris le texte et les illustrations de cette version pour former un magnifique livre-objet, disponible depuis fin octobre en librairie. Qui n\u2019a pas lu\u2026","rel":"","context":"Dans &quot;Nos classiques&quot;","block_context":{"text":"Nos classiques","link":"https:\/\/smallthings.fr\/lespetitslivres\/category\/nos-classiques\/"},"img":{"alt_text":"","src":"https:\/\/i0.wp.com\/smallthings.fr\/lespetitslivres\/wp-content\/uploads\/2017\/12\/17-scene-from-pride-and-prejudice-by-jane-austen-hugh-thomson-2.jpg?resize=350%2C200&ssl=1","width":350,"height":200,"srcset":"https:\/\/i0.wp.com\/smallthings.fr\/lespetitslivres\/wp-content\/uploads\/2017\/12\/17-scene-from-pride-and-prejudice-by-jane-austen-hugh-thomson-2.jpg?resize=350%2C200&ssl=1 1x, https:\/\/i0.wp.com\/smallthings.fr\/lespetitslivres\/wp-content\/uploads\/2017\/12\/17-scene-from-pride-and-prejudice-by-jane-austen-hugh-thomson-2.jpg?resize=525%2C300&ssl=1 1.5x, https:\/\/i0.wp.com\/smallthings.fr\/lespetitslivres\/wp-content\/uploads\/2017\/12\/17-scene-from-pride-and-prejudice-by-jane-austen-hugh-thomson-2.jpg?resize=700%2C400&ssl=1 2x"},"classes":[]},{"id":30506,"url":"https:\/\/smallthings.fr\/lespetitslivres\/2016\/11\/21\/macha-l-evasion-jerome-leroy-avis\/","url_meta":{"origin":12716,"position":1},"title":"Macha ou l&rsquo;\u00e9vasion, une douce utopie de J\u00e9r\u00f4me Leroy","author":"Lola","date":"21 novembre 2016","format":false,"excerpt":"Macha ou l'\u00e9vasion est paru l'\u00e9t\u00e9 dernier aux \u00e9ditions Syros. L'auteur, J\u00e9r\u00f4me Leroy, est reconnu pour ses romans d'anticipation et a sign\u00e9 notamment chez Gallimard. En couverture, une jeune fille \u00e0 la chevelure sauvage, en jean, avec blouson et bottes en cuir. Au-dessus d'elle, des branches d'arbre laissent entrevoir un\u2026","rel":"","context":"Dans &quot;Fantastique&quot;","block_context":{"text":"Fantastique","link":"https:\/\/smallthings.fr\/lespetitslivres\/category\/imaginaire\/fantastique\/"},"img":{"alt_text":"","src":"https:\/\/i0.wp.com\/smallthings.fr\/lespetitslivres\/wp-content\/uploads\/2016\/11\/macha-evasion-cover.jpg?resize=350%2C200&ssl=1","width":350,"height":200,"srcset":"https:\/\/i0.wp.com\/smallthings.fr\/lespetitslivres\/wp-content\/uploads\/2016\/11\/macha-evasion-cover.jpg?resize=350%2C200&ssl=1 1x, https:\/\/i0.wp.com\/smallthings.fr\/lespetitslivres\/wp-content\/uploads\/2016\/11\/macha-evasion-cover.jpg?resize=525%2C300&ssl=1 1.5x"},"classes":[]},{"id":31647,"url":"https:\/\/smallthings.fr\/lespetitslivres\/2018\/05\/24\/forme-de-l-eau-livre-audio\/","url_meta":{"origin":12716,"position":2},"title":"La Forme de l&rsquo;eau, de Guillermo Del Toro et Daniel Kraus en livre audio","author":"Claire","date":"24 mai 2018","format":false,"excerpt":"La Forme de l'eau est \u00e0 d\u00e9couvrir en livre audio chez Audible. Il s'agit de la nov\u00e9lisation par Daniel Kraus du film de Guillermo Del Toro, sorti au cin\u00e9ma en mars dernier et qui a remport\u00e9 l'Oscar du meilleur film. Le livre se veut bien s\u00fbr le reflet du film,\u2026","rel":"","context":"Dans &quot;Num\u00e9rique et audio&quot;","block_context":{"text":"Num\u00e9rique et audio","link":"https:\/\/smallthings.fr\/lespetitslivres\/category\/numerique-audio\/"},"img":{"alt_text":"","src":"https:\/\/i0.wp.com\/smallthings.fr\/lespetitslivres\/wp-content\/uploads\/2018\/05\/forme-de-l-eau-livre-audio-cover.png?resize=350%2C200&ssl=1","width":350,"height":200,"srcset":"https:\/\/i0.wp.com\/smallthings.fr\/lespetitslivres\/wp-content\/uploads\/2018\/05\/forme-de-l-eau-livre-audio-cover.png?resize=350%2C200&ssl=1 1x, https:\/\/i0.wp.com\/smallthings.fr\/lespetitslivres\/wp-content\/uploads\/2018\/05\/forme-de-l-eau-livre-audio-cover.png?resize=525%2C300&ssl=1 1.5x, https:\/\/i0.wp.com\/smallthings.fr\/lespetitslivres\/wp-content\/uploads\/2018\/05\/forme-de-l-eau-livre-audio-cover.png?resize=700%2C400&ssl=1 2x"},"classes":[]},{"id":31328,"url":"https:\/\/smallthings.fr\/lespetitslivres\/2017\/10\/16\/j-aime-sexe-prefere-pizza-livre-audio\/","url_meta":{"origin":12716,"position":3},"title":"J&rsquo;aime le sexe mais je pr\u00e9f\u00e8re la pizza&#8230; et en livre audio !","author":"Claire","date":"16 octobre 2017","format":false,"excerpt":"Il y a des livres qu'on dirait faits pour \u00eatre \u00e9couter. C'est compl\u00e8tement le cas de J'aime le sexe mais je pr\u00e9f\u00e8re la pizza, de Thomas Rapha\u00ebl, lu par lui-m\u00eame. Il est dispo chez Audible depuis quelques semaines, et c'est un vrai r\u00e9gal. On embarque pour plus de 5 heures\u2026","rel":"","context":"Dans &quot;Num\u00e9rique et audio&quot;","block_context":{"text":"Num\u00e9rique et audio","link":"https:\/\/smallthings.fr\/lespetitslivres\/category\/numerique-audio\/"},"img":{"alt_text":"","src":"https:\/\/i0.wp.com\/smallthings.fr\/lespetitslivres\/wp-content\/uploads\/2017\/10\/livre-audio-sexe-pizza.png?resize=350%2C200&ssl=1","width":350,"height":200,"srcset":"https:\/\/i0.wp.com\/smallthings.fr\/lespetitslivres\/wp-content\/uploads\/2017\/10\/livre-audio-sexe-pizza.png?resize=350%2C200&ssl=1 1x, https:\/\/i0.wp.com\/smallthings.fr\/lespetitslivres\/wp-content\/uploads\/2017\/10\/livre-audio-sexe-pizza.png?resize=525%2C300&ssl=1 1.5x, https:\/\/i0.wp.com\/smallthings.fr\/lespetitslivres\/wp-content\/uploads\/2017\/10\/livre-audio-sexe-pizza.png?resize=700%2C400&ssl=1 2x"},"classes":[]},{"id":31431,"url":"https:\/\/smallthings.fr\/lespetitslivres\/2017\/12\/18\/outlander-livre-audio-chardon-tartan\/","url_meta":{"origin":12716,"position":4},"title":"Outlander en livre audio : \u00ab\u00a0Le chardon et le tartan\u00a0\u00bb","author":"Claire","date":"18 d\u00e9cembre 2017","format":false,"excerpt":"La saga Outlander, et plus pr\u00e9cis\u00e9ment son premier tome, Le chardon et le tartan, est disponible en livre audio chez Audible. Comme vous le savez, la s\u00e9rie est tir\u00e9e d'un livre : votre pote fan de Claire et Jamie les a d\u00e9j\u00e0 tous d\u00e9vor\u00e9s depuis des mois... Si le fait\u2026","rel":"","context":"Dans &quot;Num\u00e9rique et audio&quot;","block_context":{"text":"Num\u00e9rique et audio","link":"https:\/\/smallthings.fr\/lespetitslivres\/category\/numerique-audio\/"},"img":{"alt_text":"","src":"https:\/\/i0.wp.com\/smallthings.fr\/lespetitslivres\/wp-content\/uploads\/2017\/12\/outlander-audio-cover.jpg?resize=350%2C200&ssl=1","width":350,"height":200,"srcset":"https:\/\/i0.wp.com\/smallthings.fr\/lespetitslivres\/wp-content\/uploads\/2017\/12\/outlander-audio-cover.jpg?resize=350%2C200&ssl=1 1x, https:\/\/i0.wp.com\/smallthings.fr\/lespetitslivres\/wp-content\/uploads\/2017\/12\/outlander-audio-cover.jpg?resize=525%2C300&ssl=1 1.5x, https:\/\/i0.wp.com\/smallthings.fr\/lespetitslivres\/wp-content\/uploads\/2017\/12\/outlander-audio-cover.jpg?resize=700%2C400&ssl=1 2x"},"classes":[]},{"id":30274,"url":"https:\/\/smallthings.fr\/lespetitslivres\/2016\/09\/05\/very-food-trip-tour-monde-culinaire\/","url_meta":{"origin":12716,"position":5},"title":"Very food trip, un tour du monde culinaire","author":"Claire","date":"5 septembre 2016","format":false,"excerpt":"La s\u00e9rie documentaire\u00a0Very food trip\u00a0vient de d\u00e9buter\u00a0sur la cha\u00eene Plan\u00e8te+. Very food trip, c'est l'aventure un peu folle de\u00a0Marine Mandrila et Louis Martin, qui ont tout quitt\u00e9 pour faire le tour du monde. De l'Am\u00e9rique latine \u00e0 l'Asie, ils ont fait le choix de dormir chez l'habitant pour s'impr\u00e9gner au\u2026","rel":"","context":"Dans &quot;Non fiction&quot;","block_context":{"text":"Non fiction","link":"https:\/\/smallthings.fr\/lespetitslivres\/category\/non-fiction\/"},"img":{"alt_text":"","src":"https:\/\/i0.wp.com\/smallthings.fr\/lespetitslivres\/wp-content\/uploads\/2016\/09\/very-food-trip.jpg?resize=350%2C200&ssl=1","width":350,"height":200,"srcset":"https:\/\/i0.wp.com\/smallthings.fr\/lespetitslivres\/wp-content\/uploads\/2016\/09\/very-food-trip.jpg?resize=350%2C200&ssl=1 1x, https:\/\/i0.wp.com\/smallthings.fr\/lespetitslivres\/wp-content\/uploads\/2016\/09\/very-food-trip.jpg?resize=525%2C300&ssl=1 1.5x, https:\/\/i0.wp.com\/smallthings.fr\/lespetitslivres\/wp-content\/uploads\/2016\/09\/very-food-trip.jpg?resize=700%2C400&ssl=1 2x"},"classes":[]}],"_links":{"self":[{"href":"https:\/\/smallthings.fr\/lespetitslivres\/wp-json\/wp\/v2\/posts\/12716"}],"collection":[{"href":"https:\/\/smallthings.fr\/lespetitslivres\/wp-json\/wp\/v2\/posts"}],"about":[{"href":"https:\/\/smallthings.fr\/lespetitslivres\/wp-json\/wp\/v2\/types\/post"}],"author":[{"embeddable":true,"href":"https:\/\/smallthings.fr\/lespetitslivres\/wp-json\/wp\/v2\/users\/13"}],"replies":[{"embeddable":true,"href":"https:\/\/smallthings.fr\/lespetitslivres\/wp-json\/wp\/v2\/comments?post=12716"}],"version-history":[{"count":1,"href":"https:\/\/smallthings.fr\/lespetitslivres\/wp-json\/wp\/v2\/posts\/12716\/revisions"}],"predecessor-version":[{"id":28892,"href":"https:\/\/smallthings.fr\/lespetitslivres\/wp-json\/wp\/v2\/posts\/12716\/revisions\/28892"}],"wp:featuredmedia":[{"embeddable":true,"href":"https:\/\/smallthings.fr\/lespetitslivres\/wp-json\/"}],"wp:attachment":[{"href":"https:\/\/smallthings.fr\/lespetitslivres\/wp-json\/wp\/v2\/media?parent=12716"}],"wp:term":[{"taxonomy":"category","embeddable":true,"href":"https:\/\/smallthings.fr\/lespetitslivres\/wp-json\/wp\/v2\/categories?post=12716"},{"taxonomy":"post_tag","embeddable":true,"href":"https:\/\/smallthings.fr\/lespetitslivres\/wp-json\/wp\/v2\/tags?post=12716"}],"curies":[{"name":"wp","href":"https:\/\/api.w.org\/{rel}","templated":true}]}}