{"id":12380,"date":"2014-03-24T18:01:36","date_gmt":"2014-03-24T17:01:36","guid":{"rendered":"http:\/\/smallthings.fr\/?p=12380"},"modified":"2015-11-02T13:32:05","modified_gmt":"2015-11-02T12:32:05","slug":"david-foenkinos-rencontre-salon-livre","status":"publish","type":"post","link":"https:\/\/smallthings.fr\/lespetitslivres\/2014\/03\/24\/david-foenkinos-rencontre-salon-livre\/","title":{"rendered":"David Foenkinos rencontre ses lecteurs au Salon du Livre"},"content":{"rendered":"<h2>SmallThings \u00e9tait \u00e0 la rencontre de David Foenkinos avec ses lecteurs dimanche au Salon du Livre de Paris. 1h d&rsquo;\u00e9change, d&rsquo;anecdotes et d&rsquo;analyse de son dernier roman <a href=\"http:\/\/smallthings.fr\/2014\/03\/10\/david-foenkinos-la-tete-de-lemploi\/\" target=\"_blank\"><em>La t\u00eate de l&#8217;emploi<\/em><\/a>.<\/h2>\n<h3>La gen\u00e8se du roman<\/h3>\n<p><strong>David Foenkinos, entour\u00e9 de deux \u00e9ditrices des \u00e9ditions J\u2019ai Lu, nous donne quelques pr\u00e9cisions sur l\u2019origine de son dernier roman<\/strong>. Le h\u00e9ros de <i>La t\u00eate de l\u2019emploi<\/i>, Bernard, a \u00e9t\u00e9 le personnage principal de l\u2019une de ses nouvelles. David Foenkinos ne l\u2019avait jamais oubli\u00e9 et a eu \u00e0 c\u0153ur de d\u00e9velopper son histoire en un roman entier.<\/p>\n<p>L\u2019\u00e9ditrice de David Foenkinos rappelle que son auteur a \u00e9t\u00e9 tr\u00e8s influenc\u00e9 par <i>Belle du Seigneur<\/i> d\u2019Albert Cohen. Il a appris de ce roman d\u2019amour qu\u2019humour et litt\u00e9rature ne sont pas incompatibles. David Foenkinos pense tenir d\u2019Albert Cohen ce \u00ab\u00a0go\u00fbt excit\u00e9 du roman\u00a0\u00bb, dit-il, cette forme de folie.<\/p>\n<p>David Foenkinos et son \u00e9ditrice s\u2019attardent sur ce pr\u00e9nom de Bernard, faisant rire toute la salle. \u00ab\u00a0Ce roman a \u00e9t\u00e9 le plus facile \u00e0 \u00e9crire parce que le personnage s\u2019appelle Bernard\u00a0: on se doutait que pour lui, \u00e7a allait mal se passer\u00a0\u00bb. Eclats de rire. \u00ab\u00a0J\u2019esp\u00e8re qu\u2019il n\u2019y a pas trop de Bernard dans la salle\u00a0! \u00bb. D\u2019apr\u00e8s Foenkinos, les personnages agissent comme le leur dictent leurs pr\u00e9noms. Ainsi, sa Nathalie de <em>La D\u00e9licatesse<\/em>, avait un rapport \u00e0 la nostalgie inh\u00e9rent \u00e0 son pr\u00e9nom. \u00ab\u00a0Bernard n\u2019est pas un pr\u00e9nom de gagnant\u00a0\u00bb.<\/p>\n<p>Plus s\u00e9rieusement, Foenkinos avoue avoir un rapport ambivalent avec son personnage. \u00ab\u00a0La difficult\u00e9, c\u2019est le curseur\u00a0\u00bb, dit-il. Les difficult\u00e9s de Bernard permettent de mettre en valeur sa po\u00e9sie, sa sensibilit\u00e9, ses qualit\u00e9s. Au d\u00e9part, l\u2019auteur se place dans la caricature, puis le personnage s\u2019affine au fur et \u00e0 mesure. Il aime \u00e0 donner au lecteur plusieurs degr\u00e9s d\u2019interpr\u00e9tation possibles. David Foenkinos a cherch\u00e9 \u00e0 \u00e9crire une com\u00e9die l\u00e9g\u00e8re sur le th\u00e8me de la crise. Le lecteur peut se construire sa propre opinion sur les profondeurs cach\u00e9es de cette com\u00e9die.<\/p>\n<p><a href=\"http:\/\/smallthings.fr\/2014\/03\/24\/david-foenkinos-rencontre-salon-livre\/foenkinos-rencontre\/\" rel=\"attachment wp-att-12383\"><img loading=\"lazy\" decoding=\"async\" class=\"alignright  wp-image-12383\" alt=\"foenkinos-rencontre\" src=\"http:\/\/smallthings.fr\/wp-content\/uploads\/2014\/03\/foenkinos-rencontre.jpg\" width=\"360\" height=\"480\" \/><\/a><\/p>\n<h3>Un roman g\u00e9n\u00e9rationnel sur la crise<\/h3>\n<p><i>La t\u00eate de l\u2019emploi<\/i> est un roman sur la crise qui, pour nous tous, implique un encha\u00eenement de complications diverses, une multitude de choses qui peuvent mener \u00e0 l\u2019effondrement. C\u2019est ce qui arrive \u00e0 Bernard. Cette crise entra\u00eene aussi un manque d\u2019attention \u00e0 l\u2019autre, ce qui fait que l\u2019on se retrouve seul.<\/p>\n<p>Il y a un c\u00f4t\u00e9 comique dans cet homme qui retourne vivre chez ses parents et se fait gronder parce qu\u2019il ne s\u2019est pas lav\u00e9 les dents apr\u00e8s d\u00eener\u2026 Le tragi-comique, comme nous l\u2019avions dit dans <a href=\"http:\/\/smallthings.fr\/2014\/03\/10\/david-foenkinos-la-tete-de-lemploi\/\" target=\"_blank\">notre critique<\/a> de <i>La t\u00eate de l\u2019emploi<\/i>, est parfaitement ma\u00eetris\u00e9. <strong>David Foenkinos revendique ce c\u00f4t\u00e9 plus l\u00e9ger, m\u00eame si le sujet du roman est lourd<\/strong>. Il choisit de raconter toutes les p\u00e9rip\u00e9ties cocasses de Bernard. Ce qui, d\u2019apr\u00e8s nous, met diablement en valeur le drame sous-jacent de l\u2019histoire.<\/p>\n<p>Bernard est issu d\u2019un Raymond et d\u2019une Martine. Apr\u00e8s l\u2019histoire de leur rencontre, l\u2019auteur \u00e9crit \u00ab\u00a0Ensuite, la vie passa\u00a0\u00bb. L\u2019\u00e9ditrice de Foenkinos tient \u00e0 s\u2019arr\u00eater sur cette phrase, qui n\u2019a l\u2019air de rien tant elle est courte, mais qui r\u00e9sume tout de m\u00eame 50 ann\u00e9es. \u00ab\u00a0Oui, c\u2019est une sorte de tweet\u00a0\u00bb, plaisante Foenkinos, avant de pr\u00e9ciser que Bernard porte une sorte de fragilit\u00e9 anthologique, puisqu\u2019il a \u00e9t\u00e9 con\u00e7u comme une exp\u00e9rimentation.<\/p>\n<p>\u00ab\u00a0La vie passa\u00a0\u00bb\u00a0: cette phrase est possible attribu\u00e9e \u00e0 Bernard, car c\u2019est une question de g\u00e9n\u00e9ration. Il a \u00e9t\u00e9 \u00e9lev\u00e9 dans cette certitude g\u00e9n\u00e9rationnelle o\u00f9 le confort \u00e9tait r\u00e9el. La s\u00e9curit\u00e9 de l\u2019emploi existait, les couples se s\u00e9paraient moins\u2026 A cinquante ans, il se retrouve propuls\u00e9 dans l\u2019\u00e9poque actuelle, o\u00f9 la donne est bien diff\u00e9rente. David Foenkinos ajoute que oui, la soci\u00e9t\u00e9 actuelle est brutale. Elle \u00e9carte les gens, et on n\u2019a plus aucun moyen de se d\u00e9fendre. Bernard va devoir chercher lui-m\u00eame les armes pour se battre. Il d\u00e9couvrira d\u2019ailleurs ses propres ressources pour la premi\u00e8re fois.<\/p>\n<p>David Foenkinos tient \u00e0 s\u2019arr\u00eater sur l\u2019expression \u00ab\u00a0refaire\u00a0sa vie\u00a0\u00bb, souvent employ\u00e9e. Cette expression du langage commun signifie quelque chose de terrible. \u00ab\u00a0On ne peut pas refaire les choses, on peut seulement les continuer avec l\u2019exp\u00e9rience de notre ratage.\u00a0\u00bb<\/p>\n<h3>Le prochain roman de David Foenkinos<\/h3>\n<p>Foenkinos nous annonce la sortie de son prochain roman en septembre chez Gallimard. <strong><em>Charlotte<\/em> racontera l\u2019histoire de l\u2019artiste Charlotte Salomon et l\u2019importance qu\u2019elle a eue pour lui<\/strong>. Il se confie sur le rapport de libert\u00e9 qu\u2019il entretient avec la cr\u00e9ation\u00a0: le fait de pouvoir \u00e9crire ce qu\u2019il veut, et quand il le veut, sans s\u2019obliger \u00e0 quoique ce soit. Il se sent libre de passer de romans plus l\u00e9gers \u00e0 des livres qui parlent de destins ab\u00eem\u00e9s, comme celui de Charlotte. Finalement, la cr\u00e9ation est une chose absolument myst\u00e9rieuse. On ne sait pas pourquoi on est capable d\u2019en \u00e9crire un. C\u2019est un \u00ab\u00a0aller-retour permanent entre la facilit\u00e9 et la fragilit\u00e9\u00a0\u00bb.<\/p>\n<p>Il termine par une anecdote in\u00e9dite. Il nous raconte qu\u2019avant d\u2019aller porter son premier contrat sign\u00e9 aux \u00e9ditions Gallimard, il a cherch\u00e9 un endroit symbolique o\u00f9 signer ce contrat, afin de s\u2019en souvenir toute sa vie. Il a rencontr\u00e9 Bernard Henri-L\u00e9vy en chemin, et c\u2019est devant ce t\u00e9moin qu\u2019il a trac\u00e9 la signature sur le papier.<\/p>\n<p><em>Merci Silvana de m&rsquo;avoir invit\u00e9e \ud83d\ude09<\/em><\/p>\n<p>La fiche du livre <a href=\"http:\/\/www.jailu.com\/Albums_Detail.cfm?Id=46117\" target=\"_blank\">sur le site des \u00e9ditions J&rsquo;ai Lu<\/a><\/p>\n","protected":false},"excerpt":{"rendered":"<p>SmallThings \u00e9tait \u00e0 la rencontre de David Foenkinos avec ses lecteurs dimanche au Salon du Livre de Paris. 1h d&rsquo;\u00e9change, d&rsquo;anecdotes et d&rsquo;analyse de son dernier roman La t\u00eate de l&#8217;emploi. La gen\u00e8se du roman David Foenkinos, entour\u00e9 de deux \u00e9ditrices des \u00e9ditions J\u2019ai Lu, nous donne quelques pr\u00e9cisions sur l\u2019origine de son dernier roman.<\/p>\n","protected":false},"author":2,"featured_media":12382,"comment_status":"open","ping_status":"open","sticky":false,"template":"","format":"standard","meta":{"jetpack_post_was_ever_published":false,"_jetpack_newsletter_access":"","_jetpack_newsletter_tier_id":0,"footnotes":"","jetpack_publicize_message":"","jetpack_is_tweetstorm":false,"jetpack_publicize_feature_enabled":true,"jetpack_social_post_already_shared":true,"jetpack_social_options":{"image_generator_settings":{"template":"highway","enabled":false}}},"categories":[1121,1117],"tags":[530,652,640],"jetpack_publicize_connections":[],"yoast_head":"<!-- This site is optimized with the Yoast SEO plugin v21.5 - https:\/\/yoast.com\/wordpress\/plugins\/seo\/ -->\n<title>David Foenkinos rencontre ses lecteurs au Salon du Livre<\/title>\n<meta name=\"description\" content=\"Rencontre de David Foenkinos avec ses lecteurs dimanche au Salon du Livre de Paris. 1h d&#039;\u00e9change, d&#039;anecdotes et d&#039;analyse de son dernier roman\" \/>\n<meta name=\"robots\" content=\"index, follow, max-snippet:-1, max-image-preview:large, max-video-preview:-1\" \/>\n<link rel=\"canonical\" href=\"https:\/\/smallthings.fr\/lespetitslivres\/2014\/03\/24\/david-foenkinos-rencontre-salon-livre\/\" \/>\n<meta property=\"og:locale\" content=\"fr_FR\" \/>\n<meta property=\"og:type\" content=\"article\" \/>\n<meta property=\"og:title\" content=\"David Foenkinos rencontre ses lecteurs au Salon du Livre\" \/>\n<meta property=\"og:description\" content=\"Rencontre de David Foenkinos avec ses lecteurs dimanche au Salon du Livre de Paris. 1h d&#039;\u00e9change, d&#039;anecdotes et d&#039;analyse de son dernier roman\" \/>\n<meta property=\"og:url\" content=\"https:\/\/smallthings.fr\/lespetitslivres\/2014\/03\/24\/david-foenkinos-rencontre-salon-livre\/\" \/>\n<meta property=\"og:site_name\" content=\"Les Petits Livres\" \/>\n<meta property=\"article:published_time\" content=\"2014-03-24T17:01:36+00:00\" \/>\n<meta property=\"article:modified_time\" content=\"2015-11-02T12:32:05+00:00\" \/>\n<meta name=\"author\" content=\"Claire\" \/>\n<meta name=\"twitter:card\" content=\"summary_large_image\" \/>\n<meta name=\"twitter:label1\" content=\"\u00c9crit par\" \/>\n\t<meta name=\"twitter:data1\" content=\"Claire\" \/>\n\t<meta name=\"twitter:label2\" content=\"Dur\u00e9e de lecture estim\u00e9e\" \/>\n\t<meta name=\"twitter:data2\" content=\"5 minutes\" \/>\n<script type=\"application\/ld+json\" class=\"yoast-schema-graph\">{\"@context\":\"https:\/\/schema.org\",\"@graph\":[{\"@type\":\"WebPage\",\"@id\":\"https:\/\/smallthings.fr\/lespetitslivres\/2014\/03\/24\/david-foenkinos-rencontre-salon-livre\/\",\"url\":\"https:\/\/smallthings.fr\/lespetitslivres\/2014\/03\/24\/david-foenkinos-rencontre-salon-livre\/\",\"name\":\"David Foenkinos rencontre ses lecteurs au Salon du Livre\",\"isPartOf\":{\"@id\":\"https:\/\/smallthings.fr\/lespetitslivres\/#website\"},\"datePublished\":\"2014-03-24T17:01:36+00:00\",\"dateModified\":\"2015-11-02T12:32:05+00:00\",\"author\":{\"@id\":\"https:\/\/smallthings.fr\/lespetitslivres\/#\/schema\/person\/504d603cacfe064fe039dfa03a8b7918\"},\"description\":\"Rencontre de David Foenkinos avec ses lecteurs dimanche au Salon du Livre de Paris. 1h d'\u00e9change, d'anecdotes et d'analyse de son dernier roman\",\"breadcrumb\":{\"@id\":\"https:\/\/smallthings.fr\/lespetitslivres\/2014\/03\/24\/david-foenkinos-rencontre-salon-livre\/#breadcrumb\"},\"inLanguage\":\"fr-FR\",\"potentialAction\":[{\"@type\":\"ReadAction\",\"target\":[\"https:\/\/smallthings.fr\/lespetitslivres\/2014\/03\/24\/david-foenkinos-rencontre-salon-livre\/\"]}]},{\"@type\":\"BreadcrumbList\",\"@id\":\"https:\/\/smallthings.fr\/lespetitslivres\/2014\/03\/24\/david-foenkinos-rencontre-salon-livre\/#breadcrumb\",\"itemListElement\":[{\"@type\":\"ListItem\",\"position\":1,\"name\":\"Accueil\",\"item\":\"https:\/\/smallthings.fr\/lespetitslivres\/\"},{\"@type\":\"ListItem\",\"position\":2,\"name\":\"David Foenkinos rencontre ses lecteurs au Salon du Livre\"}]},{\"@type\":\"WebSite\",\"@id\":\"https:\/\/smallthings.fr\/lespetitslivres\/#website\",\"url\":\"https:\/\/smallthings.fr\/lespetitslivres\/\",\"name\":\"Les Petits Livres\",\"description\":\"by Small Things\",\"potentialAction\":[{\"@type\":\"SearchAction\",\"target\":{\"@type\":\"EntryPoint\",\"urlTemplate\":\"https:\/\/smallthings.fr\/lespetitslivres\/?s={search_term_string}\"},\"query-input\":\"required name=search_term_string\"}],\"inLanguage\":\"fr-FR\"},{\"@type\":\"Person\",\"@id\":\"https:\/\/smallthings.fr\/lespetitslivres\/#\/schema\/person\/504d603cacfe064fe039dfa03a8b7918\",\"name\":\"Claire\",\"image\":{\"@type\":\"ImageObject\",\"inLanguage\":\"fr-FR\",\"@id\":\"https:\/\/smallthings.fr\/lespetitslivres\/#\/schema\/person\/image\/\",\"url\":\"https:\/\/secure.gravatar.com\/avatar\/9a85ff83d76b3eb17b8cae208640786e?s=96&d=retro&r=g\",\"contentUrl\":\"https:\/\/secure.gravatar.com\/avatar\/9a85ff83d76b3eb17b8cae208640786e?s=96&d=retro&r=g\",\"caption\":\"Claire\"},\"url\":\"https:\/\/smallthings.fr\/lespetitslivres\/author\/claire\/\"}]}<\/script>\n<!-- \/ Yoast SEO plugin. -->","yoast_head_json":{"title":"David Foenkinos rencontre ses lecteurs au Salon du Livre","description":"Rencontre de David Foenkinos avec ses lecteurs dimanche au Salon du Livre de Paris. 1h d'\u00e9change, d'anecdotes et d'analyse de son dernier roman","robots":{"index":"index","follow":"follow","max-snippet":"max-snippet:-1","max-image-preview":"max-image-preview:large","max-video-preview":"max-video-preview:-1"},"canonical":"https:\/\/smallthings.fr\/lespetitslivres\/2014\/03\/24\/david-foenkinos-rencontre-salon-livre\/","og_locale":"fr_FR","og_type":"article","og_title":"David Foenkinos rencontre ses lecteurs au Salon du Livre","og_description":"Rencontre de David Foenkinos avec ses lecteurs dimanche au Salon du Livre de Paris. 1h d'\u00e9change, d'anecdotes et d'analyse de son dernier roman","og_url":"https:\/\/smallthings.fr\/lespetitslivres\/2014\/03\/24\/david-foenkinos-rencontre-salon-livre\/","og_site_name":"Les Petits Livres","article_published_time":"2014-03-24T17:01:36+00:00","article_modified_time":"2015-11-02T12:32:05+00:00","author":"Claire","twitter_card":"summary_large_image","twitter_misc":{"\u00c9crit par":"Claire","Dur\u00e9e de lecture estim\u00e9e":"5 minutes"},"schema":{"@context":"https:\/\/schema.org","@graph":[{"@type":"WebPage","@id":"https:\/\/smallthings.fr\/lespetitslivres\/2014\/03\/24\/david-foenkinos-rencontre-salon-livre\/","url":"https:\/\/smallthings.fr\/lespetitslivres\/2014\/03\/24\/david-foenkinos-rencontre-salon-livre\/","name":"David Foenkinos rencontre ses lecteurs au Salon du Livre","isPartOf":{"@id":"https:\/\/smallthings.fr\/lespetitslivres\/#website"},"datePublished":"2014-03-24T17:01:36+00:00","dateModified":"2015-11-02T12:32:05+00:00","author":{"@id":"https:\/\/smallthings.fr\/lespetitslivres\/#\/schema\/person\/504d603cacfe064fe039dfa03a8b7918"},"description":"Rencontre de David Foenkinos avec ses lecteurs dimanche au Salon du Livre de Paris. 1h d'\u00e9change, d'anecdotes et d'analyse de son dernier roman","breadcrumb":{"@id":"https:\/\/smallthings.fr\/lespetitslivres\/2014\/03\/24\/david-foenkinos-rencontre-salon-livre\/#breadcrumb"},"inLanguage":"fr-FR","potentialAction":[{"@type":"ReadAction","target":["https:\/\/smallthings.fr\/lespetitslivres\/2014\/03\/24\/david-foenkinos-rencontre-salon-livre\/"]}]},{"@type":"BreadcrumbList","@id":"https:\/\/smallthings.fr\/lespetitslivres\/2014\/03\/24\/david-foenkinos-rencontre-salon-livre\/#breadcrumb","itemListElement":[{"@type":"ListItem","position":1,"name":"Accueil","item":"https:\/\/smallthings.fr\/lespetitslivres\/"},{"@type":"ListItem","position":2,"name":"David Foenkinos rencontre ses lecteurs au Salon du Livre"}]},{"@type":"WebSite","@id":"https:\/\/smallthings.fr\/lespetitslivres\/#website","url":"https:\/\/smallthings.fr\/lespetitslivres\/","name":"Les Petits Livres","description":"by Small Things","potentialAction":[{"@type":"SearchAction","target":{"@type":"EntryPoint","urlTemplate":"https:\/\/smallthings.fr\/lespetitslivres\/?s={search_term_string}"},"query-input":"required name=search_term_string"}],"inLanguage":"fr-FR"},{"@type":"Person","@id":"https:\/\/smallthings.fr\/lespetitslivres\/#\/schema\/person\/504d603cacfe064fe039dfa03a8b7918","name":"Claire","image":{"@type":"ImageObject","inLanguage":"fr-FR","@id":"https:\/\/smallthings.fr\/lespetitslivres\/#\/schema\/person\/image\/","url":"https:\/\/secure.gravatar.com\/avatar\/9a85ff83d76b3eb17b8cae208640786e?s=96&d=retro&r=g","contentUrl":"https:\/\/secure.gravatar.com\/avatar\/9a85ff83d76b3eb17b8cae208640786e?s=96&d=retro&r=g","caption":"Claire"},"url":"https:\/\/smallthings.fr\/lespetitslivres\/author\/claire\/"}]}},"jetpack_featured_media_url":"","jetpack_sharing_enabled":true,"jetpack_shortlink":"https:\/\/wp.me\/p6Un21-3dG","jetpack-related-posts":[{"id":11900,"url":"https:\/\/smallthings.fr\/lespetitslivres\/2014\/03\/10\/david-foenkinos-la-tete-de-lemploi\/","url_meta":{"origin":12380,"position":0},"title":"David Foenkinos &#8211; La t\u00eate de l&#8217;emploi","author":"Claire","date":"10 mars 2014","format":false,"excerpt":"On ne pr\u00e9sente plus David Foenkinos : de La d\u00e9licatesse (adapt\u00e9 au cin\u00e9ma en 2011 avec Audrey Tautou) aux Souvenirs, en passant par Je vais mieux... il est laur\u00e9at de plusieurs prix litt\u00e9raires et ses romans remportent de plus en plus de succ\u00e8s aupr\u00e8s du public. C'est \u00e0 parier que\u2026","rel":"","context":"Dans &quot;Roman fran\u00e7ais&quot;","block_context":{"text":"Roman fran\u00e7ais","link":"https:\/\/smallthings.fr\/lespetitslivres\/category\/roman\/roman-francais\/"},"img":{"alt_text":"","src":"https:\/\/i0.wp.com\/smallthings.fr\/wp-content\/uploads\/2014\/03\/foenkinos-tete-de-lemploi.gif?resize=350%2C200","width":350,"height":200},"classes":[]},{"id":17558,"url":"https:\/\/smallthings.fr\/lespetitslivres\/2014\/10\/17\/charlotte-david-foenkinos-renaudot\/","url_meta":{"origin":12380,"position":1},"title":"Charlotte : la claque de David Foenkinos &#8211; Prix Renaudot 2014","author":"Claire","date":"17 octobre 2014","format":false,"excerpt":"Charlotte, pour moi, c'est LE livre de la rentr\u00e9e litt\u00e9raire. Si je n'attendais Foenkinos, ni sur la rentr\u00e9e, ni sur ce cr\u00e9neau, je dois dire que j'ai \u00e9t\u00e9 bluff\u00e9e. Charlotte, c'est aussi son livre \u00e0 lui : \"c'est toute [s]a vie\", confesse-t-il. Tous les \u00e9crivains ont un livre \"fant\u00f4me\", celui\u2026","rel":"","context":"Dans &quot;Roman fran\u00e7ais&quot;","block_context":{"text":"Roman fran\u00e7ais","link":"https:\/\/smallthings.fr\/lespetitslivres\/category\/roman\/roman-francais\/"},"img":{"alt_text":"FRANCE-CULTURE-LITERATURE-FOENKINOS","src":"https:\/\/i0.wp.com\/smallthings.fr\/wp-content\/uploads\/2014\/10\/David-Foenkinos.jpg?resize=350%2C200","width":350,"height":200},"classes":[]},{"id":8666,"url":"https:\/\/smallthings.fr\/lespetitslivres\/2013\/10\/15\/matinale-litterature-courte\/","url_meta":{"origin":12380,"position":2},"title":"La matinale de la litt\u00e9rature courte","author":"Claire","date":"15 octobre 2013","format":false,"excerpt":"Ce matin a lieu la deuxi\u00e8me \u00e9dition de la Matinale de la litt\u00e9rature courte \u00e0 Paris, organis\u00e9e par Short \u00e9dition. Concours de cr\u00e9ation en live","rel":"","context":"Dans &quot;Num\u00e9rique et audio&quot;","block_context":{"text":"Num\u00e9rique et audio","link":"https:\/\/smallthings.fr\/lespetitslivres\/category\/numerique-audio\/"},"img":{"alt_text":"","src":"https:\/\/i0.wp.com\/uploads.smallthings.fr\/2013\/10\/Sh\u00c3\u00a9ma-Short-Edition-392x1024.jpg?resize=350%2C200","width":350,"height":200},"classes":[]},{"id":29389,"url":"https:\/\/smallthings.fr\/lespetitslivres\/2016\/01\/30\/concours-gagnez-tu-me-trouveras\/","url_meta":{"origin":12380,"position":3},"title":"[CONCOURS termin\u00e9] Gagnez le roman \u00ab\u00a0Tu me trouveras au bout du monde\u00a0\u00bb","author":"Claire","date":"30 janvier 2016","format":false,"excerpt":"Le concours est termin\u00e9 : merci \u00e0 tous ! Le Livre de Poche et Les Petits Livres vous offrent des exemplaires du roman \u00e9pistolaire Tu me trouveras au bout du monde de Nicolas Barreau, sorti le 13 janvier. Une com\u00e9die romantique pleine de surprises \u00e0 remporter en r\u00e9pondant \u00e0 une\u2026","rel":"","context":"Dans &quot;Concours&quot;","block_context":{"text":"Concours","link":"https:\/\/smallthings.fr\/lespetitslivres\/category\/concours\/"},"img":{"alt_text":"","src":"https:\/\/i0.wp.com\/smallthings.fr\/lespetitslivres\/wp-content\/uploads\/2016\/01\/tu-me-trouveras-au-bout-du-monde-couv.jpeg?resize=350%2C200&ssl=1","width":350,"height":200,"srcset":"https:\/\/i0.wp.com\/smallthings.fr\/lespetitslivres\/wp-content\/uploads\/2016\/01\/tu-me-trouveras-au-bout-du-monde-couv.jpeg?resize=350%2C200&ssl=1 1x, https:\/\/i0.wp.com\/smallthings.fr\/lespetitslivres\/wp-content\/uploads\/2016\/01\/tu-me-trouveras-au-bout-du-monde-couv.jpeg?resize=525%2C300&ssl=1 1.5x, https:\/\/i0.wp.com\/smallthings.fr\/lespetitslivres\/wp-content\/uploads\/2016\/01\/tu-me-trouveras-au-bout-du-monde-couv.jpeg?resize=700%2C400&ssl=1 2x, https:\/\/i0.wp.com\/smallthings.fr\/lespetitslivres\/wp-content\/uploads\/2016\/01\/tu-me-trouveras-au-bout-du-monde-couv.jpeg?resize=1050%2C600&ssl=1 3x, https:\/\/i0.wp.com\/smallthings.fr\/lespetitslivres\/wp-content\/uploads\/2016\/01\/tu-me-trouveras-au-bout-du-monde-couv.jpeg?resize=1400%2C800&ssl=1 4x"},"classes":[]},{"id":29636,"url":"https:\/\/smallthings.fr\/lespetitslivres\/2016\/03\/01\/ana-l-etoilee-ours-colombe-bruneau\/","url_meta":{"origin":12380,"position":4},"title":"Ana L\u2019\u00e9toil\u00e9e, T1 : L\u2019Ours et la Colombe, d\u2019Oph\u00e9lie Bruneau","author":"Jennifer","date":"1 mars 2016","format":false,"excerpt":"Ana\u00a0L\u2019\u00e9toil\u00e9e tome 1\u00a0L\u2019Ours et la Colombe\u00a0est un roman d'Oph\u00e9lie Bruneau et sorti aux \u00e9ditions du Chat Noir le 10 f\u00e9vrier dernier. On y rencontre Ana Monta\u00f1ez, une jeune sorci\u00e8re, qui va \u00eatre appel\u00e9e \u00e0 la rescousse car un fant\u00f4me hante la chambre d\u2019une maison en Espagne. Elle qui pensait r\u00e9aliser\u2026","rel":"","context":"Dans &quot;Fantastique&quot;","block_context":{"text":"Fantastique","link":"https:\/\/smallthings.fr\/lespetitslivres\/category\/imaginaire\/fantastique\/"},"img":{"alt_text":"","src":"https:\/\/i0.wp.com\/smallthings.fr\/lespetitslivres\/wp-content\/uploads\/2016\/02\/ana-l-etoilee-couv.jpg?resize=350%2C200&ssl=1","width":350,"height":200,"srcset":"https:\/\/i0.wp.com\/smallthings.fr\/lespetitslivres\/wp-content\/uploads\/2016\/02\/ana-l-etoilee-couv.jpg?resize=350%2C200&ssl=1 1x, https:\/\/i0.wp.com\/smallthings.fr\/lespetitslivres\/wp-content\/uploads\/2016\/02\/ana-l-etoilee-couv.jpg?resize=525%2C300&ssl=1 1.5x"},"classes":[]},{"id":31004,"url":"https:\/\/smallthings.fr\/lespetitslivres\/2017\/05\/15\/rencontre-dernier-espoir-kelley-york\/","url_meta":{"origin":12380,"position":5},"title":"Suicide Watch : la rencontre du dernier espoir","author":"Jennifer","date":"15 mai 2017","format":false,"excerpt":"Kelley York revient avec un nouveau roman young-adult poignant\u00a0! La rencontre du dernier espoir, paru d\u00e9but avril aux \u00e9ditions Pocket Jeunesse, nous entra\u00eene dans la vie d\u2019adolescents qui discutent sur un forum de suicide. Quand la vie ne vaut plus la peine d\u2019\u00eatre v\u00e9cue, quel est le meilleur moyen de\u2026","rel":"","context":"Dans &quot;Young Adult&quot;","block_context":{"text":"Young Adult","link":"https:\/\/smallthings.fr\/lespetitslivres\/category\/young-adult\/"},"img":{"alt_text":"","src":"https:\/\/i0.wp.com\/smallthings.fr\/lespetitslivres\/wp-content\/uploads\/2017\/05\/La-rencontre-du-dernier-espoir-York-3.jpg?resize=350%2C200&ssl=1","width":350,"height":200},"classes":[]}],"_links":{"self":[{"href":"https:\/\/smallthings.fr\/lespetitslivres\/wp-json\/wp\/v2\/posts\/12380"}],"collection":[{"href":"https:\/\/smallthings.fr\/lespetitslivres\/wp-json\/wp\/v2\/posts"}],"about":[{"href":"https:\/\/smallthings.fr\/lespetitslivres\/wp-json\/wp\/v2\/types\/post"}],"author":[{"embeddable":true,"href":"https:\/\/smallthings.fr\/lespetitslivres\/wp-json\/wp\/v2\/users\/2"}],"replies":[{"embeddable":true,"href":"https:\/\/smallthings.fr\/lespetitslivres\/wp-json\/wp\/v2\/comments?post=12380"}],"version-history":[{"count":1,"href":"https:\/\/smallthings.fr\/lespetitslivres\/wp-json\/wp\/v2\/posts\/12380\/revisions"}],"predecessor-version":[{"id":28900,"href":"https:\/\/smallthings.fr\/lespetitslivres\/wp-json\/wp\/v2\/posts\/12380\/revisions\/28900"}],"wp:featuredmedia":[{"embeddable":true,"href":"https:\/\/smallthings.fr\/lespetitslivres\/wp-json\/"}],"wp:attachment":[{"href":"https:\/\/smallthings.fr\/lespetitslivres\/wp-json\/wp\/v2\/media?parent=12380"}],"wp:term":[{"taxonomy":"category","embeddable":true,"href":"https:\/\/smallthings.fr\/lespetitslivres\/wp-json\/wp\/v2\/categories?post=12380"},{"taxonomy":"post_tag","embeddable":true,"href":"https:\/\/smallthings.fr\/lespetitslivres\/wp-json\/wp\/v2\/tags?post=12380"}],"curies":[{"name":"wp","href":"https:\/\/api.w.org\/{rel}","templated":true}]}}