{"id":12254,"date":"2014-03-17T10:22:22","date_gmt":"2014-03-17T09:22:22","guid":{"rendered":"http:\/\/smallthings.fr\/?p=12254"},"modified":"2015-11-02T13:32:00","modified_gmt":"2015-11-02T12:32:00","slug":"anna-gavalda-coache-vie-en-mieux","status":"publish","type":"post","link":"https:\/\/smallthings.fr\/lespetitslivres\/2014\/03\/17\/anna-gavalda-coache-vie-en-mieux\/","title":{"rendered":"Anna Gavalda vous coache avec La Vie en mieux"},"content":{"rendered":"<h2><em>La Vie en mieux<\/em> est sorti le 12 mars dernier. Mais&#8230; attendez, Anna Gavalda n&rsquo;avait-elle pas d\u00e9j\u00e0 publi\u00e9 \u00e0 l&rsquo;automne ? Dites, c&rsquo;est la crise ! Faut bien manger ! Non, en r\u00e9alit\u00e9, <em>Billie<\/em> et <em>La Vie en mieux<\/em> auraient d\u00fb n&rsquo;\u00eatre qu&rsquo;un seul et m\u00eame livre, divis\u00e9 en 3 grandes nouvelles.<\/h2>\n<p>Les personnages de <em>La Vie en mieux<\/em>, Mathilde et Yann, ressemblent \u00e9trangement \u00e0 <em>Billie<\/em>. Comme elle, ils sont un peu cass\u00e9s par la vie. Comme elle, ils ont soif d&rsquo;autre chose mais ne savent pas comment s&rsquo;y prendre. Et comme elle, ils vont faire LA rencontre d\u00e9cisive qui va tout faire basculer. Et les rendre enfin heureux ?<\/p>\n<p><strong><em><a href=\"http:\/\/smallthings.fr\/2014\/03\/17\/anna-gavalda-coache-vie-en-mieux\/gavalda-vie-en-mieux\/\" rel=\"attachment wp-att-12257\"><img loading=\"lazy\" decoding=\"async\" class=\"alignleft size-full wp-image-12257\" alt=\"gavalda-vie-en-mieux\" src=\"http:\/\/smallthings.fr\/wp-content\/uploads\/2014\/03\/gavalda-vie-en-mieux.gif\" width=\"213\" height=\"299\" \/><\/a>La Vie en mieux<\/em><\/strong> n&rsquo;aurait d\u00fb faire qu&rsquo;un seul et m\u00eame livre avec <em>Billie<\/em>. Les \u00e9ditions Le Dilettante ont donc d\u00e9cid\u00e9 de publier les deux la m\u00eame ann\u00e9e. Sage d\u00e9cision, histoire de donner plus de force \u00e0 la d\u00e9marche d&rsquo;Anna Gavalda, en plein dans sa p\u00e9riode \u00ab\u00a0carpe diem\u00a0\u00bb. Cueille le jour, et n&rsquo;aies pas peur : voil\u00e0 le message que ses romans tentent \u00e0 nous faire passer cette ann\u00e9e. Elle nous parle de cette g\u00e9n\u00e9ration que l&rsquo;on conna\u00eet bien&#8230; Celle des ultra-dipl\u00f4m\u00e9s qui n&rsquo;arrivent pas \u00e0 trouver un travail qui les motive et qui leur rende justice&#8230; Qui sortent, boivent un peu trop&#8230; Essayent d&rsquo;oublier, <strong>font des rencontres fugaces et d\u00e9nu\u00e9es de sens&#8230; jusqu&rsquo;\u00e0 celle qui va compter et leur donner le courage de tout changer<\/strong>. Mais ce fameux courage, existe-t-il vraiment ? Anne Gavalda veut y croire, et nous donner l&rsquo;envie d&rsquo;y croire aussi. Elle ne nous dit pas que tout sera rose, loin de l\u00e0. Mais la libert\u00e9 a un prix.<\/p>\n<p>Mathilde, 24 ans, vit en colocation, fait un travail inint\u00e9ressant et va dans les bars pour oublier. Un jour, elle y oublie son sac. C&rsquo;est ainsi qu&rsquo;elle fait la connaissance d&rsquo;un jeune homme, qui va lui donner envie de changer. De m\u00eame, Yann, jeune homme sur-dipl\u00f4m\u00e9 qui ne sait pas quoi faire de sa vie, rencontre un de ses voisins, qui va en quelque sorte le r\u00e9v\u00e9ler \u00e0 lui-m\u00eame. <strong>Ces rencontres vont leur faire voir la vie en mieux<\/strong>.<\/p>\n<p>Avec <em>Billie<\/em>, Anna Gavalda revenait au format plus court de ses d\u00e9buts. <em>La Vie en mieux<\/em> confirme son retour \u00e0 la nouvelle cette ann\u00e9e. Apr\u00e8s tout, c&rsquo;est gr\u00e2ce \u00e0 son recueil <em>Je voudrais que quelqu&rsquo;un m&rsquo;attente quelque part<\/em>, qu&rsquo;elle s&rsquo;\u00e9tait fait conna\u00eetre. Et \u00e0 raison. Elle est percutante, capable de brosser des portraits de personnages forts en quelques mots. Elle sait aller \u00e0 l&rsquo;essentiel en nous faisant r\u00e9fl\u00e9chir. <strong><em>La Vie en mieux<\/em> fait appel \u00e0 cette nostalgie que nous connaissons bien : celle des projets jamais aboutis, des regrets<\/strong>. Lire <em>La Vie en mieux<\/em>, c&rsquo;est un peu voir la r\u00e9alit\u00e9 en face, et peut-\u00eatre se donner les moyens de voir plus loin que le bout de son nez.<\/p>\n<p><em>La Vie en mieux<\/em> passe l&rsquo;\u00e9preuve de la page 99 pour <a href=\"http:\/\/www.lexpress.fr\/culture\/livre\/la-vie-en-mieux-d-anna-gavalda-passe-le-test-de-la-page-99_1323527.html\" target=\"_blank\">L&rsquo;Express<\/a>.<\/p>\n","protected":false},"excerpt":{"rendered":"<p>La Vie en mieux est sorti le 12 mars dernier. Mais&#8230; attendez, Anna Gavalda n&rsquo;avait-elle pas d\u00e9j\u00e0 publi\u00e9 \u00e0 l&rsquo;automne ? Dites, c&rsquo;est la crise ! Faut bien manger ! Non, en r\u00e9alit\u00e9, Billie et La Vie en mieux auraient d\u00fb n&rsquo;\u00eatre qu&rsquo;un seul et m\u00eame livre, divis\u00e9 en 3 grandes nouvelles. Les personnages de<\/p>\n","protected":false},"author":2,"featured_media":12255,"comment_status":"open","ping_status":"open","sticky":false,"template":"","format":"standard","meta":{"jetpack_post_was_ever_published":false,"_jetpack_newsletter_access":"","_jetpack_newsletter_tier_id":0,"footnotes":"","jetpack_publicize_message":"","jetpack_is_tweetstorm":false,"jetpack_publicize_feature_enabled":true,"jetpack_social_post_already_shared":true,"jetpack_social_options":{"image_generator_settings":{"template":"highway","enabled":false}}},"categories":[1108,1117],"tags":[494,495,643],"jetpack_publicize_connections":[],"yoast_head":"<!-- This site is optimized with the Yoast SEO plugin v21.5 - https:\/\/yoast.com\/wordpress\/plugins\/seo\/ -->\n<title>Anna Gavalda vous coache avec La Vie en mieux<\/title>\n<meta name=\"description\" content=\"La Vie en mieux d&#039;Anna Gavalda sorti le 12 mars 2014 au DIlettante, aurait d\u00fb ne faire qu&#039;un seul et m\u00eame livre avec Billie sorti \u00e0 l&#039;automne dernier\" \/>\n<meta name=\"robots\" content=\"index, follow, max-snippet:-1, max-image-preview:large, max-video-preview:-1\" \/>\n<link rel=\"canonical\" href=\"https:\/\/smallthings.fr\/lespetitslivres\/2014\/03\/17\/anna-gavalda-coache-vie-en-mieux\/\" \/>\n<meta property=\"og:locale\" content=\"fr_FR\" \/>\n<meta property=\"og:type\" content=\"article\" \/>\n<meta property=\"og:title\" content=\"Anna Gavalda vous coache avec La Vie en mieux\" \/>\n<meta property=\"og:description\" content=\"La Vie en mieux d&#039;Anna Gavalda sorti le 12 mars 2014 au DIlettante, aurait d\u00fb ne faire qu&#039;un seul et m\u00eame livre avec Billie sorti \u00e0 l&#039;automne dernier\" \/>\n<meta property=\"og:url\" content=\"https:\/\/smallthings.fr\/lespetitslivres\/2014\/03\/17\/anna-gavalda-coache-vie-en-mieux\/\" \/>\n<meta property=\"og:site_name\" content=\"Les Petits Livres\" \/>\n<meta property=\"article:published_time\" content=\"2014-03-17T09:22:22+00:00\" \/>\n<meta property=\"article:modified_time\" content=\"2015-11-02T12:32:00+00:00\" \/>\n<meta name=\"author\" content=\"Claire\" \/>\n<meta name=\"twitter:card\" content=\"summary_large_image\" \/>\n<meta name=\"twitter:label1\" content=\"\u00c9crit par\" \/>\n\t<meta name=\"twitter:data1\" content=\"Claire\" \/>\n\t<meta name=\"twitter:label2\" content=\"Dur\u00e9e de lecture estim\u00e9e\" \/>\n\t<meta name=\"twitter:data2\" content=\"2 minutes\" \/>\n<script type=\"application\/ld+json\" class=\"yoast-schema-graph\">{\"@context\":\"https:\/\/schema.org\",\"@graph\":[{\"@type\":\"WebPage\",\"@id\":\"https:\/\/smallthings.fr\/lespetitslivres\/2014\/03\/17\/anna-gavalda-coache-vie-en-mieux\/\",\"url\":\"https:\/\/smallthings.fr\/lespetitslivres\/2014\/03\/17\/anna-gavalda-coache-vie-en-mieux\/\",\"name\":\"Anna Gavalda vous coache avec La Vie en mieux\",\"isPartOf\":{\"@id\":\"https:\/\/smallthings.fr\/lespetitslivres\/#website\"},\"datePublished\":\"2014-03-17T09:22:22+00:00\",\"dateModified\":\"2015-11-02T12:32:00+00:00\",\"author\":{\"@id\":\"https:\/\/smallthings.fr\/lespetitslivres\/#\/schema\/person\/504d603cacfe064fe039dfa03a8b7918\"},\"description\":\"La Vie en mieux d'Anna Gavalda sorti le 12 mars 2014 au DIlettante, aurait d\u00fb ne faire qu'un seul et m\u00eame livre avec Billie sorti \u00e0 l'automne dernier\",\"breadcrumb\":{\"@id\":\"https:\/\/smallthings.fr\/lespetitslivres\/2014\/03\/17\/anna-gavalda-coache-vie-en-mieux\/#breadcrumb\"},\"inLanguage\":\"fr-FR\",\"potentialAction\":[{\"@type\":\"ReadAction\",\"target\":[\"https:\/\/smallthings.fr\/lespetitslivres\/2014\/03\/17\/anna-gavalda-coache-vie-en-mieux\/\"]}]},{\"@type\":\"BreadcrumbList\",\"@id\":\"https:\/\/smallthings.fr\/lespetitslivres\/2014\/03\/17\/anna-gavalda-coache-vie-en-mieux\/#breadcrumb\",\"itemListElement\":[{\"@type\":\"ListItem\",\"position\":1,\"name\":\"Accueil\",\"item\":\"https:\/\/smallthings.fr\/lespetitslivres\/\"},{\"@type\":\"ListItem\",\"position\":2,\"name\":\"Anna Gavalda vous coache avec La Vie en mieux\"}]},{\"@type\":\"WebSite\",\"@id\":\"https:\/\/smallthings.fr\/lespetitslivres\/#website\",\"url\":\"https:\/\/smallthings.fr\/lespetitslivres\/\",\"name\":\"Les Petits Livres\",\"description\":\"by Small Things\",\"potentialAction\":[{\"@type\":\"SearchAction\",\"target\":{\"@type\":\"EntryPoint\",\"urlTemplate\":\"https:\/\/smallthings.fr\/lespetitslivres\/?s={search_term_string}\"},\"query-input\":\"required name=search_term_string\"}],\"inLanguage\":\"fr-FR\"},{\"@type\":\"Person\",\"@id\":\"https:\/\/smallthings.fr\/lespetitslivres\/#\/schema\/person\/504d603cacfe064fe039dfa03a8b7918\",\"name\":\"Claire\",\"image\":{\"@type\":\"ImageObject\",\"inLanguage\":\"fr-FR\",\"@id\":\"https:\/\/smallthings.fr\/lespetitslivres\/#\/schema\/person\/image\/\",\"url\":\"https:\/\/secure.gravatar.com\/avatar\/9a85ff83d76b3eb17b8cae208640786e?s=96&d=retro&r=g\",\"contentUrl\":\"https:\/\/secure.gravatar.com\/avatar\/9a85ff83d76b3eb17b8cae208640786e?s=96&d=retro&r=g\",\"caption\":\"Claire\"},\"url\":\"https:\/\/smallthings.fr\/lespetitslivres\/author\/claire\/\"}]}<\/script>\n<!-- \/ Yoast SEO plugin. -->","yoast_head_json":{"title":"Anna Gavalda vous coache avec La Vie en mieux","description":"La Vie en mieux d'Anna Gavalda sorti le 12 mars 2014 au DIlettante, aurait d\u00fb ne faire qu'un seul et m\u00eame livre avec Billie sorti \u00e0 l'automne dernier","robots":{"index":"index","follow":"follow","max-snippet":"max-snippet:-1","max-image-preview":"max-image-preview:large","max-video-preview":"max-video-preview:-1"},"canonical":"https:\/\/smallthings.fr\/lespetitslivres\/2014\/03\/17\/anna-gavalda-coache-vie-en-mieux\/","og_locale":"fr_FR","og_type":"article","og_title":"Anna Gavalda vous coache avec La Vie en mieux","og_description":"La Vie en mieux d'Anna Gavalda sorti le 12 mars 2014 au DIlettante, aurait d\u00fb ne faire qu'un seul et m\u00eame livre avec Billie sorti \u00e0 l'automne dernier","og_url":"https:\/\/smallthings.fr\/lespetitslivres\/2014\/03\/17\/anna-gavalda-coache-vie-en-mieux\/","og_site_name":"Les Petits Livres","article_published_time":"2014-03-17T09:22:22+00:00","article_modified_time":"2015-11-02T12:32:00+00:00","author":"Claire","twitter_card":"summary_large_image","twitter_misc":{"\u00c9crit par":"Claire","Dur\u00e9e de lecture estim\u00e9e":"2 minutes"},"schema":{"@context":"https:\/\/schema.org","@graph":[{"@type":"WebPage","@id":"https:\/\/smallthings.fr\/lespetitslivres\/2014\/03\/17\/anna-gavalda-coache-vie-en-mieux\/","url":"https:\/\/smallthings.fr\/lespetitslivres\/2014\/03\/17\/anna-gavalda-coache-vie-en-mieux\/","name":"Anna Gavalda vous coache avec La Vie en mieux","isPartOf":{"@id":"https:\/\/smallthings.fr\/lespetitslivres\/#website"},"datePublished":"2014-03-17T09:22:22+00:00","dateModified":"2015-11-02T12:32:00+00:00","author":{"@id":"https:\/\/smallthings.fr\/lespetitslivres\/#\/schema\/person\/504d603cacfe064fe039dfa03a8b7918"},"description":"La Vie en mieux d'Anna Gavalda sorti le 12 mars 2014 au DIlettante, aurait d\u00fb ne faire qu'un seul et m\u00eame livre avec Billie sorti \u00e0 l'automne dernier","breadcrumb":{"@id":"https:\/\/smallthings.fr\/lespetitslivres\/2014\/03\/17\/anna-gavalda-coache-vie-en-mieux\/#breadcrumb"},"inLanguage":"fr-FR","potentialAction":[{"@type":"ReadAction","target":["https:\/\/smallthings.fr\/lespetitslivres\/2014\/03\/17\/anna-gavalda-coache-vie-en-mieux\/"]}]},{"@type":"BreadcrumbList","@id":"https:\/\/smallthings.fr\/lespetitslivres\/2014\/03\/17\/anna-gavalda-coache-vie-en-mieux\/#breadcrumb","itemListElement":[{"@type":"ListItem","position":1,"name":"Accueil","item":"https:\/\/smallthings.fr\/lespetitslivres\/"},{"@type":"ListItem","position":2,"name":"Anna Gavalda vous coache avec La Vie en mieux"}]},{"@type":"WebSite","@id":"https:\/\/smallthings.fr\/lespetitslivres\/#website","url":"https:\/\/smallthings.fr\/lespetitslivres\/","name":"Les Petits Livres","description":"by Small Things","potentialAction":[{"@type":"SearchAction","target":{"@type":"EntryPoint","urlTemplate":"https:\/\/smallthings.fr\/lespetitslivres\/?s={search_term_string}"},"query-input":"required name=search_term_string"}],"inLanguage":"fr-FR"},{"@type":"Person","@id":"https:\/\/smallthings.fr\/lespetitslivres\/#\/schema\/person\/504d603cacfe064fe039dfa03a8b7918","name":"Claire","image":{"@type":"ImageObject","inLanguage":"fr-FR","@id":"https:\/\/smallthings.fr\/lespetitslivres\/#\/schema\/person\/image\/","url":"https:\/\/secure.gravatar.com\/avatar\/9a85ff83d76b3eb17b8cae208640786e?s=96&d=retro&r=g","contentUrl":"https:\/\/secure.gravatar.com\/avatar\/9a85ff83d76b3eb17b8cae208640786e?s=96&d=retro&r=g","caption":"Claire"},"url":"https:\/\/smallthings.fr\/lespetitslivres\/author\/claire\/"}]}},"jetpack_featured_media_url":"","jetpack_sharing_enabled":true,"jetpack_shortlink":"https:\/\/wp.me\/p6Un21-3bE","jetpack-related-posts":[{"id":8060,"url":"https:\/\/smallthings.fr\/lespetitslivres\/2013\/10\/02\/billie-anna-gavalda\/","url_meta":{"origin":12254,"position":0},"title":"Billie &#8211; Anna Gavalda","author":"Claire","date":"2 octobre 2013","format":false,"excerpt":"C'est avec Billie qu'Anna Gavalda fait aujourd'hui son grand retour. Un roman court mais ultra dense, des personnages forts, en marge.","rel":"","context":"Dans &quot;Roman fran\u00e7ais&quot;","block_context":{"text":"Roman fran\u00e7ais","link":"https:\/\/smallthings.fr\/lespetitslivres\/category\/roman\/roman-francais\/"},"img":{"alt_text":"Anna Gavalda \/ \u00c2\u00a9 Alexandre Isar - Le Dilettante","src":"https:\/\/i0.wp.com\/uploads.smallthings.fr\/2013\/09\/anna-gavalda-bureau-12a44.jpg?resize=350%2C200","width":350,"height":200},"classes":[]},{"id":31901,"url":"https:\/\/smallthings.fr\/lespetitslivres\/2019\/02\/11\/lelite-charbonneau\/","url_meta":{"origin":12254,"position":1},"title":"L\u2019Elite : une excellente r\u00e9flexion sur le pouvoir et le patriotisme","author":"admin","date":"11 f\u00e9vrier 2019","format":false,"excerpt":"L\u2019Elite est une trilogie de Jo\u00eblle Charbonneau suivant le parcours de Cia, une jeune fille qui va tenter de faire sa place \u00e0 l\u2019universit\u00e9. Le r\u00e9sum\u00e9 des 3 livres L\u2019Elite Finalement c\u2019est arriv\u00e9, le r\u00e9chauffement climatique, les guerres et les pand\u00e9mies eurent la peau des civilisations comme nous les connaissons.\u2026","rel":"","context":"Dans &quot;Science-fiction&quot;","block_context":{"text":"Science-fiction","link":"https:\/\/smallthings.fr\/lespetitslivres\/category\/imaginaire\/science-fiction\/"},"img":{"alt_text":"","src":"https:\/\/i0.wp.com\/smallthings.fr\/lespetitslivres\/wp-content\/uploads\/2019\/02\/l_lite.jpg?resize=350%2C200&ssl=1","width":350,"height":200,"srcset":"https:\/\/i0.wp.com\/smallthings.fr\/lespetitslivres\/wp-content\/uploads\/2019\/02\/l_lite.jpg?resize=350%2C200&ssl=1 1x, https:\/\/i0.wp.com\/smallthings.fr\/lespetitslivres\/wp-content\/uploads\/2019\/02\/l_lite.jpg?resize=525%2C300&ssl=1 1.5x, https:\/\/i0.wp.com\/smallthings.fr\/lespetitslivres\/wp-content\/uploads\/2019\/02\/l_lite.jpg?resize=700%2C400&ssl=1 2x"},"classes":[]},{"id":27772,"url":"https:\/\/smallthings.fr\/lespetitslivres\/2015\/10\/04\/les-humeurs-insolubles-giordano-critique\/","url_meta":{"origin":12254,"position":2},"title":"Les humeurs insolubles, nouveau roman de Paolo Giordano","author":"Marguerite","date":"4 octobre 2015","format":false,"excerpt":"Les humeurs insolubles,\u00a0troisi\u00e8me roman de Paolo Giordano, est sorti le 1er octobre aux \u00e9ditions du Seuil. Je garde un \u00e9norme souvenir de son premier roman La solitude des nombres premiers, \u2013 coup d\u2019essai, coup de ma\u00eetre\u00a0\u2013 paru en 2010 \u00e9galement au Seuil et dans lequel Paolo Giordano brossait le destin\u2026","rel":"","context":"Dans &quot;Roman \u00e9tranger&quot;","block_context":{"text":"Roman \u00e9tranger","link":"https:\/\/smallthings.fr\/lespetitslivres\/category\/roman\/roman-etranger\/"},"img":{"alt_text":"","src":"https:\/\/i0.wp.com\/smallthings.fr\/lespetitslivres\/wp-content\/uploads\/2015\/10\/humeurs-insolubles.jpg?resize=350%2C200&ssl=1","width":350,"height":200,"srcset":"https:\/\/i0.wp.com\/smallthings.fr\/lespetitslivres\/wp-content\/uploads\/2015\/10\/humeurs-insolubles.jpg?resize=350%2C200&ssl=1 1x, https:\/\/i0.wp.com\/smallthings.fr\/lespetitslivres\/wp-content\/uploads\/2015\/10\/humeurs-insolubles.jpg?resize=525%2C300&ssl=1 1.5x, https:\/\/i0.wp.com\/smallthings.fr\/lespetitslivres\/wp-content\/uploads\/2015\/10\/humeurs-insolubles.jpg?resize=700%2C400&ssl=1 2x"},"classes":[]},{"id":30400,"url":"https:\/\/smallthings.fr\/lespetitslivres\/2016\/10\/14\/tarzan-seigneur-jungle-er-burroughs\/","url_meta":{"origin":12254,"position":3},"title":"Tarzan seigneur de la jungle, le classique d&rsquo;E.R. Burroughs","author":"Cecile","date":"14 octobre 2016","format":false,"excerpt":"Tarzan seigneur de la jungle, publi\u00e9 en 1912 alors que l\u2019Empire colonial britannique \u00e9tait \u00e0 son apog\u00e9e, donna lieu \u00e0 une saga de 26 romans, puis \u00e0 un film en 1932, Tarzan, l\u2019homme-singe qui est rest\u00e9 une r\u00e9f\u00e9rence. \u00c0 partir des ann\u00e9es 50 sortent ensuite une kyrielle de films d\u2019aventures\u2026","rel":"","context":"Dans &quot;Nos classiques&quot;","block_context":{"text":"Nos classiques","link":"https:\/\/smallthings.fr\/lespetitslivres\/category\/nos-classiques\/"},"img":{"alt_text":"","src":"https:\/\/i0.wp.com\/smallthings.fr\/lespetitslivres\/wp-content\/uploads\/2016\/10\/tarzan-film.jpg?resize=350%2C200&ssl=1","width":350,"height":200,"srcset":"https:\/\/i0.wp.com\/smallthings.fr\/lespetitslivres\/wp-content\/uploads\/2016\/10\/tarzan-film.jpg?resize=350%2C200&ssl=1 1x, https:\/\/i0.wp.com\/smallthings.fr\/lespetitslivres\/wp-content\/uploads\/2016\/10\/tarzan-film.jpg?resize=525%2C300&ssl=1 1.5x, https:\/\/i0.wp.com\/smallthings.fr\/lespetitslivres\/wp-content\/uploads\/2016\/10\/tarzan-film.jpg?resize=700%2C400&ssl=1 2x, https:\/\/i0.wp.com\/smallthings.fr\/lespetitslivres\/wp-content\/uploads\/2016\/10\/tarzan-film.jpg?resize=1050%2C600&ssl=1 3x"},"classes":[]},{"id":30700,"url":"https:\/\/smallthings.fr\/lespetitslivres\/2017\/01\/17\/presque-ensemble-philibert-critique\/","url_meta":{"origin":12254,"position":4},"title":"Presque ensemble, la vie malgr\u00e9 la d\u00e9sillusion selon Marjorie Philibert","author":"Cecile","date":"17 janvier 2017","format":false,"excerpt":"Presque ensemble est le premier roman de la journaliste Marjorie Philibert, qui vient de para\u00eetre chez JC Latt\u00e8s en cette rentr\u00e9e hivernale. Une analyse quasi sociologique du c\u00f4t\u00e9 obscur de notre g\u00e9n\u00e9ration\u00a0: les existences m\u00e9diocres. Un roman sans illusion, f\u00e9rocement dr\u00f4le. Le ton est donn\u00e9 d\u00e8s les premi\u00e8res pages\u00a0: ce\u2026","rel":"","context":"Dans &quot;Roman fran\u00e7ais&quot;","block_context":{"text":"Roman fran\u00e7ais","link":"https:\/\/smallthings.fr\/lespetitslivres\/category\/roman\/roman-francais\/"},"img":{"alt_text":"","src":"https:\/\/i0.wp.com\/smallthings.fr\/lespetitslivres\/wp-content\/uploads\/2017\/01\/presque-ensemble-couv.jpeg?resize=350%2C200&ssl=1","width":350,"height":200,"srcset":"https:\/\/i0.wp.com\/smallthings.fr\/lespetitslivres\/wp-content\/uploads\/2017\/01\/presque-ensemble-couv.jpeg?resize=350%2C200&ssl=1 1x, https:\/\/i0.wp.com\/smallthings.fr\/lespetitslivres\/wp-content\/uploads\/2017\/01\/presque-ensemble-couv.jpeg?resize=525%2C300&ssl=1 1.5x"},"classes":[]},{"id":31504,"url":"https:\/\/smallthings.fr\/lespetitslivres\/2018\/01\/18\/l-atelier-des-souvenirs-idoux-thivet\/","url_meta":{"origin":12254,"position":5},"title":"L&rsquo;Atelier des souvenirs, premier roman d&rsquo;Anne Idoux-Thivet","author":"June","date":"18 janvier 2018","format":false,"excerpt":"L'Atelier des souvenirs est le premier roman d'Anne Idoux-Thivet, qui vient de para\u00eetre chez Michel Lafon. A d\u00e9faut de trouver du travail, Alice prend sa th\u00e8se sous son bras et part vivre \u00e0 la campagne dans la maison de feue sa grand-m\u00e8re\u2026 O\u00f9 elle d\u00e9p\u00e9rit passablement. Jusqu\u2019au jour o\u00f9 elle\u2026","rel":"","context":"Dans &quot;Roman fran\u00e7ais&quot;","block_context":{"text":"Roman fran\u00e7ais","link":"https:\/\/smallthings.fr\/lespetitslivres\/category\/roman\/roman-francais\/"},"img":{"alt_text":"","src":"https:\/\/i0.wp.com\/smallthings.fr\/lespetitslivres\/wp-content\/uploads\/2018\/01\/atelier-des-souvenirs-cover.png?resize=350%2C200&ssl=1","width":350,"height":200},"classes":[]}],"_links":{"self":[{"href":"https:\/\/smallthings.fr\/lespetitslivres\/wp-json\/wp\/v2\/posts\/12254"}],"collection":[{"href":"https:\/\/smallthings.fr\/lespetitslivres\/wp-json\/wp\/v2\/posts"}],"about":[{"href":"https:\/\/smallthings.fr\/lespetitslivres\/wp-json\/wp\/v2\/types\/post"}],"author":[{"embeddable":true,"href":"https:\/\/smallthings.fr\/lespetitslivres\/wp-json\/wp\/v2\/users\/2"}],"replies":[{"embeddable":true,"href":"https:\/\/smallthings.fr\/lespetitslivres\/wp-json\/wp\/v2\/comments?post=12254"}],"version-history":[{"count":1,"href":"https:\/\/smallthings.fr\/lespetitslivres\/wp-json\/wp\/v2\/posts\/12254\/revisions"}],"predecessor-version":[{"id":28897,"href":"https:\/\/smallthings.fr\/lespetitslivres\/wp-json\/wp\/v2\/posts\/12254\/revisions\/28897"}],"wp:featuredmedia":[{"embeddable":true,"href":"https:\/\/smallthings.fr\/lespetitslivres\/wp-json\/"}],"wp:attachment":[{"href":"https:\/\/smallthings.fr\/lespetitslivres\/wp-json\/wp\/v2\/media?parent=12254"}],"wp:term":[{"taxonomy":"category","embeddable":true,"href":"https:\/\/smallthings.fr\/lespetitslivres\/wp-json\/wp\/v2\/categories?post=12254"},{"taxonomy":"post_tag","embeddable":true,"href":"https:\/\/smallthings.fr\/lespetitslivres\/wp-json\/wp\/v2\/tags?post=12254"}],"curies":[{"name":"wp","href":"https:\/\/api.w.org\/{rel}","templated":true}]}}