{"id":11900,"date":"2014-03-10T15:07:57","date_gmt":"2014-03-10T14:07:57","guid":{"rendered":"http:\/\/smallthings.fr\/?p=11900"},"modified":"2015-11-02T13:32:10","modified_gmt":"2015-11-02T12:32:10","slug":"david-foenkinos-la-tete-de-lemploi","status":"publish","type":"post","link":"https:\/\/smallthings.fr\/lespetitslivres\/2014\/03\/10\/david-foenkinos-la-tete-de-lemploi\/","title":{"rendered":"David Foenkinos &#8211; La t\u00eate de l&#8217;emploi"},"content":{"rendered":"<h2>On ne pr\u00e9sente plus David Foenkinos : de <em>La d\u00e9licatesse<\/em> (adapt\u00e9 au cin\u00e9ma en 2011 avec Audrey Tautou) aux <em>Souvenirs<\/em>, en passant par <em>Je vais mieux<\/em>&#8230; il est laur\u00e9at de plusieurs prix litt\u00e9raires et ses romans remportent de plus en plus de succ\u00e8s aupr\u00e8s du public. C&rsquo;est \u00e0 parier que <em>La t\u00eate de l&#8217;emploi<\/em>, paru le 8 janvier dernier chez J&rsquo;ai Lu,<em> <\/em>ne fera pas exception \u00e0 la r\u00e8gle.<\/h2>\n<p><a href=\"http:\/\/smallthings.fr\/2014\/03\/10\/david-foenkinos-la-tete-de-lemploi\/foenkinos-tete-de-lemploi\/\" rel=\"attachment wp-att-11915\"><img loading=\"lazy\" decoding=\"async\" class=\"alignleft size-full wp-image-11915\" alt=\"foenkinos-tete-de-lemploi\" src=\"http:\/\/smallthings.fr\/wp-content\/uploads\/2014\/03\/foenkinos-tete-de-lemploi.gif\" width=\"285\" height=\"475\" \/><\/a><strong><em>La t\u00eate de l&#8217;emploi<\/em> de David Foenkinos raconte l&rsquo;histoire d&rsquo;une crise existentielle<\/strong>. Bernard, 50 ans, a tout pour lui : mari\u00e9 depuis des ann\u00e9es, il m\u00e8ne une douce routine. Il est conseiller bancaire \u00e0 la BNP, s&rsquo;entend bien avec sa fille, aucune ombre \u00e0 l&rsquo;horizon, a priori&#8230; <strong>C&rsquo;est alors qu&rsquo;une succession d&rsquo;\u00e9v\u00e9nements vont tout faire bascule<\/strong>r : sa fille d\u00e9m\u00e9nage \u00e0 l&rsquo;\u00e9tranger, son \u00e9pouse lui annonce qu&rsquo;elle veut le quitter, son directeur cherche \u00e0 se s\u00e9parer de lui&#8230; C&rsquo;est la descente aux enfers. Et Bernard ne s&rsquo;y \u00e9tait pas du tout pr\u00e9par\u00e9. Chaque mauvaise nouvelle est une v\u00e9ritable claque, qui remet en question tout son microcosme autrefois si confortable. Alors qu&rsquo;il ne se doutait de rien, tout s&rsquo;effondre. Le voil\u00e0 seul, sans emploi, oblig\u00e9 de retourner vivre chez ses parents&#8230;<\/p>\n<p>Dans un premier temps, la chose la plus raisonnable \u00e0 faire aux yeux de Bernard est de chercher \u00e0 reconqu\u00e9rir sa femme. Mais le mal semble fait : Nathalie ne reviendra pas si facilement. Alors qu&rsquo;il pensait les choses rattrapables, <strong>Bernard se rend compte que les d\u00e9g\u00e2ts sont plus profonds que cela : il faut qu&rsquo;il repense sa vie d&rsquo;une mani\u00e8re plus globale<\/strong>. Mais la d\u00e9pression le guette&#8230; De plus, ses parents, inquiets, ne lui rendent pas la t\u00e2che facile.<\/p>\n<p>Dans <em>La t\u00eate de l&#8217;emploi<\/em>, <strong>David Foenkinos traite d&rsquo;un concept qui nous touche tous : la crise existentielle<\/strong>. Elle nous fait peur \u00e0 tous, \u00e9tant donn\u00e9 qu&rsquo;elle s&rsquo;accompagne en g\u00e9n\u00e9ral d&rsquo;\u00e9l\u00e9ments de notre vie qui ne fonctionnent pas. Personne n&rsquo;est \u00e0 l&rsquo;abri de perdre son travail, de se retrouver seul : de perdre pied, en somme. Au m\u00eame titre que la crise existentielle, le roman de David Foenkinos aussi nous touche tous. Parce que Bernard est un personnage fondamentalement humain. Qui apprendra \u00e0 ses d\u00e9pends \u00e0 quel point il faut rester humble face \u00e0 la vie. Savoir saisir les opportunit\u00e9s qu&rsquo;elle nous propose&#8230; Ne jamais rien consid\u00e9rer comme acquis. Et profiter, aussi&#8230;<\/p>\n<p>Au-del\u00e0 du c\u00f4t\u00e9 grave du roman, David Foenkinos arrive \u00e0 nous faire sourire, voire rire \u00e0 certains moments. <strong>Il pars\u00e8me <em>La t\u00eate de l&#8217;emploi<\/em> de petites touches d&rsquo;humour et d&rsquo;ironie<\/strong>. Bernard, qui vient de prendre les claques de sa vie, semble d\u00e9velopper en parall\u00e8le un v\u00e9ritable sens de l&rsquo;humour. Tout ce qu&rsquo;il observe est d\u00e9sormais pass\u00e9 au crible de son sarcasme. Les notes de bas de page ajout\u00e9es par le narrateur lui-m\u00eame, sont toujours un d\u00e9lice, et une excellente id\u00e9e. Quelle que soit la fin du roman, on a l&rsquo;impression d&rsquo;accompagner Bernard dans les moments les plus durs de sa vie. C&rsquo;est comme une petite le\u00e7on, finalement, pour nous aussi.<\/p>\n<p>Une interview de David Foenkinos sur <a href=\"http:\/\/www.metronews.fr\/culture\/david-foenkinos-je-suis-assez-obsessionnel\/mnam!crKSifG82wjbw\/\" target=\"_blank\">le site de m\u00e9tronews<\/a>, pour en savoir un peu plus sur l&rsquo;auteur et l&rsquo;origine du roman.<\/p>\n","protected":false},"excerpt":{"rendered":"<p>On ne pr\u00e9sente plus David Foenkinos : de La d\u00e9licatesse (adapt\u00e9 au cin\u00e9ma en 2011 avec Audrey Tautou) aux Souvenirs, en passant par Je vais mieux&#8230; il est laur\u00e9at de plusieurs prix litt\u00e9raires et ses romans remportent de plus en plus de succ\u00e8s aupr\u00e8s du public. C&rsquo;est \u00e0 parier que La t\u00eate de l&#8217;emploi, paru<\/p>\n","protected":false},"author":2,"featured_media":11914,"comment_status":"open","ping_status":"open","sticky":false,"template":"","format":"standard","meta":{"jetpack_post_was_ever_published":false,"_jetpack_newsletter_access":"","_jetpack_newsletter_tier_id":0,"footnotes":"","jetpack_publicize_message":"","jetpack_is_tweetstorm":false,"jetpack_publicize_feature_enabled":true,"jetpack_social_post_already_shared":true,"jetpack_social_options":{"image_generator_settings":{"template":"highway","enabled":false}}},"categories":[1117],"tags":[530,631,632],"jetpack_publicize_connections":[],"yoast_head":"<!-- This site is optimized with the Yoast SEO plugin v21.5 - https:\/\/yoast.com\/wordpress\/plugins\/seo\/ -->\n<title>David Foenkinos - La t\u00eate de l&#039;emploi - | SMALL THINGS |<\/title>\n<meta name=\"description\" content=\"Le dernier roman de David Foenkinos, La t\u00eate de l&#039;emploi, est sorti le 8 janvier dernier aux \u00e9ditions J&#039;ai Lu. Un roman sur la crise de la cinquantaine.\" \/>\n<meta name=\"robots\" content=\"index, follow, max-snippet:-1, max-image-preview:large, max-video-preview:-1\" \/>\n<link rel=\"canonical\" href=\"http:\/\/smallthings.fr\/lespetitslivres\/2014\/03\/10\/david-foenkinos-la-tete-de-lemploi\/\" \/>\n<meta property=\"og:locale\" content=\"fr_FR\" \/>\n<meta property=\"og:type\" content=\"article\" \/>\n<meta property=\"og:title\" content=\"David Foenkinos - La t\u00eate de l&#039;emploi - | SMALL THINGS |\" \/>\n<meta property=\"og:description\" content=\"Le dernier roman de David Foenkinos, La t\u00eate de l&#039;emploi, est sorti le 8 janvier dernier aux \u00e9ditions J&#039;ai Lu. Un roman sur la crise de la cinquantaine.\" \/>\n<meta property=\"og:url\" content=\"http:\/\/smallthings.fr\/lespetitslivres\/2014\/03\/10\/david-foenkinos-la-tete-de-lemploi\/\" \/>\n<meta property=\"og:site_name\" content=\"Les Petits Livres\" \/>\n<meta property=\"article:published_time\" content=\"2014-03-10T14:07:57+00:00\" \/>\n<meta property=\"article:modified_time\" content=\"2015-11-02T12:32:10+00:00\" \/>\n<meta name=\"author\" content=\"Claire\" \/>\n<meta name=\"twitter:card\" content=\"summary_large_image\" \/>\n<meta name=\"twitter:label1\" content=\"\u00c9crit par\" \/>\n\t<meta name=\"twitter:data1\" content=\"Claire\" \/>\n\t<meta name=\"twitter:label2\" content=\"Dur\u00e9e de lecture estim\u00e9e\" \/>\n\t<meta name=\"twitter:data2\" content=\"3 minutes\" \/>\n<script type=\"application\/ld+json\" class=\"yoast-schema-graph\">{\"@context\":\"https:\/\/schema.org\",\"@graph\":[{\"@type\":\"WebPage\",\"@id\":\"http:\/\/smallthings.fr\/lespetitslivres\/2014\/03\/10\/david-foenkinos-la-tete-de-lemploi\/\",\"url\":\"http:\/\/smallthings.fr\/lespetitslivres\/2014\/03\/10\/david-foenkinos-la-tete-de-lemploi\/\",\"name\":\"David Foenkinos - La t\u00eate de l'emploi - | SMALL THINGS |\",\"isPartOf\":{\"@id\":\"https:\/\/smallthings.fr\/lespetitslivres\/#website\"},\"datePublished\":\"2014-03-10T14:07:57+00:00\",\"dateModified\":\"2015-11-02T12:32:10+00:00\",\"author\":{\"@id\":\"https:\/\/smallthings.fr\/lespetitslivres\/#\/schema\/person\/504d603cacfe064fe039dfa03a8b7918\"},\"description\":\"Le dernier roman de David Foenkinos, La t\u00eate de l'emploi, est sorti le 8 janvier dernier aux \u00e9ditions J'ai Lu. Un roman sur la crise de la cinquantaine.\",\"breadcrumb\":{\"@id\":\"http:\/\/smallthings.fr\/lespetitslivres\/2014\/03\/10\/david-foenkinos-la-tete-de-lemploi\/#breadcrumb\"},\"inLanguage\":\"fr-FR\",\"potentialAction\":[{\"@type\":\"ReadAction\",\"target\":[\"http:\/\/smallthings.fr\/lespetitslivres\/2014\/03\/10\/david-foenkinos-la-tete-de-lemploi\/\"]}]},{\"@type\":\"BreadcrumbList\",\"@id\":\"http:\/\/smallthings.fr\/lespetitslivres\/2014\/03\/10\/david-foenkinos-la-tete-de-lemploi\/#breadcrumb\",\"itemListElement\":[{\"@type\":\"ListItem\",\"position\":1,\"name\":\"Accueil\",\"item\":\"https:\/\/smallthings.fr\/lespetitslivres\/\"},{\"@type\":\"ListItem\",\"position\":2,\"name\":\"David Foenkinos &#8211; La t\u00eate de l&#8217;emploi\"}]},{\"@type\":\"WebSite\",\"@id\":\"https:\/\/smallthings.fr\/lespetitslivres\/#website\",\"url\":\"https:\/\/smallthings.fr\/lespetitslivres\/\",\"name\":\"Les Petits Livres\",\"description\":\"by Small Things\",\"potentialAction\":[{\"@type\":\"SearchAction\",\"target\":{\"@type\":\"EntryPoint\",\"urlTemplate\":\"https:\/\/smallthings.fr\/lespetitslivres\/?s={search_term_string}\"},\"query-input\":\"required name=search_term_string\"}],\"inLanguage\":\"fr-FR\"},{\"@type\":\"Person\",\"@id\":\"https:\/\/smallthings.fr\/lespetitslivres\/#\/schema\/person\/504d603cacfe064fe039dfa03a8b7918\",\"name\":\"Claire\",\"image\":{\"@type\":\"ImageObject\",\"inLanguage\":\"fr-FR\",\"@id\":\"https:\/\/smallthings.fr\/lespetitslivres\/#\/schema\/person\/image\/\",\"url\":\"https:\/\/secure.gravatar.com\/avatar\/9a85ff83d76b3eb17b8cae208640786e?s=96&d=retro&r=g\",\"contentUrl\":\"https:\/\/secure.gravatar.com\/avatar\/9a85ff83d76b3eb17b8cae208640786e?s=96&d=retro&r=g\",\"caption\":\"Claire\"},\"url\":\"https:\/\/smallthings.fr\/lespetitslivres\/author\/claire\/\"}]}<\/script>\n<!-- \/ Yoast SEO plugin. -->","yoast_head_json":{"title":"David Foenkinos - La t\u00eate de l'emploi - | SMALL THINGS |","description":"Le dernier roman de David Foenkinos, La t\u00eate de l'emploi, est sorti le 8 janvier dernier aux \u00e9ditions J'ai Lu. Un roman sur la crise de la cinquantaine.","robots":{"index":"index","follow":"follow","max-snippet":"max-snippet:-1","max-image-preview":"max-image-preview:large","max-video-preview":"max-video-preview:-1"},"canonical":"http:\/\/smallthings.fr\/lespetitslivres\/2014\/03\/10\/david-foenkinos-la-tete-de-lemploi\/","og_locale":"fr_FR","og_type":"article","og_title":"David Foenkinos - La t\u00eate de l'emploi - | SMALL THINGS |","og_description":"Le dernier roman de David Foenkinos, La t\u00eate de l'emploi, est sorti le 8 janvier dernier aux \u00e9ditions J'ai Lu. Un roman sur la crise de la cinquantaine.","og_url":"http:\/\/smallthings.fr\/lespetitslivres\/2014\/03\/10\/david-foenkinos-la-tete-de-lemploi\/","og_site_name":"Les Petits Livres","article_published_time":"2014-03-10T14:07:57+00:00","article_modified_time":"2015-11-02T12:32:10+00:00","author":"Claire","twitter_card":"summary_large_image","twitter_misc":{"\u00c9crit par":"Claire","Dur\u00e9e de lecture estim\u00e9e":"3 minutes"},"schema":{"@context":"https:\/\/schema.org","@graph":[{"@type":"WebPage","@id":"http:\/\/smallthings.fr\/lespetitslivres\/2014\/03\/10\/david-foenkinos-la-tete-de-lemploi\/","url":"http:\/\/smallthings.fr\/lespetitslivres\/2014\/03\/10\/david-foenkinos-la-tete-de-lemploi\/","name":"David Foenkinos - La t\u00eate de l'emploi - | SMALL THINGS |","isPartOf":{"@id":"https:\/\/smallthings.fr\/lespetitslivres\/#website"},"datePublished":"2014-03-10T14:07:57+00:00","dateModified":"2015-11-02T12:32:10+00:00","author":{"@id":"https:\/\/smallthings.fr\/lespetitslivres\/#\/schema\/person\/504d603cacfe064fe039dfa03a8b7918"},"description":"Le dernier roman de David Foenkinos, La t\u00eate de l'emploi, est sorti le 8 janvier dernier aux \u00e9ditions J'ai Lu. Un roman sur la crise de la cinquantaine.","breadcrumb":{"@id":"http:\/\/smallthings.fr\/lespetitslivres\/2014\/03\/10\/david-foenkinos-la-tete-de-lemploi\/#breadcrumb"},"inLanguage":"fr-FR","potentialAction":[{"@type":"ReadAction","target":["http:\/\/smallthings.fr\/lespetitslivres\/2014\/03\/10\/david-foenkinos-la-tete-de-lemploi\/"]}]},{"@type":"BreadcrumbList","@id":"http:\/\/smallthings.fr\/lespetitslivres\/2014\/03\/10\/david-foenkinos-la-tete-de-lemploi\/#breadcrumb","itemListElement":[{"@type":"ListItem","position":1,"name":"Accueil","item":"https:\/\/smallthings.fr\/lespetitslivres\/"},{"@type":"ListItem","position":2,"name":"David Foenkinos &#8211; La t\u00eate de l&#8217;emploi"}]},{"@type":"WebSite","@id":"https:\/\/smallthings.fr\/lespetitslivres\/#website","url":"https:\/\/smallthings.fr\/lespetitslivres\/","name":"Les Petits Livres","description":"by Small Things","potentialAction":[{"@type":"SearchAction","target":{"@type":"EntryPoint","urlTemplate":"https:\/\/smallthings.fr\/lespetitslivres\/?s={search_term_string}"},"query-input":"required name=search_term_string"}],"inLanguage":"fr-FR"},{"@type":"Person","@id":"https:\/\/smallthings.fr\/lespetitslivres\/#\/schema\/person\/504d603cacfe064fe039dfa03a8b7918","name":"Claire","image":{"@type":"ImageObject","inLanguage":"fr-FR","@id":"https:\/\/smallthings.fr\/lespetitslivres\/#\/schema\/person\/image\/","url":"https:\/\/secure.gravatar.com\/avatar\/9a85ff83d76b3eb17b8cae208640786e?s=96&d=retro&r=g","contentUrl":"https:\/\/secure.gravatar.com\/avatar\/9a85ff83d76b3eb17b8cae208640786e?s=96&d=retro&r=g","caption":"Claire"},"url":"https:\/\/smallthings.fr\/lespetitslivres\/author\/claire\/"}]}},"jetpack_featured_media_url":"","jetpack_sharing_enabled":true,"jetpack_shortlink":"https:\/\/wp.me\/p6Un21-35W","jetpack-related-posts":[{"id":12380,"url":"https:\/\/smallthings.fr\/lespetitslivres\/2014\/03\/24\/david-foenkinos-rencontre-salon-livre\/","url_meta":{"origin":11900,"position":0},"title":"David Foenkinos rencontre ses lecteurs au Salon du Livre","author":"Claire","date":"24 mars 2014","format":false,"excerpt":"SmallThings \u00e9tait \u00e0 la rencontre de David Foenkinos avec ses lecteurs dimanche au Salon du Livre de Paris. 1h d'\u00e9change, d'anecdotes et d'analyse de son dernier roman La t\u00eate de l'emploi. La gen\u00e8se du roman David Foenkinos, entour\u00e9 de deux \u00e9ditrices des \u00e9ditions J\u2019ai Lu, nous donne quelques pr\u00e9cisions sur\u2026","rel":"","context":"Dans &quot;Actu&quot;","block_context":{"text":"Actu","link":"https:\/\/smallthings.fr\/lespetitslivres\/category\/actu\/"},"img":{"alt_text":"foenkinos-rencontre","src":"https:\/\/i0.wp.com\/smallthings.fr\/wp-content\/uploads\/2014\/03\/foenkinos-rencontre.jpg?resize=350%2C200","width":350,"height":200},"classes":[]},{"id":17558,"url":"https:\/\/smallthings.fr\/lespetitslivres\/2014\/10\/17\/charlotte-david-foenkinos-renaudot\/","url_meta":{"origin":11900,"position":1},"title":"Charlotte : la claque de David Foenkinos &#8211; Prix Renaudot 2014","author":"Claire","date":"17 octobre 2014","format":false,"excerpt":"Charlotte, pour moi, c'est LE livre de la rentr\u00e9e litt\u00e9raire. Si je n'attendais Foenkinos, ni sur la rentr\u00e9e, ni sur ce cr\u00e9neau, je dois dire que j'ai \u00e9t\u00e9 bluff\u00e9e. Charlotte, c'est aussi son livre \u00e0 lui : \"c'est toute [s]a vie\", confesse-t-il. Tous les \u00e9crivains ont un livre \"fant\u00f4me\", celui\u2026","rel":"","context":"Dans &quot;Roman fran\u00e7ais&quot;","block_context":{"text":"Roman fran\u00e7ais","link":"https:\/\/smallthings.fr\/lespetitslivres\/category\/roman\/roman-francais\/"},"img":{"alt_text":"FRANCE-CULTURE-LITERATURE-FOENKINOS","src":"https:\/\/i0.wp.com\/smallthings.fr\/wp-content\/uploads\/2014\/10\/David-Foenkinos.jpg?resize=350%2C200","width":350,"height":200},"classes":[]},{"id":8666,"url":"https:\/\/smallthings.fr\/lespetitslivres\/2013\/10\/15\/matinale-litterature-courte\/","url_meta":{"origin":11900,"position":2},"title":"La matinale de la litt\u00e9rature courte","author":"Claire","date":"15 octobre 2013","format":false,"excerpt":"Ce matin a lieu la deuxi\u00e8me \u00e9dition de la Matinale de la litt\u00e9rature courte \u00e0 Paris, organis\u00e9e par Short \u00e9dition. Concours de cr\u00e9ation en live","rel":"","context":"Dans &quot;Num\u00e9rique et audio&quot;","block_context":{"text":"Num\u00e9rique et audio","link":"https:\/\/smallthings.fr\/lespetitslivres\/category\/numerique-audio\/"},"img":{"alt_text":"","src":"https:\/\/i0.wp.com\/uploads.smallthings.fr\/2013\/10\/Sh\u00c3\u00a9ma-Short-Edition-392x1024.jpg?resize=350%2C200","width":350,"height":200},"classes":[]},{"id":31160,"url":"https:\/\/smallthings.fr\/lespetitslivres\/2017\/07\/22\/livre-audio-harry-potter-audible\/","url_meta":{"origin":11900,"position":3},"title":"Vous avez lu et vu Harry Potter ? Maintenant, \u00e9coutez-le !","author":"Claire","date":"22 juillet 2017","format":false,"excerpt":"Les aventures d'Harry Potter sont disponibles en livre audio chez Audible pour notre plus grand bonheur. Une tr\u00e8s chouette mani\u00e8re de s'immerger dans l'univers, pour ceux qui ne les auraient jamais lus. Et pour les fans, qui ont lu et relu les livres, vu et revu les films, quoi de\u2026","rel":"","context":"Dans &quot;Num\u00e9rique et audio&quot;","block_context":{"text":"Num\u00e9rique et audio","link":"https:\/\/smallthings.fr\/lespetitslivres\/category\/numerique-audio\/"},"img":{"alt_text":"","src":"https:\/\/i0.wp.com\/smallthings.fr\/lespetitslivres\/wp-content\/uploads\/2017\/07\/harry-potter-livre-audio.jpg?resize=350%2C200&ssl=1","width":350,"height":200,"srcset":"https:\/\/i0.wp.com\/smallthings.fr\/lespetitslivres\/wp-content\/uploads\/2017\/07\/harry-potter-livre-audio.jpg?resize=350%2C200&ssl=1 1x, https:\/\/i0.wp.com\/smallthings.fr\/lespetitslivres\/wp-content\/uploads\/2017\/07\/harry-potter-livre-audio.jpg?resize=525%2C300&ssl=1 1.5x, https:\/\/i0.wp.com\/smallthings.fr\/lespetitslivres\/wp-content\/uploads\/2017\/07\/harry-potter-livre-audio.jpg?resize=700%2C400&ssl=1 2x, https:\/\/i0.wp.com\/smallthings.fr\/lespetitslivres\/wp-content\/uploads\/2017\/07\/harry-potter-livre-audio.jpg?resize=1050%2C600&ssl=1 3x"},"classes":[]},{"id":18432,"url":"https:\/\/smallthings.fr\/lespetitslivres\/2014\/11\/13\/wild-cards-g-r-r-martin-nouvelle-edition\/","url_meta":{"origin":11900,"position":4},"title":"Wild Cards : nouvelle \u00e9dition pr\u00e9sent\u00e9e par G.R.R. Martin","author":"Jennifer","date":"13 novembre 2014","format":false,"excerpt":"Cette nouvelle \u00e9dition de Wild Cards, parue chez J\u2019ai Lu le 24 septembre, est une anthologie de nouvelles et romans \u00e9cris par plusieurs auteurs et \u00e9dit\u00e9e, au d\u00e9part, par George R.R. Martin. Le th\u00e8me est assez simple\u00a0: un virus extra-terrestre arrive sur Terre et touche une grande partie de la\u2026","rel":"","context":"Dans &quot;Science-fiction&quot;","block_context":{"text":"Science-fiction","link":"https:\/\/smallthings.fr\/lespetitslivres\/category\/imaginaire\/science-fiction\/"},"img":{"alt_text":"","src":"https:\/\/i0.wp.com\/smallthings.fr\/wp-content\/uploads\/2014\/11\/Wild-Cards.jpg?resize=350%2C200","width":350,"height":200},"classes":[]},{"id":29830,"url":"https:\/\/smallthings.fr\/lespetitslivres\/2016\/04\/07\/renaissance-saga-anticipation-leteffait\/","url_meta":{"origin":11900,"position":5},"title":"Renaissance, la saga d&rsquo;anticipation de Denis Lereffait","author":"Jennifer","date":"7 avril 2016","format":false,"excerpt":"Soup\u00e7on est le premier tome de la s\u00e9rie Renaissance de Denis Lereffait. Sorti le 17 mars dernier aux \u00e9ditions Rebelle, ce roman nous entra\u00eene dans un futur o\u00f9 les jeunes de 10 \u00e0 18 ans vivent sans adultes et passent leur temps \u00e0 jouer. Lorsqu\u2019ils atteignent leur majorit\u00e9, ils doivent\u2026","rel":"","context":"Dans &quot;Young Adult&quot;","block_context":{"text":"Young Adult","link":"https:\/\/smallthings.fr\/lespetitslivres\/category\/young-adult\/"},"img":{"alt_text":"","src":"https:\/\/i0.wp.com\/smallthings.fr\/lespetitslivres\/wp-content\/uploads\/2016\/04\/renaissance-couv.jpg?resize=350%2C200&ssl=1","width":350,"height":200,"srcset":"https:\/\/i0.wp.com\/smallthings.fr\/lespetitslivres\/wp-content\/uploads\/2016\/04\/renaissance-couv.jpg?resize=350%2C200&ssl=1 1x, https:\/\/i0.wp.com\/smallthings.fr\/lespetitslivres\/wp-content\/uploads\/2016\/04\/renaissance-couv.jpg?resize=525%2C300&ssl=1 1.5x"},"classes":[]}],"_links":{"self":[{"href":"https:\/\/smallthings.fr\/lespetitslivres\/wp-json\/wp\/v2\/posts\/11900"}],"collection":[{"href":"https:\/\/smallthings.fr\/lespetitslivres\/wp-json\/wp\/v2\/posts"}],"about":[{"href":"https:\/\/smallthings.fr\/lespetitslivres\/wp-json\/wp\/v2\/types\/post"}],"author":[{"embeddable":true,"href":"https:\/\/smallthings.fr\/lespetitslivres\/wp-json\/wp\/v2\/users\/2"}],"replies":[{"embeddable":true,"href":"https:\/\/smallthings.fr\/lespetitslivres\/wp-json\/wp\/v2\/comments?post=11900"}],"version-history":[{"count":1,"href":"https:\/\/smallthings.fr\/lespetitslivres\/wp-json\/wp\/v2\/posts\/11900\/revisions"}],"predecessor-version":[{"id":28899,"href":"https:\/\/smallthings.fr\/lespetitslivres\/wp-json\/wp\/v2\/posts\/11900\/revisions\/28899"}],"wp:featuredmedia":[{"embeddable":true,"href":"https:\/\/smallthings.fr\/lespetitslivres\/wp-json\/"}],"wp:attachment":[{"href":"https:\/\/smallthings.fr\/lespetitslivres\/wp-json\/wp\/v2\/media?parent=11900"}],"wp:term":[{"taxonomy":"category","embeddable":true,"href":"https:\/\/smallthings.fr\/lespetitslivres\/wp-json\/wp\/v2\/categories?post=11900"},{"taxonomy":"post_tag","embeddable":true,"href":"https:\/\/smallthings.fr\/lespetitslivres\/wp-json\/wp\/v2\/tags?post=11900"}],"curies":[{"name":"wp","href":"https:\/\/api.w.org\/{rel}","templated":true}]}}