{"id":10807,"date":"2014-02-11T11:07:13","date_gmt":"2014-02-11T10:07:13","guid":{"rendered":"http:\/\/smallthings.fr\/?post_type=os_livre&#038;p=10807"},"modified":"2015-11-02T13:32:28","modified_gmt":"2015-11-02T12:32:28","slug":"vies-paralleles-greta-wells-greer-avis","status":"publish","type":"post","link":"https:\/\/smallthings.fr\/lespetitslivres\/2014\/02\/11\/vies-paralleles-greta-wells-greer-avis\/","title":{"rendered":"Les vies parall\u00e8les de Greta Wells &#8211; Andrew Sean Greer"},"content":{"rendered":"<h2><em>Les vies parall\u00e8les de Greta Wells<\/em> d&rsquo;Andrew Sean Greer vient de sortir aux \u00e9ditions de l&rsquo;Olivier. Apr\u00e8s avoir suivi les cours de \u00ab\u00a0creative writing\u00a0\u00bb d&rsquo;Edmund White et Robert Coover, Andrew Sean Greer a publi\u00e9 dans des revues telles que <em>Esquire<\/em>,\u00a0puis publi\u00e9 notamment <i>L\u2019Histoire d\u2019un mariage<\/i> en 2009. <em>Les vies parall\u00e8les de Greta Wells<\/em> est sorti en 2013 aux Etats-Unis.<\/h2>\n<p><a href=\"http:\/\/smallthings.fr\/livre\/vies-paralleles-greta-wells-greer-avis\/vies-paralleles-greta-wells\/\" rel=\"attachment wp-att-10927\"><img loading=\"lazy\" decoding=\"async\" class=\"alignleft  wp-image-10927\" alt=\"vies-parall\u00e8les-greta-wells\" src=\"http:\/\/uploads.smallthings.fr\/2014\/01\/vies-parall\u00e8les-greta-wells.jpg\" width=\"255\" height=\"347\" \/><\/a>New York, 1985. Greta vient de perdre son fr\u00e8re jumeau F\u00e9lix, son \u00e2me soeur, son meilleur ami, mort du sida. Elle doit \u00e9galement faire face au d\u00e9part de son petit-ami Nathan, qui ne supporte plus tout ce malheur. Soutenue par sa tante Ruth, sa confidente, Greta d\u00e9cide de subir un traitement d&rsquo;\u00e9lectrochocs, en esp\u00e9rant que cela pourra l&rsquo;aider \u00e0 surmonter sa d\u00e9pression<strong>. <\/strong>Ces s\u00e9ances vont lui permettre de<strong> voyager dans le temps : des allers-retours entre 1918, 1941 et 1985, dans les corps de diff\u00e9rentes versions d&rsquo;elle-m\u00eame<\/strong>. Les Greta de 1918 et 1941 sont mari\u00e9es \u00e0 Nathan, celle de 1941 a m\u00eame un fils avec lui. Et F\u00e9lix est toujours vivant dans les deux autres mondes. Pass\u00e9e la surprise, Greta se demande la raison de ces voyages, et si elle est cens\u00e9e en faire quelque chose. Elle profitera aussi de ses \u00ab\u00a0retrouvailles\u00a0\u00bb avec son fr\u00e8re et Nathan, car elle sait que ces visites dans les \u00ab\u00a0autres mondes\u00a0\u00bb sont compt\u00e9es.<\/p>\n<p>Pour choisir les romans que je vais critiquer, je me fie g\u00e9n\u00e9ralement \u00e0 mon instinct : un bel article de presse, le r\u00e9sum\u00e9 d&rsquo;une histoire qui fait \u00e9cho \u00e0 quelque chose de familier, qui me rend curieuse. C&rsquo;est ainsi que j&rsquo;ai choisi <em>Les vies parall\u00e8les de Greta Wells<\/em>, que les \u00e9ditions de l&rsquo;Olivier m&rsquo;ont envoy\u00e9es. Imm\u00e9diatement, comme cela m&rsquo;arrive parfois, le ton de l&rsquo;auteur m&rsquo;a de suite accroch\u00e9. Cette mani\u00e8re presque innocente, d&rsquo;une neutralit\u00e9 assum\u00e9e, de raconter \u00e0 la premi\u00e8re personne l&rsquo;histoire de Greta, et lui faire \u00e9noncer <strong>des phrases sur le sens de la vie et de l&rsquo;amour, qui ont \u00e9t\u00e9 pour moi de vrais moments de gr\u00e2ce<\/strong>.<\/p>\n<blockquote><p>\u00ab\u00a0[&#8230;] en revenant \u00e0 la vie, les morts conservent aussi ce qui ne nous manquera jamais chez eux. Les plats rat\u00e9s, les retard perp\u00e9tuels, les coups de t\u00e9l\u00e9phone qui ne terminent pas par un \u00ab\u00a0Je t&rsquo;aime\u00a0\u00bb. Ils ne sont pas meilleurs ; ils sont simplement de retour.\u00a0\u00bb<\/p><\/blockquote>\n<div id=\"attachment_10904\" style=\"width: 301px\" class=\"wp-caption alignright\"><a href=\"http:\/\/smallthings.fr\/livre\/vies-paralleles-greta-wells-greer-avis\/new-york-1918\/\" rel=\"attachment wp-att-10904\"><img loading=\"lazy\" decoding=\"async\" aria-describedby=\"caption-attachment-10904\" class=\" wp-image-10904\" alt=\"New York en 1918, o\u00f9 se d\u00e9roulent certaines sc\u00e8nes de &quot;Les Vies parall\u00e8les de Greta Wells&quot;.\" src=\"http:\/\/uploads.smallthings.fr\/2014\/01\/new-york-1918-602x800.jpg\" width=\"291\" height=\"386\" \/><\/a><p id=\"caption-attachment-10904\" class=\"wp-caption-text\">New York en 1918, o\u00f9 se d\u00e9roulent certaines sc\u00e8nes de \u00ab\u00a0Les Vies parall\u00e8les de Greta Wells\u00a0\u00bb.<\/p><\/div>\n<p>Par l&rsquo;interm\u00e9diaire des allers-retours dans le temps de son h\u00e9ro\u00efne, Andrew Sean Greer se lance dans <strong>une fresque grossi\u00e8re\u00a0du XX\u00e8me si\u00e8cle<\/strong>. Alors que la Greta de 1985 voit ses proches d\u00e9cim\u00e9s par le sida, celle de 1918 va vivre l&rsquo;annonce de la fin de la Premi\u00e8re Guerre Mondiale,\u00a0et ressentir une joie toute relative,\u00a0puisqu&rsquo;elle sait qu&rsquo;un nouveau conflit mondial \u00e9clatera vingt ans plus tard. On sent la volont\u00e9 de l&rsquo;auteur de peindre des moments plut\u00f4t que de r\u00e9elles descriptions de chaque \u00e9poque. Andrew Sean Greer se contente de raconter ce que voit Greta : l&rsquo;horizon new-yorkais aux fum\u00e9es industrielles, une f\u00eate de quartier, les v\u00eatements d&rsquo;\u00e9poque, quelques pr\u00e9cisions de m\u0153urs sociales&#8230; Sans plus. Il faut bien avoir en t\u00eate que d\u00e9crire ces \u00e9poques historiques n&rsquo;est pas le but, ni le centre, des<em> Vies parall\u00e8les de Greta Wells<\/em>. Certains lecteurs pourront peut-\u00eatre le regretter, consid\u00e9rant que l&rsquo;auteur aurait pu se contenter d&rsquo;\u00e9poques moins \u00ab\u00a0cl\u00e9s\u00a0\u00bb.<\/p>\n<p><em>Les vies parall\u00e8les de Greta Wells<\/em> est en anglais <em>The Impossible Lives of Greta Wells. <\/em>Un titre beaucoup plus \u00e9vocateur de la dimension philosophique du roman. Greta sait que ces passages dans ses vies parall\u00e8les sont \u00e9ph\u00e9m\u00e8res et qu&rsquo;ils se termineront \u00e0 la fin de ses s\u00e9ances d&rsquo;\u00e9lectrochocs. <strong>Au fur et \u00e0 mesure qu&rsquo;elle apprend \u00e0 conna\u00eetre ses autres existences, elle se rend compte qu&rsquo;elles ne sont dans l&rsquo;absolu pas si diff\u00e9rentes de sa vie \u00ab\u00a0r\u00e9elle\u00a0\u00bb<\/strong>. F\u00e9lix et Nathan sont toujours aupr\u00e8s d&rsquo;elle, mais dans le mensonge. F\u00e9lix ne peut pas vivre au grand jour son amour pour les hommes, quant \u00e0 Nathan, lui et Greta se trompent mutuellement : avec Leo en 1918, avec une autre femme en 1941. Cependant, dans les faits, les Gretas ne r\u00e9agissent pas pareil devant les \u00e9v\u00e9nements : alors qu&rsquo;une manquera de courage, l&rsquo;autre en aura \u00e0 revendre, et ainsi de suite&#8230; C&rsquo;est ainsi qu&rsquo;une Greta aura repris contact avec le Nathan de 1985, alors que la Greta de 1985 en \u00e9tait incapable&#8230;<\/p>\n<p>A la fin des <em>Vies parall\u00e8les de Greta Wells<\/em>, l&rsquo;auteur op\u00e8re une acc\u00e9l\u00e9ration<em><\/em>. On y voit une volont\u00e9 de m\u00ealer davantage les \u00e9poques. <strong>Greta ne sait plus vraiment quelle Greta elle est, et nous non plus<\/strong>. Les F\u00e9lix et les Nathan se m\u00e9langent aussi. Alors que les descriptions physiques des personnages ne perdent pas en pr\u00e9cision, on se perd dans cette tentative de les distinguer tous, qui ne r\u00e9siste pas \u00e0 l&rsquo;acc\u00e9l\u00e9ration de l&rsquo;histoire et le raccourcissement des chapitres. C&rsquo;est finalement la morale de l&rsquo;histoire, qui peut para\u00eetre simpliste mais qui a une efficacit\u00e9 redoutable \u00e0 la lumi\u00e8re de ces allers-retours dans le temps, que je laisse l&rsquo;auteur vous expliquer ci-dessous :<\/p>\n<blockquote><p>\u00ab\u00a0On inventera peut-\u00eatre un jour un appareil photo capable de saisir, le moi fugitif &#8211; pas l&rsquo;\u00e2me, le moi &#8211; et nous pourrons alors vraiment voir lequel nous \u00e9tions, un certain jour, et rep\u00e9rer les vies changeantes que nous menons et dont nous pr\u00e9tendons qu&rsquo;elles n&rsquo;appartiennent qu&rsquo;\u00e0 une seule personne. Pourquoi est-il impossible de croire que nous avons autant de t\u00eates que les monstres, autant de bras que les dieux, autant de c\u0153urs que les anges ?\u00a0\u00bb<\/p><\/blockquote>\n<div id=\"attachment_11204\" style=\"width: 379px\" class=\"wp-caption aligncenter\"><a href=\"http:\/\/smallthings.fr\/livre\/vies-paralleles-greta-wells-greer-avis\/andrew-sean-greer-2\/\" rel=\"attachment wp-att-11204\"><img loading=\"lazy\" decoding=\"async\" aria-describedby=\"caption-attachment-11204\" class=\" wp-image-11204\" alt=\"Andrew Sean Greer\" src=\"http:\/\/uploads.smallthings.fr\/2014\/02\/andrew-sean-greer1-800x648.jpg\" width=\"369\" height=\"298\" \/><\/a><p id=\"caption-attachment-11204\" class=\"wp-caption-text\">Andrew Sean Greer<\/p><\/div>\n<p style=\"text-align: center;\"><a href=\"http:\/\/andrewgreer.com\/\" target=\"_blank\">Le site de l&rsquo;auteur<\/a><\/p>\n<blockquote><p>\u00ab\u00a0Jamais je n&rsquo;aurais cru que je pleurerais encore devant lui. pas apr\u00e8s ce qu&rsquo;il m&rsquo;avait fait subir dans mon monde. Il y a ce que vous esp\u00e9rez et puis, au-del\u00e0, comme un troph\u00e9e sous cl\u00e9 et hors de port\u00e9e dans une vitrine, il y a la chose que vous n&rsquo;osez esp\u00e9rer. L&rsquo;obtenir sans s&rsquo;y attendre, sans pr\u00e9avis et &#8211; pire que tout &#8211; sans le m\u00e9riter en quoi que ce soit transforme le monde en un lieu surnaturel. Un lieu dans lequel les pri\u00e8res ne sont pas exauc\u00e9es ni les torts r\u00e9par\u00e9s, o\u00f9 les \u00e9quilibres sont rompus et les sanctions et les r\u00e9compenses distribu\u00e9es au hasard [&#8230;]\u00a0\u00bb<\/p><\/blockquote>\n","protected":false},"excerpt":{"rendered":"<p>Les vies parall\u00e8les de Greta Wells d&rsquo;Andrew Sean Greer vient de sortir aux \u00e9ditions de l&rsquo;Olivier. Andrew Sean Greer vit \u00e0 San Franciso. Apr\u00e8s avoir suivi les cours de \u00ab\u00a0creative writing\u00a0\u00bb d&rsquo;Edmund White et Robert Coover, il a publi\u00e9 dans des revues telles que Esquire, puis publi\u00e9 notamment L\u2019Histoire d\u2019un mariage en 2009. Les vies parall\u00e8les de Greta Wells est sorti en 2013 aux Etats-Unis. <\/p>\n","protected":false},"author":2,"featured_media":10808,"comment_status":"open","ping_status":"open","sticky":false,"template":"","format":"standard","meta":{"jetpack_post_was_ever_published":false,"_jetpack_newsletter_access":"","_jetpack_newsletter_tier_id":0,"footnotes":"","jetpack_publicize_message":"","jetpack_is_tweetstorm":false,"jetpack_publicize_feature_enabled":true,"jetpack_social_post_already_shared":true,"jetpack_social_options":{"image_generator_settings":{"template":"highway","enabled":false}}},"categories":[1118],"tags":[605,606],"jetpack_publicize_connections":[],"yoast_head":"<!-- This site is optimized with the Yoast SEO plugin v21.5 - https:\/\/yoast.com\/wordpress\/plugins\/seo\/ -->\n<title>Les vies parall\u00e8les de Greta Wells - Andrew Sean Greer<\/title>\n<meta name=\"description\" content=\"Les vies parall\u00e8les de Greta Wells d&#039;Andrew Sean Greer, publi\u00e9 en 2013 aux Etats-Unis, vient de sortir aux \u00e9ditions de l&#039;Olivier. Critique\" \/>\n<meta name=\"robots\" content=\"index, follow, max-snippet:-1, max-image-preview:large, max-video-preview:-1\" \/>\n<link rel=\"canonical\" href=\"https:\/\/smallthings.fr\/lespetitslivres\/2014\/02\/11\/vies-paralleles-greta-wells-greer-avis\/\" \/>\n<meta property=\"og:locale\" content=\"fr_FR\" \/>\n<meta property=\"og:type\" content=\"article\" \/>\n<meta property=\"og:title\" content=\"Les vies parall\u00e8les de Greta Wells - Andrew Sean Greer\" \/>\n<meta property=\"og:description\" content=\"Les vies parall\u00e8les de Greta Wells d&#039;Andrew Sean Greer, publi\u00e9 en 2013 aux Etats-Unis, vient de sortir aux \u00e9ditions de l&#039;Olivier. Critique\" \/>\n<meta property=\"og:url\" content=\"https:\/\/smallthings.fr\/lespetitslivres\/2014\/02\/11\/vies-paralleles-greta-wells-greer-avis\/\" \/>\n<meta property=\"og:site_name\" content=\"Les Petits Livres\" \/>\n<meta property=\"article:published_time\" content=\"2014-02-11T10:07:13+00:00\" \/>\n<meta property=\"article:modified_time\" content=\"2015-11-02T12:32:28+00:00\" \/>\n<meta name=\"author\" content=\"Claire\" \/>\n<meta name=\"twitter:card\" content=\"summary_large_image\" \/>\n<meta name=\"twitter:label1\" content=\"\u00c9crit par\" \/>\n\t<meta name=\"twitter:data1\" content=\"Claire\" \/>\n\t<meta name=\"twitter:label2\" content=\"Dur\u00e9e de lecture estim\u00e9e\" \/>\n\t<meta name=\"twitter:data2\" content=\"6 minutes\" \/>\n<script type=\"application\/ld+json\" class=\"yoast-schema-graph\">{\"@context\":\"https:\/\/schema.org\",\"@graph\":[{\"@type\":\"WebPage\",\"@id\":\"https:\/\/smallthings.fr\/lespetitslivres\/2014\/02\/11\/vies-paralleles-greta-wells-greer-avis\/\",\"url\":\"https:\/\/smallthings.fr\/lespetitslivres\/2014\/02\/11\/vies-paralleles-greta-wells-greer-avis\/\",\"name\":\"Les vies parall\u00e8les de Greta Wells - Andrew Sean Greer\",\"isPartOf\":{\"@id\":\"https:\/\/smallthings.fr\/lespetitslivres\/#website\"},\"datePublished\":\"2014-02-11T10:07:13+00:00\",\"dateModified\":\"2015-11-02T12:32:28+00:00\",\"author\":{\"@id\":\"https:\/\/smallthings.fr\/lespetitslivres\/#\/schema\/person\/504d603cacfe064fe039dfa03a8b7918\"},\"description\":\"Les vies parall\u00e8les de Greta Wells d'Andrew Sean Greer, publi\u00e9 en 2013 aux Etats-Unis, vient de sortir aux \u00e9ditions de l'Olivier. Critique\",\"breadcrumb\":{\"@id\":\"https:\/\/smallthings.fr\/lespetitslivres\/2014\/02\/11\/vies-paralleles-greta-wells-greer-avis\/#breadcrumb\"},\"inLanguage\":\"fr-FR\",\"potentialAction\":[{\"@type\":\"ReadAction\",\"target\":[\"https:\/\/smallthings.fr\/lespetitslivres\/2014\/02\/11\/vies-paralleles-greta-wells-greer-avis\/\"]}]},{\"@type\":\"BreadcrumbList\",\"@id\":\"https:\/\/smallthings.fr\/lespetitslivres\/2014\/02\/11\/vies-paralleles-greta-wells-greer-avis\/#breadcrumb\",\"itemListElement\":[{\"@type\":\"ListItem\",\"position\":1,\"name\":\"Accueil\",\"item\":\"https:\/\/smallthings.fr\/lespetitslivres\/\"},{\"@type\":\"ListItem\",\"position\":2,\"name\":\"Les vies parall\u00e8les de Greta Wells &#8211; Andrew Sean Greer\"}]},{\"@type\":\"WebSite\",\"@id\":\"https:\/\/smallthings.fr\/lespetitslivres\/#website\",\"url\":\"https:\/\/smallthings.fr\/lespetitslivres\/\",\"name\":\"Les Petits Livres\",\"description\":\"by Small Things\",\"potentialAction\":[{\"@type\":\"SearchAction\",\"target\":{\"@type\":\"EntryPoint\",\"urlTemplate\":\"https:\/\/smallthings.fr\/lespetitslivres\/?s={search_term_string}\"},\"query-input\":\"required name=search_term_string\"}],\"inLanguage\":\"fr-FR\"},{\"@type\":\"Person\",\"@id\":\"https:\/\/smallthings.fr\/lespetitslivres\/#\/schema\/person\/504d603cacfe064fe039dfa03a8b7918\",\"name\":\"Claire\",\"image\":{\"@type\":\"ImageObject\",\"inLanguage\":\"fr-FR\",\"@id\":\"https:\/\/smallthings.fr\/lespetitslivres\/#\/schema\/person\/image\/\",\"url\":\"https:\/\/secure.gravatar.com\/avatar\/9a85ff83d76b3eb17b8cae208640786e?s=96&d=retro&r=g\",\"contentUrl\":\"https:\/\/secure.gravatar.com\/avatar\/9a85ff83d76b3eb17b8cae208640786e?s=96&d=retro&r=g\",\"caption\":\"Claire\"},\"url\":\"https:\/\/smallthings.fr\/lespetitslivres\/author\/claire\/\"}]}<\/script>\n<!-- \/ Yoast SEO plugin. -->","yoast_head_json":{"title":"Les vies parall\u00e8les de Greta Wells - Andrew Sean Greer","description":"Les vies parall\u00e8les de Greta Wells d'Andrew Sean Greer, publi\u00e9 en 2013 aux Etats-Unis, vient de sortir aux \u00e9ditions de l'Olivier. Critique","robots":{"index":"index","follow":"follow","max-snippet":"max-snippet:-1","max-image-preview":"max-image-preview:large","max-video-preview":"max-video-preview:-1"},"canonical":"https:\/\/smallthings.fr\/lespetitslivres\/2014\/02\/11\/vies-paralleles-greta-wells-greer-avis\/","og_locale":"fr_FR","og_type":"article","og_title":"Les vies parall\u00e8les de Greta Wells - Andrew Sean Greer","og_description":"Les vies parall\u00e8les de Greta Wells d'Andrew Sean Greer, publi\u00e9 en 2013 aux Etats-Unis, vient de sortir aux \u00e9ditions de l'Olivier. Critique","og_url":"https:\/\/smallthings.fr\/lespetitslivres\/2014\/02\/11\/vies-paralleles-greta-wells-greer-avis\/","og_site_name":"Les Petits Livres","article_published_time":"2014-02-11T10:07:13+00:00","article_modified_time":"2015-11-02T12:32:28+00:00","author":"Claire","twitter_card":"summary_large_image","twitter_misc":{"\u00c9crit par":"Claire","Dur\u00e9e de lecture estim\u00e9e":"6 minutes"},"schema":{"@context":"https:\/\/schema.org","@graph":[{"@type":"WebPage","@id":"https:\/\/smallthings.fr\/lespetitslivres\/2014\/02\/11\/vies-paralleles-greta-wells-greer-avis\/","url":"https:\/\/smallthings.fr\/lespetitslivres\/2014\/02\/11\/vies-paralleles-greta-wells-greer-avis\/","name":"Les vies parall\u00e8les de Greta Wells - Andrew Sean Greer","isPartOf":{"@id":"https:\/\/smallthings.fr\/lespetitslivres\/#website"},"datePublished":"2014-02-11T10:07:13+00:00","dateModified":"2015-11-02T12:32:28+00:00","author":{"@id":"https:\/\/smallthings.fr\/lespetitslivres\/#\/schema\/person\/504d603cacfe064fe039dfa03a8b7918"},"description":"Les vies parall\u00e8les de Greta Wells d'Andrew Sean Greer, publi\u00e9 en 2013 aux Etats-Unis, vient de sortir aux \u00e9ditions de l'Olivier. Critique","breadcrumb":{"@id":"https:\/\/smallthings.fr\/lespetitslivres\/2014\/02\/11\/vies-paralleles-greta-wells-greer-avis\/#breadcrumb"},"inLanguage":"fr-FR","potentialAction":[{"@type":"ReadAction","target":["https:\/\/smallthings.fr\/lespetitslivres\/2014\/02\/11\/vies-paralleles-greta-wells-greer-avis\/"]}]},{"@type":"BreadcrumbList","@id":"https:\/\/smallthings.fr\/lespetitslivres\/2014\/02\/11\/vies-paralleles-greta-wells-greer-avis\/#breadcrumb","itemListElement":[{"@type":"ListItem","position":1,"name":"Accueil","item":"https:\/\/smallthings.fr\/lespetitslivres\/"},{"@type":"ListItem","position":2,"name":"Les vies parall\u00e8les de Greta Wells &#8211; Andrew Sean Greer"}]},{"@type":"WebSite","@id":"https:\/\/smallthings.fr\/lespetitslivres\/#website","url":"https:\/\/smallthings.fr\/lespetitslivres\/","name":"Les Petits Livres","description":"by Small Things","potentialAction":[{"@type":"SearchAction","target":{"@type":"EntryPoint","urlTemplate":"https:\/\/smallthings.fr\/lespetitslivres\/?s={search_term_string}"},"query-input":"required name=search_term_string"}],"inLanguage":"fr-FR"},{"@type":"Person","@id":"https:\/\/smallthings.fr\/lespetitslivres\/#\/schema\/person\/504d603cacfe064fe039dfa03a8b7918","name":"Claire","image":{"@type":"ImageObject","inLanguage":"fr-FR","@id":"https:\/\/smallthings.fr\/lespetitslivres\/#\/schema\/person\/image\/","url":"https:\/\/secure.gravatar.com\/avatar\/9a85ff83d76b3eb17b8cae208640786e?s=96&d=retro&r=g","contentUrl":"https:\/\/secure.gravatar.com\/avatar\/9a85ff83d76b3eb17b8cae208640786e?s=96&d=retro&r=g","caption":"Claire"},"url":"https:\/\/smallthings.fr\/lespetitslivres\/author\/claire\/"}]}},"jetpack_featured_media_url":"","jetpack_sharing_enabled":true,"jetpack_shortlink":"https:\/\/wp.me\/p6Un21-2Oj","jetpack-related-posts":[{"id":31386,"url":"https:\/\/smallthings.fr\/lespetitslivres\/2017\/11\/15\/nos-annees-paralleles-stephane-corbin\/","url_meta":{"origin":10807,"position":0},"title":"Nos ann\u00e9es parall\u00e8les de St\u00e9phane Corbin : voix entrecrois\u00e9es d&rsquo;une m\u00e8re et son fils","author":"Paulo","date":"15 novembre 2017","format":false,"excerpt":"Nos ann\u00e9es parall\u00e8les est le premier livre de St\u00e9phane Corbin, p\u00e8re du collectif \"les funambules\". Il raconte avec ses mots une partie de sa vie, en m\u00e9langeant savamment le r\u00e9cit tant\u00f4t de son point de vue, tant\u00f4t du point de vue de sa m\u00e8re. Cet ouvrage vient de para\u00eetre aux\u2026","rel":"","context":"Dans &quot;Roman fran\u00e7ais&quot;","block_context":{"text":"Roman fran\u00e7ais","link":"https:\/\/smallthings.fr\/lespetitslivres\/category\/roman\/roman-francais\/"},"img":{"alt_text":"","src":"https:\/\/i0.wp.com\/smallthings.fr\/lespetitslivres\/wp-content\/uploads\/2017\/11\/nos-annees-paralleles-cover.jpg?resize=350%2C200&ssl=1","width":350,"height":200,"srcset":"https:\/\/i0.wp.com\/smallthings.fr\/lespetitslivres\/wp-content\/uploads\/2017\/11\/nos-annees-paralleles-cover.jpg?resize=350%2C200&ssl=1 1x, https:\/\/i0.wp.com\/smallthings.fr\/lespetitslivres\/wp-content\/uploads\/2017\/11\/nos-annees-paralleles-cover.jpg?resize=525%2C300&ssl=1 1.5x"},"classes":[]},{"id":30117,"url":"https:\/\/smallthings.fr\/lespetitslivres\/2016\/07\/03\/j-ai-quelque-chose-a-te-dire-critique\/","url_meta":{"origin":10807,"position":1},"title":"J&rsquo;ai quelque chose \u00e0 te dire : l&rsquo;amour, la mode et la mort","author":"Rebecca","date":"3 juillet 2016","format":false,"excerpt":"J'ai quelque chose \u00e0 te dire d'Anne de Bourbon-Siciles vient de para\u00eetre aux \u00e9ditions de l'Archipel. Il s'agit du deuxi\u00e8me roman de l'auteure, apr\u00e8s son tr\u00e8s remarqu\u00e9 Chant du Pipiri. La couverture du livre montre une jeune femme blonde qui sourit face au soleil, avec en toile de fond un\u2026","rel":"","context":"Dans &quot;Roman fran\u00e7ais&quot;","block_context":{"text":"Roman fran\u00e7ais","link":"https:\/\/smallthings.fr\/lespetitslivres\/category\/roman\/roman-francais\/"},"img":{"alt_text":"","src":"https:\/\/i0.wp.com\/smallthings.fr\/lespetitslivres\/wp-content\/uploads\/2016\/07\/j-ai-quelque-chose-a-te-dire-couv.jpg?resize=350%2C200&ssl=1","width":350,"height":200,"srcset":"https:\/\/i0.wp.com\/smallthings.fr\/lespetitslivres\/wp-content\/uploads\/2016\/07\/j-ai-quelque-chose-a-te-dire-couv.jpg?resize=350%2C200&ssl=1 1x, https:\/\/i0.wp.com\/smallthings.fr\/lespetitslivres\/wp-content\/uploads\/2016\/07\/j-ai-quelque-chose-a-te-dire-couv.jpg?resize=525%2C300&ssl=1 1.5x, https:\/\/i0.wp.com\/smallthings.fr\/lespetitslivres\/wp-content\/uploads\/2016\/07\/j-ai-quelque-chose-a-te-dire-couv.jpg?resize=700%2C400&ssl=1 2x"},"classes":[]},{"id":29643,"url":"https:\/\/smallthings.fr\/lespetitslivres\/2016\/03\/02\/alfie-ami-pour-la-vie-critique\/","url_meta":{"origin":10807,"position":2},"title":"Alfie un ami pour la vie : pause douceur","author":"Lola","date":"2 mars 2016","format":false,"excerpt":"Alfie est de retour ! City Editions r\u00e9cidive et publie la suite des aventures du petit chat qui a s\u00e9duit la France avec\u00a0Alfie un ami pour la vie.\u00a0Un roman d\u00e9tente, simple \u00e0 lire, \u00e0 prendre comme tel. Une lecture doudou pour weekend sous la couette ! Alfie est un chat\u2026","rel":"","context":"Dans &quot;Roman fran\u00e7ais&quot;","block_context":{"text":"Roman fran\u00e7ais","link":"https:\/\/smallthings.fr\/lespetitslivres\/category\/roman\/roman-francais\/"},"img":{"alt_text":"","src":"https:\/\/i0.wp.com\/smallthings.fr\/lespetitslivres\/wp-content\/uploads\/2016\/02\/alfie.jpg?resize=350%2C200&ssl=1","width":350,"height":200,"srcset":"https:\/\/i0.wp.com\/smallthings.fr\/lespetitslivres\/wp-content\/uploads\/2016\/02\/alfie.jpg?resize=350%2C200&ssl=1 1x, https:\/\/i0.wp.com\/smallthings.fr\/lespetitslivres\/wp-content\/uploads\/2016\/02\/alfie.jpg?resize=525%2C300&ssl=1 1.5x, https:\/\/i0.wp.com\/smallthings.fr\/lespetitslivres\/wp-content\/uploads\/2016\/02\/alfie.jpg?resize=700%2C400&ssl=1 2x, https:\/\/i0.wp.com\/smallthings.fr\/lespetitslivres\/wp-content\/uploads\/2016\/02\/alfie.jpg?resize=1050%2C600&ssl=1 3x, https:\/\/i0.wp.com\/smallthings.fr\/lespetitslivres\/wp-content\/uploads\/2016\/02\/alfie.jpg?resize=1400%2C800&ssl=1 4x"},"classes":[]},{"id":30609,"url":"https:\/\/smallthings.fr\/lespetitslivres\/2017\/01\/06\/danser-bord-abime-delacourt-critique\/","url_meta":{"origin":10807,"position":3},"title":"Danser au bord de l&rsquo;ab\u00eeme, le nouveau roman de Gr\u00e9goire Delacourt","author":"Claire","date":"6 janvier 2017","format":false,"excerpt":"Le nouveau roman Gr\u00e9goire Delacourt vient de para\u00eetre chez Latt\u00e8s. Danser au bord de l'ab\u00eeme choisit un th\u00e8me plut\u00f4t d\u00e9j\u00e0 vu - peut-on tout quitter par amour ? - mais c'est sans compter la grande po\u00e9sie\u00a0de Delacourt et son go\u00fbt pour les rebondissements inattendus. Je l'avoue, \u00e0 une \u00e9poque d\u00e9sormais\u2026","rel":"","context":"Dans &quot;Roman fran\u00e7ais&quot;","block_context":{"text":"Roman fran\u00e7ais","link":"https:\/\/smallthings.fr\/lespetitslivres\/category\/roman\/roman-francais\/"},"img":{"alt_text":"","src":"https:\/\/i0.wp.com\/smallthings.fr\/lespetitslivres\/wp-content\/uploads\/2017\/01\/danser-au-bord-delacourt.jpeg?resize=350%2C200&ssl=1","width":350,"height":200,"srcset":"https:\/\/i0.wp.com\/smallthings.fr\/lespetitslivres\/wp-content\/uploads\/2017\/01\/danser-au-bord-delacourt.jpeg?resize=350%2C200&ssl=1 1x, https:\/\/i0.wp.com\/smallthings.fr\/lespetitslivres\/wp-content\/uploads\/2017\/01\/danser-au-bord-delacourt.jpeg?resize=525%2C300&ssl=1 1.5x, https:\/\/i0.wp.com\/smallthings.fr\/lespetitslivres\/wp-content\/uploads\/2017\/01\/danser-au-bord-delacourt.jpeg?resize=700%2C400&ssl=1 2x, https:\/\/i0.wp.com\/smallthings.fr\/lespetitslivres\/wp-content\/uploads\/2017\/01\/danser-au-bord-delacourt.jpeg?resize=1050%2C600&ssl=1 3x"},"classes":[]},{"id":29984,"url":"https:\/\/smallthings.fr\/lespetitslivres\/2016\/05\/31\/rencontre-karine-lambert-auteur\/","url_meta":{"origin":10807,"position":4},"title":"Rencontre avec Karine Lambert, auteur feel-good du moment","author":"Lola","date":"31 mai 2016","format":false,"excerpt":"L'auteur Karine Lambert \u00e9tait de visite lundi 23 mai chez son \u00e9diteur JC Latt\u00e8s pour une journ\u00e9e presse marathon. Apr\u00e8s une s\u00e9ance TV, un shooting photo et autres, nous avons pu la rencontrer, souriante et disponible, dans les locaux de sa maison d\u2019\u00e9dition. Elle s\u2019est volontiers pr\u00eat\u00e9e au jeu des\u2026","rel":"","context":"Dans &quot;Rencontres&quot;","block_context":{"text":"Rencontres","link":"https:\/\/smallthings.fr\/lespetitslivres\/category\/rencontres\/"},"img":{"alt_text":"","src":"https:\/\/i0.wp.com\/smallthings.fr\/lespetitslivres\/wp-content\/uploads\/2016\/05\/karine-lambert.png?resize=350%2C200&ssl=1","width":350,"height":200,"srcset":"https:\/\/i0.wp.com\/smallthings.fr\/lespetitslivres\/wp-content\/uploads\/2016\/05\/karine-lambert.png?resize=350%2C200&ssl=1 1x, https:\/\/i0.wp.com\/smallthings.fr\/lespetitslivres\/wp-content\/uploads\/2016\/05\/karine-lambert.png?resize=525%2C300&ssl=1 1.5x, https:\/\/i0.wp.com\/smallthings.fr\/lespetitslivres\/wp-content\/uploads\/2016\/05\/karine-lambert.png?resize=700%2C400&ssl=1 2x, https:\/\/i0.wp.com\/smallthings.fr\/lespetitslivres\/wp-content\/uploads\/2016\/05\/karine-lambert.png?resize=1050%2C600&ssl=1 3x"},"classes":[]},{"id":30764,"url":"https:\/\/smallthings.fr\/lespetitslivres\/2017\/02\/20\/ombres-du-passe-cj-lyons-avis\/","url_meta":{"origin":10807,"position":5},"title":"Les ombres du pass\u00e9 : un thriller palpitant de CJ Lyons","author":"Jennifer","date":"20 f\u00e9vrier 2017","format":false,"excerpt":"Les ombres du pass\u00e9 est un thriller de CJ Lyons, paru\u00a0en d\u00e9cembre chez Milady. L\u2019auteur nous fait rentrer dans une enqu\u00eate o\u00f9 meurtres, kidnappings et vengeance se m\u00e9langent au pass\u00e9 d\u2019un agent du FBI. Captivant\u00a0! Les ombres du pass\u00e9 est un roman qui parvient\u00a0\u00e0 surprendre et qui nous rend accro\u2026","rel":"","context":"Dans &quot;Thriller&quot;","block_context":{"text":"Thriller","link":"https:\/\/smallthings.fr\/lespetitslivres\/category\/thriller\/"},"img":{"alt_text":"","src":"https:\/\/i0.wp.com\/smallthings.fr\/lespetitslivres\/wp-content\/uploads\/2017\/01\/Les-ombres-du-pass\u00e9-CJ-Lyons-Milady-2.jpg?resize=350%2C200&ssl=1","width":350,"height":200,"srcset":"https:\/\/i0.wp.com\/smallthings.fr\/lespetitslivres\/wp-content\/uploads\/2017\/01\/Les-ombres-du-pass\u00e9-CJ-Lyons-Milady-2.jpg?resize=350%2C200&ssl=1 1x, https:\/\/i0.wp.com\/smallthings.fr\/lespetitslivres\/wp-content\/uploads\/2017\/01\/Les-ombres-du-pass\u00e9-CJ-Lyons-Milady-2.jpg?resize=525%2C300&ssl=1 1.5x"},"classes":[]}],"_links":{"self":[{"href":"https:\/\/smallthings.fr\/lespetitslivres\/wp-json\/wp\/v2\/posts\/10807"}],"collection":[{"href":"https:\/\/smallthings.fr\/lespetitslivres\/wp-json\/wp\/v2\/posts"}],"about":[{"href":"https:\/\/smallthings.fr\/lespetitslivres\/wp-json\/wp\/v2\/types\/post"}],"author":[{"embeddable":true,"href":"https:\/\/smallthings.fr\/lespetitslivres\/wp-json\/wp\/v2\/users\/2"}],"replies":[{"embeddable":true,"href":"https:\/\/smallthings.fr\/lespetitslivres\/wp-json\/wp\/v2\/comments?post=10807"}],"version-history":[{"count":1,"href":"https:\/\/smallthings.fr\/lespetitslivres\/wp-json\/wp\/v2\/posts\/10807\/revisions"}],"predecessor-version":[{"id":28903,"href":"https:\/\/smallthings.fr\/lespetitslivres\/wp-json\/wp\/v2\/posts\/10807\/revisions\/28903"}],"wp:featuredmedia":[{"embeddable":true,"href":"https:\/\/smallthings.fr\/lespetitslivres\/wp-json\/"}],"wp:attachment":[{"href":"https:\/\/smallthings.fr\/lespetitslivres\/wp-json\/wp\/v2\/media?parent=10807"}],"wp:term":[{"taxonomy":"category","embeddable":true,"href":"https:\/\/smallthings.fr\/lespetitslivres\/wp-json\/wp\/v2\/categories?post=10807"},{"taxonomy":"post_tag","embeddable":true,"href":"https:\/\/smallthings.fr\/lespetitslivres\/wp-json\/wp\/v2\/tags?post=10807"}],"curies":[{"name":"wp","href":"https:\/\/api.w.org\/{rel}","templated":true}]}}