{"id":10644,"date":"2014-01-20T11:57:52","date_gmt":"2014-01-20T10:57:52","guid":{"rendered":"http:\/\/smallthings.fr\/?post_type=os_livre&#038;p=10644"},"modified":"2015-11-02T13:32:56","modified_gmt":"2015-11-02T12:32:56","slug":"vilaines-filles-megan-abbott-critique","status":"publish","type":"post","link":"https:\/\/smallthings.fr\/lespetitslivres\/2014\/01\/20\/vilaines-filles-megan-abbott-critique\/","title":{"rendered":"Les Vilaines filles de Megan Abbott"},"content":{"rendered":"<h2><em>Vilaines filles<\/em>\u00a0(<em>Dare Me<\/em>) est l&rsquo;avant-dernier roman de l&rsquo;am\u00e9ricaine <a href=\"http:\/\/www.meganabbott.com\/index.html\" target=\"_blank\">Megan\u00a0Abbott<\/a>, qui publie depuis 2002 d&rsquo;habiles romans noirs\u00a0qui r\u00e9coltent les meilleures critiques outre-Atlantique. <em>Vilaines filles<\/em>\u00a0est paru en novembre chez JC\u00a0Latt\u00e8s. Lola l&rsquo;a lu pour vous.<\/h2>\n<p><strong><a href=\"http:\/\/smallthings.fr\/livre\/vilaines-filles-megan-abbott-critique\/vilaines-filles-abbott-couv\/\" rel=\"attachment wp-att-10649\"><img loading=\"lazy\" decoding=\"async\" class=\"alignleft  wp-image-10649\" style=\"width: 257px; height: 355px;\" alt=\"vilaines-filles-abbott-couv\" src=\"http:\/\/uploads.smallthings.fr\/2014\/01\/vilaines-filles-abbott-couv.jpg\" width=\"269\" height=\"357\" \/><\/a>Addy est une jeune <i>cheerleader <\/i>de seize ans.<\/strong>\u00a0Sa meilleure amie Beth\u00a0est la capitaine\u00a0de l\u2019\u00e9quipe et la terreur du lyc\u00e9e. Ces jeunes filles d\u00e9s\u0153uvr\u00e9es\u00a0profitent de leur statut privil\u00e9gi\u00e9, en essayant d\u2019oublier le vide de leur existence. Jusqu\u2019au jour o\u00f9 une nouvelle coach, Colette, prend la t\u00eate de l\u2019\u00e9quipe et jure de les emmener en finale des comp\u00e9titions r\u00e9gionales. Cette nouvelle venue va gagner la confiance des adolescentes et donner un sens \u00e0 leurs mornes vies. Mettant \u00e0 l\u2019\u00e9preuve leur endurance physique et leur mental, elle va les pousser jusqu\u2019\u00e0 la finale, un match apr\u00e8s l\u2019autre. Cependant, en devenant la confidente privil\u00e9gi\u00e9e de la coach, <strong>Addy va se trouver propuls\u00e9e dans un univers bien plus adulte et sombre qu\u2019elle ne s\u2019y attendait<\/strong>. Adult\u00e8re, d\u00e9c\u00e8s, enqu\u00eate polici\u00e8re, l\u2019\u00e9tau se resserre autour de Colette tandis que Beth, rong\u00e9e par la jalousie, ne cesse de jeter de l\u2019huile sur le feu. O\u00f9 vont les mener cette course effr\u00e9n\u00e9e vers la finale et ce jeu de cache-cache avec la police ? Qui saura garder son sang-froid ? Y aura-t-il vraiment une gagnante \u00e0 l\u2019arriv\u00e9e ?<\/p>\n<p><strong><em>Vilaines filles<\/em>,\u00a0livre policier aux faux airs de <i>chick litt <\/i>surprend par bien des aspects.<\/strong> L\u2019enqu\u00eate polici\u00e8re et la mont\u00e9e en puissance du suspense se marient parfaitement \u00e0 l\u2019avanc\u00e9e de l\u2019\u00e9quipe dans la comp\u00e9tition r\u00e9gionale. L\u2019originalit\u00e9\u00a0de <em>Vilaines filles<\/em>\u00a0r\u00e9side dans la tension qui nait\u00a0au sein de l\u2019\u00e9quipe, cette sauvagerie qui couve derri\u00e8re la fa\u00e7ade banale de ces jeunes adolescentes. Ce combat acharn\u00e9 contre leur propre corps, afin d\u2019en obtenir un contr\u00f4le parfait, tandis que la r\u00e9alit\u00e9 leur \u00e9chappe de plus en plus, est une interpr\u00e9tation sombre mais juste des tourments de l\u2019adolescence. Le basculement permanent de leurs relations interpersonnelles entre amour et haine, entre d\u00e9votion et d\u00e9ception, nous garde sur la sellette et permet de cr\u00e9er un climat d\u2019ins\u00e9curit\u00e9 permanente pour le lecteur.\u00a0<em>Vilaines filles<\/em> est\u00a0\u00e0 lire pour se f\u00e9liciter d\u2019avoir surv\u00e9cu \u00e0 l\u2019adolescence et pour donner envie de se remettre au sport.<\/p>\n<blockquote><p>\u00ab Vu de l\u2019ext\u00e9rieur, dit-elle, les yeux d\u00e9form\u00e9s par l\u2019effroi, c\u2019est comme si vous cherchiez \u00e0 vous entretuer et \u00e0 vous suicider. \u00bb<\/p>\n<p>Je la regarde, les bras crois\u00e9s.<\/p>\n<p>\u00ab Tu n\u2019as jamais \u00e9t\u00e9 des n\u00f4tres. \u00bb, dis-je.<\/p><\/blockquote>\n<div id=\"attachment_10651\" style=\"width: 460px\" class=\"wp-caption aligncenter\"><a href=\"http:\/\/smallthings.fr\/livre\/vilaines-filles-megan-abbott-critique\/megan-abbott\/\" rel=\"attachment wp-att-10651\"><img loading=\"lazy\" decoding=\"async\" aria-describedby=\"caption-attachment-10651\" class=\" wp-image-10651\" alt=\"Megan Abbott, auteure de &quot;Vilaines filles&quot;. \" src=\"http:\/\/uploads.smallthings.fr\/2014\/01\/megan-abbott.jpg\" width=\"450\" height=\"283\" \/><\/a><p id=\"caption-attachment-10651\" class=\"wp-caption-text\">Megan\u00a0Abbott, auteure de \u00ab\u00a0Vilaines filles\u00a0\u00bb.<\/p><\/div>\n<p><strong>Article de Lola<\/strong><\/p>\n","protected":false},"excerpt":{"rendered":"<p>Vilaines filles (Dare Me) est l&rsquo;avant-dernier roman de l&rsquo;am\u00e9ricaine Megan Abbott, qui publie depuis 2002 d&rsquo;habiles romans noirs qui r\u00e9coltent les meilleures critiques outre-Atlantique.<\/p>\n","protected":false},"author":2,"featured_media":10647,"comment_status":"open","ping_status":"open","sticky":false,"template":"","format":"standard","meta":{"jetpack_post_was_ever_published":false,"_jetpack_newsletter_access":"","_jetpack_newsletter_tier_id":0,"footnotes":"","jetpack_publicize_message":"","jetpack_is_tweetstorm":false,"jetpack_publicize_feature_enabled":true,"jetpack_social_post_already_shared":true,"jetpack_social_options":{"image_generator_settings":{"template":"highway","enabled":false}}},"categories":[1118],"tags":[600,601,602],"jetpack_publicize_connections":[],"yoast_head":"<!-- This site is optimized with the Yoast SEO plugin v21.5 - https:\/\/yoast.com\/wordpress\/plugins\/seo\/ -->\n<title>Les Vilaines filles de Megan Abbott<\/title>\n<meta name=\"description\" content=\"Vilaines filles (Dare Me) est l&#039;avant-dernier roman de l&#039;am\u00e9ricaine Megan Abbott, qui publie depuis 2002 d&#039;habiles romans noirs aux critiques \u00e9logieuses.\" \/>\n<meta name=\"robots\" content=\"index, follow, max-snippet:-1, max-image-preview:large, max-video-preview:-1\" \/>\n<link rel=\"canonical\" href=\"https:\/\/smallthings.fr\/lespetitslivres\/2014\/01\/20\/vilaines-filles-megan-abbott-critique\/\" \/>\n<meta property=\"og:locale\" content=\"fr_FR\" \/>\n<meta property=\"og:type\" content=\"article\" \/>\n<meta property=\"og:title\" content=\"Les Vilaines filles de Megan Abbott\" \/>\n<meta property=\"og:description\" content=\"Vilaines filles (Dare Me) est l&#039;avant-dernier roman de l&#039;am\u00e9ricaine Megan Abbott, qui publie depuis 2002 d&#039;habiles romans noirs aux critiques \u00e9logieuses.\" \/>\n<meta property=\"og:url\" content=\"https:\/\/smallthings.fr\/lespetitslivres\/2014\/01\/20\/vilaines-filles-megan-abbott-critique\/\" \/>\n<meta property=\"og:site_name\" content=\"Les Petits Livres\" \/>\n<meta property=\"article:published_time\" content=\"2014-01-20T10:57:52+00:00\" \/>\n<meta property=\"article:modified_time\" content=\"2015-11-02T12:32:56+00:00\" \/>\n<meta name=\"author\" content=\"Claire\" \/>\n<meta name=\"twitter:card\" content=\"summary_large_image\" \/>\n<meta name=\"twitter:label1\" content=\"\u00c9crit par\" \/>\n\t<meta name=\"twitter:data1\" content=\"Claire\" \/>\n\t<meta name=\"twitter:label2\" content=\"Dur\u00e9e de lecture estim\u00e9e\" \/>\n\t<meta name=\"twitter:data2\" content=\"2 minutes\" \/>\n<script type=\"application\/ld+json\" class=\"yoast-schema-graph\">{\"@context\":\"https:\/\/schema.org\",\"@graph\":[{\"@type\":\"WebPage\",\"@id\":\"https:\/\/smallthings.fr\/lespetitslivres\/2014\/01\/20\/vilaines-filles-megan-abbott-critique\/\",\"url\":\"https:\/\/smallthings.fr\/lespetitslivres\/2014\/01\/20\/vilaines-filles-megan-abbott-critique\/\",\"name\":\"Les Vilaines filles de Megan Abbott\",\"isPartOf\":{\"@id\":\"https:\/\/smallthings.fr\/lespetitslivres\/#website\"},\"datePublished\":\"2014-01-20T10:57:52+00:00\",\"dateModified\":\"2015-11-02T12:32:56+00:00\",\"author\":{\"@id\":\"https:\/\/smallthings.fr\/lespetitslivres\/#\/schema\/person\/504d603cacfe064fe039dfa03a8b7918\"},\"description\":\"Vilaines filles (Dare Me) est l'avant-dernier roman de l'am\u00e9ricaine Megan Abbott, qui publie depuis 2002 d'habiles romans noirs aux critiques \u00e9logieuses.\",\"breadcrumb\":{\"@id\":\"https:\/\/smallthings.fr\/lespetitslivres\/2014\/01\/20\/vilaines-filles-megan-abbott-critique\/#breadcrumb\"},\"inLanguage\":\"fr-FR\",\"potentialAction\":[{\"@type\":\"ReadAction\",\"target\":[\"https:\/\/smallthings.fr\/lespetitslivres\/2014\/01\/20\/vilaines-filles-megan-abbott-critique\/\"]}]},{\"@type\":\"BreadcrumbList\",\"@id\":\"https:\/\/smallthings.fr\/lespetitslivres\/2014\/01\/20\/vilaines-filles-megan-abbott-critique\/#breadcrumb\",\"itemListElement\":[{\"@type\":\"ListItem\",\"position\":1,\"name\":\"Accueil\",\"item\":\"https:\/\/smallthings.fr\/lespetitslivres\/\"},{\"@type\":\"ListItem\",\"position\":2,\"name\":\"Les Vilaines filles de Megan Abbott\"}]},{\"@type\":\"WebSite\",\"@id\":\"https:\/\/smallthings.fr\/lespetitslivres\/#website\",\"url\":\"https:\/\/smallthings.fr\/lespetitslivres\/\",\"name\":\"Les Petits Livres\",\"description\":\"by Small Things\",\"potentialAction\":[{\"@type\":\"SearchAction\",\"target\":{\"@type\":\"EntryPoint\",\"urlTemplate\":\"https:\/\/smallthings.fr\/lespetitslivres\/?s={search_term_string}\"},\"query-input\":\"required name=search_term_string\"}],\"inLanguage\":\"fr-FR\"},{\"@type\":\"Person\",\"@id\":\"https:\/\/smallthings.fr\/lespetitslivres\/#\/schema\/person\/504d603cacfe064fe039dfa03a8b7918\",\"name\":\"Claire\",\"image\":{\"@type\":\"ImageObject\",\"inLanguage\":\"fr-FR\",\"@id\":\"https:\/\/smallthings.fr\/lespetitslivres\/#\/schema\/person\/image\/\",\"url\":\"https:\/\/secure.gravatar.com\/avatar\/9a85ff83d76b3eb17b8cae208640786e?s=96&d=retro&r=g\",\"contentUrl\":\"https:\/\/secure.gravatar.com\/avatar\/9a85ff83d76b3eb17b8cae208640786e?s=96&d=retro&r=g\",\"caption\":\"Claire\"},\"url\":\"https:\/\/smallthings.fr\/lespetitslivres\/author\/claire\/\"}]}<\/script>\n<!-- \/ Yoast SEO plugin. -->","yoast_head_json":{"title":"Les Vilaines filles de Megan Abbott","description":"Vilaines filles (Dare Me) est l'avant-dernier roman de l'am\u00e9ricaine Megan Abbott, qui publie depuis 2002 d'habiles romans noirs aux critiques \u00e9logieuses.","robots":{"index":"index","follow":"follow","max-snippet":"max-snippet:-1","max-image-preview":"max-image-preview:large","max-video-preview":"max-video-preview:-1"},"canonical":"https:\/\/smallthings.fr\/lespetitslivres\/2014\/01\/20\/vilaines-filles-megan-abbott-critique\/","og_locale":"fr_FR","og_type":"article","og_title":"Les Vilaines filles de Megan Abbott","og_description":"Vilaines filles (Dare Me) est l'avant-dernier roman de l'am\u00e9ricaine Megan Abbott, qui publie depuis 2002 d'habiles romans noirs aux critiques \u00e9logieuses.","og_url":"https:\/\/smallthings.fr\/lespetitslivres\/2014\/01\/20\/vilaines-filles-megan-abbott-critique\/","og_site_name":"Les Petits Livres","article_published_time":"2014-01-20T10:57:52+00:00","article_modified_time":"2015-11-02T12:32:56+00:00","author":"Claire","twitter_card":"summary_large_image","twitter_misc":{"\u00c9crit par":"Claire","Dur\u00e9e de lecture estim\u00e9e":"2 minutes"},"schema":{"@context":"https:\/\/schema.org","@graph":[{"@type":"WebPage","@id":"https:\/\/smallthings.fr\/lespetitslivres\/2014\/01\/20\/vilaines-filles-megan-abbott-critique\/","url":"https:\/\/smallthings.fr\/lespetitslivres\/2014\/01\/20\/vilaines-filles-megan-abbott-critique\/","name":"Les Vilaines filles de Megan Abbott","isPartOf":{"@id":"https:\/\/smallthings.fr\/lespetitslivres\/#website"},"datePublished":"2014-01-20T10:57:52+00:00","dateModified":"2015-11-02T12:32:56+00:00","author":{"@id":"https:\/\/smallthings.fr\/lespetitslivres\/#\/schema\/person\/504d603cacfe064fe039dfa03a8b7918"},"description":"Vilaines filles (Dare Me) est l'avant-dernier roman de l'am\u00e9ricaine Megan Abbott, qui publie depuis 2002 d'habiles romans noirs aux critiques \u00e9logieuses.","breadcrumb":{"@id":"https:\/\/smallthings.fr\/lespetitslivres\/2014\/01\/20\/vilaines-filles-megan-abbott-critique\/#breadcrumb"},"inLanguage":"fr-FR","potentialAction":[{"@type":"ReadAction","target":["https:\/\/smallthings.fr\/lespetitslivres\/2014\/01\/20\/vilaines-filles-megan-abbott-critique\/"]}]},{"@type":"BreadcrumbList","@id":"https:\/\/smallthings.fr\/lespetitslivres\/2014\/01\/20\/vilaines-filles-megan-abbott-critique\/#breadcrumb","itemListElement":[{"@type":"ListItem","position":1,"name":"Accueil","item":"https:\/\/smallthings.fr\/lespetitslivres\/"},{"@type":"ListItem","position":2,"name":"Les Vilaines filles de Megan Abbott"}]},{"@type":"WebSite","@id":"https:\/\/smallthings.fr\/lespetitslivres\/#website","url":"https:\/\/smallthings.fr\/lespetitslivres\/","name":"Les Petits Livres","description":"by Small Things","potentialAction":[{"@type":"SearchAction","target":{"@type":"EntryPoint","urlTemplate":"https:\/\/smallthings.fr\/lespetitslivres\/?s={search_term_string}"},"query-input":"required name=search_term_string"}],"inLanguage":"fr-FR"},{"@type":"Person","@id":"https:\/\/smallthings.fr\/lespetitslivres\/#\/schema\/person\/504d603cacfe064fe039dfa03a8b7918","name":"Claire","image":{"@type":"ImageObject","inLanguage":"fr-FR","@id":"https:\/\/smallthings.fr\/lespetitslivres\/#\/schema\/person\/image\/","url":"https:\/\/secure.gravatar.com\/avatar\/9a85ff83d76b3eb17b8cae208640786e?s=96&d=retro&r=g","contentUrl":"https:\/\/secure.gravatar.com\/avatar\/9a85ff83d76b3eb17b8cae208640786e?s=96&d=retro&r=g","caption":"Claire"},"url":"https:\/\/smallthings.fr\/lespetitslivres\/author\/claire\/"}]}},"jetpack_featured_media_url":"","jetpack_sharing_enabled":true,"jetpack_shortlink":"https:\/\/wp.me\/p6Un21-2LG","jetpack-related-posts":[{"id":30256,"url":"https:\/\/smallthings.fr\/lespetitslivres\/2016\/08\/27\/megan-abbott-avant-que-tout\/","url_meta":{"origin":10644,"position":0},"title":"Avant que tout se brise, polar athl\u00e9tique de Megan Abbott","author":"Lola","date":"27 ao\u00fbt 2016","format":false,"excerpt":"Megan Abbott signe aux \u00e9ditions du Masque son tout nouveau polar : Avant que tout se brise. Devon Knox est une jeune gymnaste prodige de 15 ans. Toute sa famille la suit fi\u00e9vreusement d'une comp\u00e9tition \u00e0 l'autre, se ruinant en justaucorps et accessoires, avec en ligne de mire les jeux\u2026","rel":"","context":"Dans &quot;Rentr\u00e9e litt\u00e9raire&quot;","block_context":{"text":"Rentr\u00e9e litt\u00e9raire","link":"https:\/\/smallthings.fr\/lespetitslivres\/category\/rentree-litteraire\/"},"img":{"alt_text":"","src":"https:\/\/i0.wp.com\/smallthings.fr\/lespetitslivres\/wp-content\/uploads\/2016\/08\/megan-abbott-avant-couv.jpg?resize=350%2C200&ssl=1","width":350,"height":200,"srcset":"https:\/\/i0.wp.com\/smallthings.fr\/lespetitslivres\/wp-content\/uploads\/2016\/08\/megan-abbott-avant-couv.jpg?resize=350%2C200&ssl=1 1x, https:\/\/i0.wp.com\/smallthings.fr\/lespetitslivres\/wp-content\/uploads\/2016\/08\/megan-abbott-avant-couv.jpg?resize=525%2C300&ssl=1 1.5x, https:\/\/i0.wp.com\/smallthings.fr\/lespetitslivres\/wp-content\/uploads\/2016\/08\/megan-abbott-avant-couv.jpg?resize=700%2C400&ssl=1 2x, https:\/\/i0.wp.com\/smallthings.fr\/lespetitslivres\/wp-content\/uploads\/2016\/08\/megan-abbott-avant-couv.jpg?resize=1050%2C600&ssl=1 3x, https:\/\/i0.wp.com\/smallthings.fr\/lespetitslivres\/wp-content\/uploads\/2016\/08\/megan-abbott-avant-couv.jpg?resize=1400%2C800&ssl=1 4x"},"classes":[]},{"id":25743,"url":"https:\/\/smallthings.fr\/lespetitslivres\/2015\/07\/25\/les-quatre-filles-du-reverend-latimer-livre-critique\/","url_meta":{"origin":10644,"position":1},"title":"Les Quatre Filles du r\u00e9v\u00e9rend Latimer : \u00e9mancipation et d\u00e9pression","author":"Rebecca","date":"25 juillet 2015","format":false,"excerpt":"Les Quatre Filles du R\u00e9v\u00e9rend Latimer,\u00a0paru aux \u00e9ditions de l\u2019Archipel au mois de juin, est l\u2019\u0153uvre de Colleen McCullough, auteure des\u00a0Oiseaux se cachent pour mourir, saga dramatique adapt\u00e9e de multiples fois, notamment en s\u00e9rie t\u00e9l\u00e9. Or, le grand public conna\u00eet moins ses autres \u0153uvres, \u00e0 l\u2019instar de celle-ci, qui est\u2026","rel":"","context":"Dans &quot;Roman \u00e9tranger&quot;","block_context":{"text":"Roman \u00e9tranger","link":"https:\/\/smallthings.fr\/lespetitslivres\/category\/roman\/roman-etranger\/"},"img":{"alt_text":"","src":"https:\/\/i0.wp.com\/smallthings.fr\/wp-content\/uploads\/2015\/07\/les-quatre-filles-du-reverend-latimer.jpg?resize=350%2C200","width":350,"height":200},"classes":[]},{"id":31496,"url":"https:\/\/smallthings.fr\/lespetitslivres\/2018\/02\/02\/l-ete-circulaire-marion-brunet-avis\/","url_meta":{"origin":10644,"position":2},"title":"L&rsquo;\u00e9t\u00e9 circulaire, roman noir et social de Marion Brunet","author":"Claire","date":"2 f\u00e9vrier 2018","format":false,"excerpt":"L'\u00e9t\u00e9 circulaire est le nouveau roman de Marion Brunet, \u00e9galement auteure pour la jeunesse, publi\u00e9 aux \u00e9ditions Albin Michel. Lors d'une f\u00eate foraine comme on en conna\u00eet tous, dans une petite ville du sud, C\u00e9line, seize ans, fait un malaise et est oblig\u00e9e d'avouer qu'elle est enceinte. Ses parents, sa\u2026","rel":"","context":"Dans &quot;Roman fran\u00e7ais&quot;","block_context":{"text":"Roman fran\u00e7ais","link":"https:\/\/smallthings.fr\/lespetitslivres\/category\/roman\/roman-francais\/"},"img":{"alt_text":"","src":"https:\/\/i0.wp.com\/smallthings.fr\/lespetitslivres\/wp-content\/uploads\/2018\/02\/ete-circulaire-cover.jpg?resize=350%2C200&ssl=1","width":350,"height":200,"srcset":"https:\/\/i0.wp.com\/smallthings.fr\/lespetitslivres\/wp-content\/uploads\/2018\/02\/ete-circulaire-cover.jpg?resize=350%2C200&ssl=1 1x, https:\/\/i0.wp.com\/smallthings.fr\/lespetitslivres\/wp-content\/uploads\/2018\/02\/ete-circulaire-cover.jpg?resize=525%2C300&ssl=1 1.5x, https:\/\/i0.wp.com\/smallthings.fr\/lespetitslivres\/wp-content\/uploads\/2018\/02\/ete-circulaire-cover.jpg?resize=700%2C400&ssl=1 2x, https:\/\/i0.wp.com\/smallthings.fr\/lespetitslivres\/wp-content\/uploads\/2018\/02\/ete-circulaire-cover.jpg?resize=1050%2C600&ssl=1 3x"},"classes":[]},{"id":30135,"url":"https:\/\/smallthings.fr\/lespetitslivres\/2016\/07\/03\/embrasse-moi-fort-font-sust-critique\/","url_meta":{"origin":10644,"position":3},"title":"Embrasse-moi fort : l\u2019amour \u00e0 l\u2019espagnole","author":"Jennifer","date":"3 juillet 2016","format":false,"excerpt":"Embrasse-moi fort\u00a0! est un roman young-adult qui vient de para\u00eetre chez Albin Michel. Adria Font et Imma Sust, deux auteurs espagnoles, nous racontent comment quatre jeunes filles ins\u00e9parables vont voir leur amiti\u00e9 mise \u00e0 l\u2019\u00e9preuve par un premier rendez-vous, un chien, un graffiti, un article de blog et une chanson.\u2026","rel":"","context":"Dans &quot;Young Adult&quot;","block_context":{"text":"Young Adult","link":"https:\/\/smallthings.fr\/lespetitslivres\/category\/young-adult\/"},"img":{"alt_text":"","src":"https:\/\/i0.wp.com\/smallthings.fr\/lespetitslivres\/wp-content\/uploads\/2016\/07\/embrasse-moi-fort-couv.jpg?resize=350%2C200&ssl=1","width":350,"height":200,"srcset":"https:\/\/i0.wp.com\/smallthings.fr\/lespetitslivres\/wp-content\/uploads\/2016\/07\/embrasse-moi-fort-couv.jpg?resize=350%2C200&ssl=1 1x, https:\/\/i0.wp.com\/smallthings.fr\/lespetitslivres\/wp-content\/uploads\/2016\/07\/embrasse-moi-fort-couv.jpg?resize=525%2C300&ssl=1 1.5x, https:\/\/i0.wp.com\/smallthings.fr\/lespetitslivres\/wp-content\/uploads\/2016\/07\/embrasse-moi-fort-couv.jpg?resize=700%2C400&ssl=1 2x, https:\/\/i0.wp.com\/smallthings.fr\/lespetitslivres\/wp-content\/uploads\/2016\/07\/embrasse-moi-fort-couv.jpg?resize=1050%2C600&ssl=1 3x, https:\/\/i0.wp.com\/smallthings.fr\/lespetitslivres\/wp-content\/uploads\/2016\/07\/embrasse-moi-fort-couv.jpg?resize=1400%2C800&ssl=1 4x"},"classes":[]},{"id":9128,"url":"https:\/\/smallthings.fr\/lespetitslivres\/2013\/11\/06\/les-apparences-gillian-flynn\/","url_meta":{"origin":10644,"position":4},"title":"Les Apparences de Gillian Flynn","author":"Audrey","date":"6 novembre 2013","format":false,"excerpt":"Les Apparences, l'excellent thriller de Gillian Flynn \u00e9dit\u00e9 en France pour la premi\u00e8re fois aux \u00e9ditions Sonatine, et depuis d\u00e9but octobre au Livre de Poche.","rel":"","context":"Dans &quot;Thriller&quot;","block_context":{"text":"Thriller","link":"https:\/\/smallthings.fr\/lespetitslivres\/category\/thriller\/"},"img":{"alt_text":"","src":"https:\/\/i0.wp.com\/uploads.smallthings.fr\/2013\/11\/les-apparences.jpg?resize=350%2C200","width":350,"height":200},"classes":[]},{"id":7621,"url":"https:\/\/smallthings.fr\/lespetitslivres\/2013\/09\/09\/james-meek-coeur-effraction\/","url_meta":{"origin":10644,"position":5},"title":"James Meek &#8211; Le coeur par effraction","author":"Claire","date":"9 septembre 2013","format":false,"excerpt":"Le coeur par effraction, en anglais The\u00a0Heart\u00a0Broke In, porte bien son nom. Le dernier roman de James\u00a0Meek op\u00e8re d'incessants allers-retours entre les sentiments que l'on pensait avoir, et ceux que l'on est \u00e9tonn\u00e9 de d\u00e9velopper. Des personnages qui se croyaient sans reproche vont se trouver face \u00e0 des tentations de\u2026","rel":"","context":"Dans &quot;Thriller&quot;","block_context":{"text":"Thriller","link":"https:\/\/smallthings.fr\/lespetitslivres\/category\/thriller\/"},"img":{"alt_text":"James Meek","src":"https:\/\/i0.wp.com\/uploads.smallthings.fr\/2013\/08\/Le-coeur-par-effraction-le-chef-d-oeuvre-melo-de-James-Meek_w670_h372.jpg?resize=350%2C200","width":350,"height":200},"classes":[]}],"_links":{"self":[{"href":"https:\/\/smallthings.fr\/lespetitslivres\/wp-json\/wp\/v2\/posts\/10644"}],"collection":[{"href":"https:\/\/smallthings.fr\/lespetitslivres\/wp-json\/wp\/v2\/posts"}],"about":[{"href":"https:\/\/smallthings.fr\/lespetitslivres\/wp-json\/wp\/v2\/types\/post"}],"author":[{"embeddable":true,"href":"https:\/\/smallthings.fr\/lespetitslivres\/wp-json\/wp\/v2\/users\/2"}],"replies":[{"embeddable":true,"href":"https:\/\/smallthings.fr\/lespetitslivres\/wp-json\/wp\/v2\/comments?post=10644"}],"version-history":[{"count":1,"href":"https:\/\/smallthings.fr\/lespetitslivres\/wp-json\/wp\/v2\/posts\/10644\/revisions"}],"predecessor-version":[{"id":28909,"href":"https:\/\/smallthings.fr\/lespetitslivres\/wp-json\/wp\/v2\/posts\/10644\/revisions\/28909"}],"wp:featuredmedia":[{"embeddable":true,"href":"https:\/\/smallthings.fr\/lespetitslivres\/wp-json\/"}],"wp:attachment":[{"href":"https:\/\/smallthings.fr\/lespetitslivres\/wp-json\/wp\/v2\/media?parent=10644"}],"wp:term":[{"taxonomy":"category","embeddable":true,"href":"https:\/\/smallthings.fr\/lespetitslivres\/wp-json\/wp\/v2\/categories?post=10644"},{"taxonomy":"post_tag","embeddable":true,"href":"https:\/\/smallthings.fr\/lespetitslivres\/wp-json\/wp\/v2\/tags?post=10644"}],"curies":[{"name":"wp","href":"https:\/\/api.w.org\/{rel}","templated":true}]}}