{"id":10581,"date":"2014-01-22T15:19:28","date_gmt":"2014-01-22T14:19:28","guid":{"rendered":"http:\/\/smallthings.fr\/?post_type=os_livre&#038;p=10581"},"modified":"2015-11-02T13:33:00","modified_gmt":"2015-11-02T12:33:00","slug":"les-heures-souterraines-delphine-de-vigan","status":"publish","type":"post","link":"https:\/\/smallthings.fr\/lespetitslivres\/2014\/01\/22\/les-heures-souterraines-delphine-de-vigan\/","title":{"rendered":"Les heures souterraines &#8211; Delphine de Vigan"},"content":{"rendered":"<h2>Avec <em>Les heures souterraines<\/em>, Delphine de Vigan et son \u00e9diteur JC Latt\u00e8s ont cr\u00e9\u00e9 le buzz de la rentr\u00e9e litt\u00e9raire de 2009. A l&rsquo;\u00e9poque, rebut\u00e9s par la rumeur, l\u2019effet de c\u00e9l\u00e9brit\u00e9, ou simplement ignorants de sa puissance r\u00e9elle, certains n&rsquo;ont pas lu <em>Les heures souterraines<\/em>, ou avec retard, comme moi. Retour sur ce livre coup de poing, \u00e0 la sortie tr\u00e8s remarqu\u00e9e, en passe de devenir un must-read.<\/h2>\n<p><a href=\"http:\/\/smallthings.fr\/livre\/les-heures-souterraines-delphine-de-vigan\/de-vigan-heures-souterraines\/\" rel=\"attachment wp-att-10583\"><img loading=\"lazy\" decoding=\"async\" class=\"alignleft  wp-image-10583\" alt=\"de-vigan-heures-souterraines\" src=\"http:\/\/uploads.smallthings.fr\/2014\/01\/de-vigan-heures-souterraines.jpg\" width=\"280\" height=\"442\" \/><\/a>Je me range maintenant dans le camp des convaincus. Pas parce que <em>Les heures souterraines<\/em> traite d\u2019un sujet sensible &#8211; le harc\u00e8lement moral au travail, et l\u2019\u00e9puisement qu\u2019instaure trop de solitude -, mais parce qu\u2019il en parle avec retenue et finesse, sans virer dans le clich\u00e9 ou le larmoyant.<\/p>\n<p>Alors, oui, on peut trouver l\u2019\u00e9criture des <em>Heures souterraines<\/em> parfois trop foisonnante, trop emport\u00e9e, et du coup brouillonne. Trouver un peu faciles les \u00e9chos qui s\u2019orchestrent entre Mathilde et Thibault, o\u00f9 certaines pens\u00e9es sont r\u00e9p\u00e9t\u00e9es au mot pr\u00e8s. On peut regretter leurs interactions trop rares, trop br\u00e8ves pour vraiment en m\u00e9riter le nom, et ce foss\u00e9 entre eux qui, jamais combl\u00e9, est \u00e0 la fois ce qui fait l\u2019unit\u00e9 du roman et le d\u00e9construit. Mais c\u2019est clairement un parti pris de l\u2019auteur.<\/p>\n<p>Voil\u00e0 pour les <i>caveat<\/i>. Pour le reste, soulignons que je ne suis pas objective, car j\u2019ai v\u00e9cu une situation semblable \u00e0 celle du personnage de Mathilde dans <em>Les heures souterraines<\/em> ; pas dans le m\u00eame cadre, mais avec le m\u00eame abus d\u2019autorit\u00e9 et le m\u00eame aveuglement volontaire du groupe soumis. <strong>Je n\u2019ai pu que reconna\u00eetre mes propres angoisses, ma propre incr\u00e9dulit\u00e9 dans celles de Mathilde, le portrait par petites touches de son enlisement insidieux inexorable,\u00a0jusqu\u2019\u00e0\u00a0se voir pi\u00e9g\u00e9e, d\u00e9poss\u00e9d\u00e9e de toute\u00a0porte de sortie except\u00e9 l\u2019autosabotage.<\/strong> Et d\u2019autant mieux que pour moi, le foisonnement des mots refl\u00e8te son d\u00e9sarroi, l\u2019emballement du discours la confusion de ses pens\u00e9es qui s\u2019enchev\u00eatrent, se d\u00e9sordonnent d\u00e8s que ses relations hi\u00e9rarchiques avec son sup\u00e9rieur et ses pairs se pervertissent, se retournant contre elle. Quand les rituels perdent leur sens, leur caract\u00e8re rassurant, pour l\u2019exclure de son \u00e9quipe et la vider de toute \u00e9nergie. Jusqu\u2019\u00e0 presque la convaincre qu\u2019elle est la coupable, la cause de toute cette spirale. Qu\u2019elle l\u2019a m\u00e9rit\u00e9.<\/p>\n<p>Le tour de force de Delphine de Vigan, dans <em>Les heures souterraine<\/em>s, est de montrer comment tout ce qui rend l\u2019entreprise humaine \u2013 les discussions entre coll\u00e8gues, la collaboration de groupe, les responsabilit\u00e9s \u00e0 assumer, la gratification sociale qu\u2019apporte leur accomplissement \u2013 d\u2019un instant \u00e0 l\u2019autre peut s\u2019enrayer, tourner soudain \u00e0 vide, et devenir tout autant de leviers de perversion, de d\u00e9shumanisation, destin\u00e9s \u00e0 \u00e9craser un \u00eatre humain condamn\u00e9 par la seule volont\u00e9 de nuisance d\u2019un autre humain.\u00a0Ce panorama de l\u2019entreprise comme machine de destruction implacable est un avatar saisissant de la <i>Machine Infernale<\/i> de Cocteau, pr\u00e9sent\u00e9e au prologue de la pi\u00e8ce par une Voix impersonnelle\u00a0: \u00ab\u00a0Regarde, spectateur, remont\u00e9e \u00e0 bloc (\u2026) une des plus parfaites machines construites par les dieux infernaux pour l\u2019an\u00e9antissement math\u00e9matique d\u2019un mortel.\u00a0\u00bb<\/p>\n<p><strong>Un panorama si bien r\u00e9ussi qu\u2019il m\u2019a fait bondir plus d\u2019une fois face \u00e0 cette l\u00e2chet\u00e9 de groupe, cette cruaut\u00e9 humaine exerc\u00e9e en toute impunit\u00e9, que Delphine de Vigan n\u2019a que trop bien d\u00e9nonc\u00e9es.<\/strong><\/p>\n<p>La vraie faiblesse de <em>Heures souterraines<\/em>, pour moi, est l\u2019in\u00e9galit\u00e9 entre les deux personnages principaux. Les critiques ne s\u2019y trompent pas, en parlant beaucoup plus de Mathilde que de Thibault. Thibault se veut le contrepoint de Mathilde, avec le m\u00eame \u00e9puisement, le m\u00eame d\u00e9sarroi, pour d\u2019autres raisons\u00a0: le malheur humain que son m\u00e9tier de m\u00e9decin urgentiste lui montre, et sa souffrance face \u00e0 une femme qui ne l\u2019aime pas, quoi qu\u2019il puisse faire. Ces th\u00e8mes auraient pu se d\u00e9ployer \u00e0 l\u2019\u00e9gal de ceux qu\u2019incarne Mathilde. Mais elle prend tellement d\u2019ampleur dans les <em>Heures souterraines<\/em>, qu\u2019il n\u2019en devient qu\u2019une r\u00e9sonance plus faible, comme un \u00e9cho second. Impression renforc\u00e9e par le fait que c\u2019est toujours d\u2019abord dans l\u2019esprit de Mathilde que naissent les pens\u00e9es qui reviendront dans celui de Thibault, jamais l\u2019inverse. Son chagrin d\u2019amour, son d\u00e9go\u00fbt de l\u2019humanit\u00e9, paraissent p\u00e2les, presque abstraits, en comparaison aux d\u00e9flagrations qui secouent Mathilde. Les seuls moments o\u00f9 il parvient presque \u00e0 s\u2019\u00e9riger en second pilier du roman sont les dialogues qu\u2019il a avec ses patients. L\u00e0 on sent poindre une autre dimension, une tentative h\u00e9ro\u00efque de r\u00e9insuffler de l\u2019humanit\u00e9 l\u00e0 o\u00f9 elle se tarit, alors m\u00eame qu\u2019elle se sait probablement vou\u00e9e \u00e0 l\u2019\u00e9chec. Qui cr\u00e9e un vrai contraste par rapport \u00e0 Mathilde qui sombre dans l\u2019impuissance, peu \u00e0 peu d\u00e9poss\u00e9d\u00e9e de toute humanit\u00e9 par son chef.<\/p>\n<p>C\u2019est pour cela que, m\u00eame si j\u2019appr\u00e9cie que Delphine de Vigan n\u2019ait pas mis en sc\u00e8ne une vraie rencontre entre Mathilde et Thibault, puisque son absence aboutit \u00e0 renforcer la solitude pure, criante, qui les environne, j\u2019aurais malgr\u00e9 tout voulu voir ce qu\u2019elle aurait donn\u00e9. Parce qu\u2019elle aurait pu conf\u00e9rer sa pleine stature \u00e0 Thibault, dans la chance qu\u2019il aurait eue de stopper Mathilde dans sa chute.<\/p>\n<p>Une autre raison \u00e0 cette disproportion est que le contrepoint central de Thibault par rapport \u00e0 Mathilde arrive trop t\u00f4t : sa d\u00e9cision de rompre, claire d\u00e8s le d\u00e9but, se concr\u00e9tise au premier tiers des <em>Heures souterraines<\/em>. En quittant Lila, il se sort de cette relation sans issue, de la spirale de souffrance dans laquelle elle l\u2019emportait. Son conflit est r\u00e9solu trop vite, tandis que celui de Mathilde s\u2019amplifie tout au long du r\u00e9cit, et cela amoindrit leur opposition. La rupture de Thibault est une victoire, toute am\u00e8re et douloureuse qu\u2019elle soit, puisque s\u2019y dessine la possibilit\u00e9 d\u2019une gu\u00e9rison ; tandis que la d\u00e9mission de Mathilde qui cl\u00f4t le roman est son ultime d\u00e9faite, le fond de l\u2019ab\u00eeme.<\/p>\n<p>Cette in\u00e9galit\u00e9 n\u2019enl\u00e8ve rien de sa maestria \u00e0 la plume de l\u2019auteur, Il est juste dommage qu\u2019elle laisse un sentiment d\u2019inachev\u00e9 lorsque l\u2019on referme les <em>Heures souterraines<\/em>.<\/p>\n<p style=\"text-align: center;\"><a href=\"http:\/\/smallthings.fr\/livre\/les-heures-souterraines-delphine-de-vigan\/delphine-de-vigan\/\" rel=\"attachment wp-att-10584\"><img loading=\"lazy\" decoding=\"async\" class=\"aligncenter  wp-image-10584\" alt=\"delphine-de-vigan\" src=\"http:\/\/uploads.smallthings.fr\/2014\/01\/delphine-de-vigan.jpg\" width=\"564\" height=\"328\" \/><\/a><\/p>\n<blockquote><p>\u00ab\u00a0L&rsquo;entreprise avait \u00e9t\u00e9 le lieu de sa naissance. L&rsquo;entreprise l&rsquo;avait oblig\u00e9e \u00e0 s&rsquo;habiller, se coiffer, se maquiller. A sortir de sa torpeur. A reprendre le cours de sa vie. [&#8230;] Aujourd&rsquo;hui, il lui semble que l&rsquo;entreprise est un lieu qui broie. Un lieu totalitaire, un lieu de pr\u00e9dation, un lieu de mystification et d&rsquo;abus de pouvoir, un lieu de trahison et de m\u00e9diocrit\u00e9. Aujourd&rsquo;hui, il lui semble que l&rsquo;entreprise est le sympt\u00f4me path\u00e9tique du psittacisme le plus vain.\u00a0\u00bb<\/p><\/blockquote>\n<p>Pour en savoir plus sur l&rsquo;auteur, <a href=\"http:\/\/www.lexpress.fr\/culture\/livre\/delphine-de-vigan-spleen-quotidien_816011.html\" target=\"_blank\">un portrait paru en 2009<\/a> par L&rsquo;Express.<\/p>\n","protected":false},"excerpt":{"rendered":"<p>Avec Les heures souterraines, Delphine de Vigan et son \u00e9diteur JC Latt\u00e8s ont cr\u00e9\u00e9 le buzz de la rentr\u00e9e litt\u00e9raire de 2009. A l&rsquo;\u00e9poque, rebut\u00e9s par la rumeur, l\u2019effet de c\u00e9l\u00e9brit\u00e9, ou simplement ignorants de sa puissance r\u00e9elle, certains ne l&rsquo;ont pas lu, ou avec retard, comme moi. Retour sur ce livre coup de poing, \u00e0 la sortie tr\u00e8s remarqu\u00e9e, en passe de devenir un must-read. <\/p>\n","protected":false},"author":13,"featured_media":10582,"comment_status":"open","ping_status":"open","sticky":false,"template":"","format":"standard","meta":{"jetpack_post_was_ever_published":false,"_jetpack_newsletter_access":"","_jetpack_newsletter_tier_id":0,"footnotes":"","jetpack_publicize_message":"","jetpack_is_tweetstorm":false,"jetpack_publicize_feature_enabled":true,"jetpack_social_post_already_shared":true,"jetpack_social_options":{"image_generator_settings":{"template":"highway","enabled":false}}},"categories":[1117],"tags":[175,176],"jetpack_publicize_connections":[],"yoast_head":"<!-- This site is optimized with the Yoast SEO plugin v21.5 - https:\/\/yoast.com\/wordpress\/plugins\/seo\/ -->\n<title>Les heures souterraines - Delphine de Vigan - | SMALL THINGS |<\/title>\n<meta name=\"description\" content=\"Avec Les heures souterraines, Delphine de Vigan et son \u00e9diteur JC Latt\u00e8s ont cr\u00e9\u00e9 le buzz de la rentr\u00e9e litt\u00e9raire 2009. Retour sur ce livre coup de poing.\" \/>\n<meta name=\"robots\" content=\"index, follow, max-snippet:-1, max-image-preview:large, max-video-preview:-1\" \/>\n<link rel=\"canonical\" href=\"https:\/\/smallthings.fr\/lespetitslivres\/2014\/01\/22\/les-heures-souterraines-delphine-de-vigan\/\" \/>\n<meta property=\"og:locale\" content=\"fr_FR\" \/>\n<meta property=\"og:type\" content=\"article\" \/>\n<meta property=\"og:title\" content=\"Les heures souterraines - Delphine de Vigan - | SMALL THINGS |\" \/>\n<meta property=\"og:description\" content=\"Avec Les heures souterraines, Delphine de Vigan et son \u00e9diteur JC Latt\u00e8s ont cr\u00e9\u00e9 le buzz de la rentr\u00e9e litt\u00e9raire 2009. Retour sur ce livre coup de poing.\" \/>\n<meta property=\"og:url\" content=\"https:\/\/smallthings.fr\/lespetitslivres\/2014\/01\/22\/les-heures-souterraines-delphine-de-vigan\/\" \/>\n<meta property=\"og:site_name\" content=\"Les Petits Livres\" \/>\n<meta property=\"article:published_time\" content=\"2014-01-22T14:19:28+00:00\" \/>\n<meta property=\"article:modified_time\" content=\"2015-11-02T12:33:00+00:00\" \/>\n<meta name=\"author\" content=\"Cecile\" \/>\n<meta name=\"twitter:card\" content=\"summary_large_image\" \/>\n<meta name=\"twitter:label1\" content=\"\u00c9crit par\" \/>\n\t<meta name=\"twitter:data1\" content=\"Cecile\" \/>\n\t<meta name=\"twitter:label2\" content=\"Dur\u00e9e de lecture estim\u00e9e\" \/>\n\t<meta name=\"twitter:data2\" content=\"6 minutes\" \/>\n<script type=\"application\/ld+json\" class=\"yoast-schema-graph\">{\"@context\":\"https:\/\/schema.org\",\"@graph\":[{\"@type\":\"WebPage\",\"@id\":\"https:\/\/smallthings.fr\/lespetitslivres\/2014\/01\/22\/les-heures-souterraines-delphine-de-vigan\/\",\"url\":\"https:\/\/smallthings.fr\/lespetitslivres\/2014\/01\/22\/les-heures-souterraines-delphine-de-vigan\/\",\"name\":\"Les heures souterraines - Delphine de Vigan - | SMALL THINGS |\",\"isPartOf\":{\"@id\":\"https:\/\/smallthings.fr\/lespetitslivres\/#website\"},\"datePublished\":\"2014-01-22T14:19:28+00:00\",\"dateModified\":\"2015-11-02T12:33:00+00:00\",\"author\":{\"@id\":\"https:\/\/smallthings.fr\/lespetitslivres\/#\/schema\/person\/7b3de8ef611f2b29f758a00cad7cafb2\"},\"description\":\"Avec Les heures souterraines, Delphine de Vigan et son \u00e9diteur JC Latt\u00e8s ont cr\u00e9\u00e9 le buzz de la rentr\u00e9e litt\u00e9raire 2009. Retour sur ce livre coup de poing.\",\"breadcrumb\":{\"@id\":\"https:\/\/smallthings.fr\/lespetitslivres\/2014\/01\/22\/les-heures-souterraines-delphine-de-vigan\/#breadcrumb\"},\"inLanguage\":\"fr-FR\",\"potentialAction\":[{\"@type\":\"ReadAction\",\"target\":[\"https:\/\/smallthings.fr\/lespetitslivres\/2014\/01\/22\/les-heures-souterraines-delphine-de-vigan\/\"]}]},{\"@type\":\"BreadcrumbList\",\"@id\":\"https:\/\/smallthings.fr\/lespetitslivres\/2014\/01\/22\/les-heures-souterraines-delphine-de-vigan\/#breadcrumb\",\"itemListElement\":[{\"@type\":\"ListItem\",\"position\":1,\"name\":\"Accueil\",\"item\":\"https:\/\/smallthings.fr\/lespetitslivres\/\"},{\"@type\":\"ListItem\",\"position\":2,\"name\":\"Les heures souterraines &#8211; Delphine de Vigan\"}]},{\"@type\":\"WebSite\",\"@id\":\"https:\/\/smallthings.fr\/lespetitslivres\/#website\",\"url\":\"https:\/\/smallthings.fr\/lespetitslivres\/\",\"name\":\"Les Petits Livres\",\"description\":\"by Small Things\",\"potentialAction\":[{\"@type\":\"SearchAction\",\"target\":{\"@type\":\"EntryPoint\",\"urlTemplate\":\"https:\/\/smallthings.fr\/lespetitslivres\/?s={search_term_string}\"},\"query-input\":\"required name=search_term_string\"}],\"inLanguage\":\"fr-FR\"},{\"@type\":\"Person\",\"@id\":\"https:\/\/smallthings.fr\/lespetitslivres\/#\/schema\/person\/7b3de8ef611f2b29f758a00cad7cafb2\",\"name\":\"Cecile\",\"image\":{\"@type\":\"ImageObject\",\"inLanguage\":\"fr-FR\",\"@id\":\"https:\/\/smallthings.fr\/lespetitslivres\/#\/schema\/person\/image\/\",\"url\":\"https:\/\/secure.gravatar.com\/avatar\/a855fa1dbad38b06e97132a8a6579746?s=96&d=retro&r=g\",\"contentUrl\":\"https:\/\/secure.gravatar.com\/avatar\/a855fa1dbad38b06e97132a8a6579746?s=96&d=retro&r=g\",\"caption\":\"Cecile\"},\"url\":\"https:\/\/smallthings.fr\/lespetitslivres\/author\/cecile\/\"}]}<\/script>\n<!-- \/ Yoast SEO plugin. -->","yoast_head_json":{"title":"Les heures souterraines - Delphine de Vigan - | SMALL THINGS |","description":"Avec Les heures souterraines, Delphine de Vigan et son \u00e9diteur JC Latt\u00e8s ont cr\u00e9\u00e9 le buzz de la rentr\u00e9e litt\u00e9raire 2009. Retour sur ce livre coup de poing.","robots":{"index":"index","follow":"follow","max-snippet":"max-snippet:-1","max-image-preview":"max-image-preview:large","max-video-preview":"max-video-preview:-1"},"canonical":"https:\/\/smallthings.fr\/lespetitslivres\/2014\/01\/22\/les-heures-souterraines-delphine-de-vigan\/","og_locale":"fr_FR","og_type":"article","og_title":"Les heures souterraines - Delphine de Vigan - | SMALL THINGS |","og_description":"Avec Les heures souterraines, Delphine de Vigan et son \u00e9diteur JC Latt\u00e8s ont cr\u00e9\u00e9 le buzz de la rentr\u00e9e litt\u00e9raire 2009. Retour sur ce livre coup de poing.","og_url":"https:\/\/smallthings.fr\/lespetitslivres\/2014\/01\/22\/les-heures-souterraines-delphine-de-vigan\/","og_site_name":"Les Petits Livres","article_published_time":"2014-01-22T14:19:28+00:00","article_modified_time":"2015-11-02T12:33:00+00:00","author":"Cecile","twitter_card":"summary_large_image","twitter_misc":{"\u00c9crit par":"Cecile","Dur\u00e9e de lecture estim\u00e9e":"6 minutes"},"schema":{"@context":"https:\/\/schema.org","@graph":[{"@type":"WebPage","@id":"https:\/\/smallthings.fr\/lespetitslivres\/2014\/01\/22\/les-heures-souterraines-delphine-de-vigan\/","url":"https:\/\/smallthings.fr\/lespetitslivres\/2014\/01\/22\/les-heures-souterraines-delphine-de-vigan\/","name":"Les heures souterraines - Delphine de Vigan - | SMALL THINGS |","isPartOf":{"@id":"https:\/\/smallthings.fr\/lespetitslivres\/#website"},"datePublished":"2014-01-22T14:19:28+00:00","dateModified":"2015-11-02T12:33:00+00:00","author":{"@id":"https:\/\/smallthings.fr\/lespetitslivres\/#\/schema\/person\/7b3de8ef611f2b29f758a00cad7cafb2"},"description":"Avec Les heures souterraines, Delphine de Vigan et son \u00e9diteur JC Latt\u00e8s ont cr\u00e9\u00e9 le buzz de la rentr\u00e9e litt\u00e9raire 2009. Retour sur ce livre coup de poing.","breadcrumb":{"@id":"https:\/\/smallthings.fr\/lespetitslivres\/2014\/01\/22\/les-heures-souterraines-delphine-de-vigan\/#breadcrumb"},"inLanguage":"fr-FR","potentialAction":[{"@type":"ReadAction","target":["https:\/\/smallthings.fr\/lespetitslivres\/2014\/01\/22\/les-heures-souterraines-delphine-de-vigan\/"]}]},{"@type":"BreadcrumbList","@id":"https:\/\/smallthings.fr\/lespetitslivres\/2014\/01\/22\/les-heures-souterraines-delphine-de-vigan\/#breadcrumb","itemListElement":[{"@type":"ListItem","position":1,"name":"Accueil","item":"https:\/\/smallthings.fr\/lespetitslivres\/"},{"@type":"ListItem","position":2,"name":"Les heures souterraines &#8211; Delphine de Vigan"}]},{"@type":"WebSite","@id":"https:\/\/smallthings.fr\/lespetitslivres\/#website","url":"https:\/\/smallthings.fr\/lespetitslivres\/","name":"Les Petits Livres","description":"by Small Things","potentialAction":[{"@type":"SearchAction","target":{"@type":"EntryPoint","urlTemplate":"https:\/\/smallthings.fr\/lespetitslivres\/?s={search_term_string}"},"query-input":"required name=search_term_string"}],"inLanguage":"fr-FR"},{"@type":"Person","@id":"https:\/\/smallthings.fr\/lespetitslivres\/#\/schema\/person\/7b3de8ef611f2b29f758a00cad7cafb2","name":"Cecile","image":{"@type":"ImageObject","inLanguage":"fr-FR","@id":"https:\/\/smallthings.fr\/lespetitslivres\/#\/schema\/person\/image\/","url":"https:\/\/secure.gravatar.com\/avatar\/a855fa1dbad38b06e97132a8a6579746?s=96&d=retro&r=g","contentUrl":"https:\/\/secure.gravatar.com\/avatar\/a855fa1dbad38b06e97132a8a6579746?s=96&d=retro&r=g","caption":"Cecile"},"url":"https:\/\/smallthings.fr\/lespetitslivres\/author\/cecile\/"}]}},"jetpack_featured_media_url":"","jetpack_sharing_enabled":true,"jetpack_shortlink":"https:\/\/wp.me\/p6Un21-2KF","jetpack-related-posts":[{"id":26505,"url":"https:\/\/smallthings.fr\/lespetitslivres\/2015\/08\/26\/d-apres-une-histoire-vraie-vigan-critique\/","url_meta":{"origin":10581,"position":0},"title":"D&rsquo;apr\u00e8s une histoire vraie : Delphine de Vigan et l&rsquo;autofiction","author":"Claire","date":"26 ao\u00fbt 2015","format":false,"excerpt":"D'apr\u00e8s une histoire vraie, nouveau roman de Delphine de Vigan, sort aujourd'hui aux \u00e9ditions JC Latt\u00e8s. Un livre tr\u00e8s attendu, quatre ans apr\u00e8s la bombe Rien ne s'oppose \u00e0 la nuit (2011). Pour cette rentr\u00e9e litt\u00e9raire, l'auteure nous propose un livre surprenant, qui m\u00eale fiction et r\u00e9alit\u00e9 dans une intensit\u00e9\u2026","rel":"","context":"Dans &quot;Rentr\u00e9e Litt\u00e9raire&quot;","block_context":{"text":"Rentr\u00e9e Litt\u00e9raire","link":"https:\/\/smallthings.fr\/lespetitslivres\/category\/rentree-litteraire-2015\/"},"img":{"alt_text":"","src":"","width":0,"height":0},"classes":[]},{"id":28983,"url":"https:\/\/smallthings.fr\/lespetitslivres\/2015\/11\/03\/delphine-de-vigan-renaudot-extrait\/","url_meta":{"origin":10581,"position":1},"title":"Delphine de Vigan : prix Renaudot 2015 &#8211; extrait de son roman","author":"Claire","date":"3 novembre 2015","format":false,"excerpt":"Delphine de Vigan est laur\u00e9ate du prix Renaudot pour son dernier roman D'apr\u00e8s une histoire vraie, paru aux \u00e9ditions JC Latt\u00e8s. Un prix hautement m\u00e9rit\u00e9, pour un livre quasi exp\u00e9rimental dans lequel l'auteure s'amuse de l'autofiction. Entre v\u00e9rit\u00e9 et mensonge, le personnage principal nous entra\u00eene dans les m\u00e9andres de la\u2026","rel":"","context":"Dans &quot;Actu&quot;","block_context":{"text":"Actu","link":"https:\/\/smallthings.fr\/lespetitslivres\/category\/actu\/"},"img":{"alt_text":"","src":"https:\/\/i0.wp.com\/smallthings.fr\/lespetitslivres\/wp-content\/uploads\/2015\/11\/delphine-de-vigan-renaudot-e1446734490525.jpg?resize=350%2C200&ssl=1","width":350,"height":200},"classes":[]},{"id":31463,"url":"https:\/\/smallthings.fr\/lespetitslivres\/2018\/01\/03\/les-loyautes-delphine-de-vigan\/","url_meta":{"origin":10581,"position":2},"title":"Les loyaut\u00e9s, nouvelle p\u00e9pite de Delphine de Vigan","author":"Claire","date":"3 janvier 2018","format":false,"excerpt":"C'est un roman choral audacieux et ac\u00e9r\u00e9 que Delphine de Vigan nous propose pour cette rentr\u00e9e de janvier chez Latt\u00e8s. Le titre, Les loyaut\u00e9s, en est comme l'explication de texte permanente que l'on se rappelle tout au long de la lecture pour faire r\u00e9sonner les mots \u00e0 sa lumi\u00e8re. L'histoire\u2026","rel":"","context":"Dans &quot;Roman fran\u00e7ais&quot;","block_context":{"text":"Roman fran\u00e7ais","link":"https:\/\/smallthings.fr\/lespetitslivres\/category\/roman\/roman-francais\/"},"img":{"alt_text":"","src":"https:\/\/i0.wp.com\/smallthings.fr\/lespetitslivres\/wp-content\/uploads\/2018\/01\/Delphine-de-Vigan-scaled.jpg?resize=350%2C200&ssl=1","width":350,"height":200,"srcset":"https:\/\/i0.wp.com\/smallthings.fr\/lespetitslivres\/wp-content\/uploads\/2018\/01\/Delphine-de-Vigan-scaled.jpg?resize=350%2C200&ssl=1 1x, https:\/\/i0.wp.com\/smallthings.fr\/lespetitslivres\/wp-content\/uploads\/2018\/01\/Delphine-de-Vigan-scaled.jpg?resize=525%2C300&ssl=1 1.5x, https:\/\/i0.wp.com\/smallthings.fr\/lespetitslivres\/wp-content\/uploads\/2018\/01\/Delphine-de-Vigan-scaled.jpg?resize=700%2C400&ssl=1 2x, https:\/\/i0.wp.com\/smallthings.fr\/lespetitslivres\/wp-content\/uploads\/2018\/01\/Delphine-de-Vigan-scaled.jpg?resize=1050%2C600&ssl=1 3x, https:\/\/i0.wp.com\/smallthings.fr\/lespetitslivres\/wp-content\/uploads\/2018\/01\/Delphine-de-Vigan-scaled.jpg?resize=1400%2C800&ssl=1 4x"},"classes":[]},{"id":7609,"url":"https:\/\/smallthings.fr\/lespetitslivres\/2013\/08\/23\/delphine-bertholon-le-soleil-a-mes-pieds\/","url_meta":{"origin":10581,"position":3},"title":"Delphine Bertholon &#8211; Le soleil \u00e0 mes pieds","author":"Claire","date":"23 ao\u00fbt 2013","format":false,"excerpt":"Continuons notre exploration des sorties de la rentr\u00e9e litt\u00e9raire avec le nouveau roman de Delphine Berthelon qui para\u00eet chez JC Latt\u00e8s.","rel":"","context":"Dans &quot;Roman fran\u00e7ais&quot;","block_context":{"text":"Roman fran\u00e7ais","link":"https:\/\/smallthings.fr\/lespetitslivres\/category\/roman\/roman-francais\/"},"img":{"alt_text":"","src":"","width":0,"height":0},"classes":[]},{"id":30943,"url":"https:\/\/smallthings.fr\/lespetitslivres\/2017\/04\/14\/supplice-saint-valentin-jennifer-didi\/","url_meta":{"origin":10581,"position":4},"title":"Le supplice de la Saint-Valentin, nouvelle dark romance de Jennifer Didi","author":"Claire","date":"14 avril 2017","format":false,"excerpt":"Je vous propose de faire la d\u00e9couverte de la novella\u00a0Le supplice de la Saint-Valentin, r\u00e9cemment parue chez Evidence Editions. Ce texte est tout \u00e0 fait particulier \u00e0 nos yeux car l'auteur n'est autre que notre ch\u00e8re r\u00e9dactrice Jennifer ! J'ai eu le plaisir de d\u00e9couvrir cette nouvelle de dark romance\u2026","rel":"","context":"Dans &quot;Roman fran\u00e7ais&quot;","block_context":{"text":"Roman fran\u00e7ais","link":"https:\/\/smallthings.fr\/lespetitslivres\/category\/roman\/roman-francais\/"},"img":{"alt_text":"","src":"https:\/\/i0.wp.com\/smallthings.fr\/lespetitslivres\/wp-content\/uploads\/2017\/04\/le-supplice-de-la-saint-valentin-Copie.jpg?resize=350%2C200&ssl=1","width":350,"height":200,"srcset":"https:\/\/i0.wp.com\/smallthings.fr\/lespetitslivres\/wp-content\/uploads\/2017\/04\/le-supplice-de-la-saint-valentin-Copie.jpg?resize=350%2C200&ssl=1 1x, https:\/\/i0.wp.com\/smallthings.fr\/lespetitslivres\/wp-content\/uploads\/2017\/04\/le-supplice-de-la-saint-valentin-Copie.jpg?resize=525%2C300&ssl=1 1.5x"},"classes":[]},{"id":30999,"url":"https:\/\/smallthings.fr\/lespetitslivres\/2017\/05\/16\/coeur-naufrage-bertholon-roman-avis\/","url_meta":{"origin":10581,"position":5},"title":"C\u0153ur-Naufrage, la r\u00e9silience selon Delphine Bertholon","author":"Claire","date":"16 mai 2017","format":false,"excerpt":"C\u0153ur-Naufrage est le dernier roman de Delphine Bertholon, paru en mars chez Latt\u00e8s. Un livre qui parle d'un amour de vacances, mais surtout de regret, d'espoir et de pardon. Quelques ann\u00e9es apr\u00e8s Le Soleil \u00e0 mes pieds, Delphine Bertholon a trouv\u00e9 son ton, son style et son message. Une r\u00e9ussite.\u2026","rel":"","context":"Dans &quot;Roman fran\u00e7ais&quot;","block_context":{"text":"Roman fran\u00e7ais","link":"https:\/\/smallthings.fr\/lespetitslivres\/category\/roman\/roman-francais\/"},"img":{"alt_text":"","src":"https:\/\/i0.wp.com\/smallthings.fr\/lespetitslivres\/wp-content\/uploads\/2017\/05\/coeur-naufrage-couv.jpg?resize=350%2C200&ssl=1","width":350,"height":200,"srcset":"https:\/\/i0.wp.com\/smallthings.fr\/lespetitslivres\/wp-content\/uploads\/2017\/05\/coeur-naufrage-couv.jpg?resize=350%2C200&ssl=1 1x, https:\/\/i0.wp.com\/smallthings.fr\/lespetitslivres\/wp-content\/uploads\/2017\/05\/coeur-naufrage-couv.jpg?resize=525%2C300&ssl=1 1.5x"},"classes":[]}],"_links":{"self":[{"href":"https:\/\/smallthings.fr\/lespetitslivres\/wp-json\/wp\/v2\/posts\/10581"}],"collection":[{"href":"https:\/\/smallthings.fr\/lespetitslivres\/wp-json\/wp\/v2\/posts"}],"about":[{"href":"https:\/\/smallthings.fr\/lespetitslivres\/wp-json\/wp\/v2\/types\/post"}],"author":[{"embeddable":true,"href":"https:\/\/smallthings.fr\/lespetitslivres\/wp-json\/wp\/v2\/users\/13"}],"replies":[{"embeddable":true,"href":"https:\/\/smallthings.fr\/lespetitslivres\/wp-json\/wp\/v2\/comments?post=10581"}],"version-history":[{"count":1,"href":"https:\/\/smallthings.fr\/lespetitslivres\/wp-json\/wp\/v2\/posts\/10581\/revisions"}],"predecessor-version":[{"id":28910,"href":"https:\/\/smallthings.fr\/lespetitslivres\/wp-json\/wp\/v2\/posts\/10581\/revisions\/28910"}],"wp:featuredmedia":[{"embeddable":true,"href":"https:\/\/smallthings.fr\/lespetitslivres\/wp-json\/"}],"wp:attachment":[{"href":"https:\/\/smallthings.fr\/lespetitslivres\/wp-json\/wp\/v2\/media?parent=10581"}],"wp:term":[{"taxonomy":"category","embeddable":true,"href":"https:\/\/smallthings.fr\/lespetitslivres\/wp-json\/wp\/v2\/categories?post=10581"},{"taxonomy":"post_tag","embeddable":true,"href":"https:\/\/smallthings.fr\/lespetitslivres\/wp-json\/wp\/v2\/tags?post=10581"}],"curies":[{"name":"wp","href":"https:\/\/api.w.org\/{rel}","templated":true}]}}