{"id":10212,"date":"2013-12-24T12:05:06","date_gmt":"2013-12-24T11:05:06","guid":{"rendered":"http:\/\/smallthings.fr\/?post_type=os_livre&#038;p=10212"},"modified":"2015-11-02T13:33:18","modified_gmt":"2015-11-02T12:33:18","slug":"le-new-york-des-ecrivains-nouvelles","status":"publish","type":"post","link":"https:\/\/smallthings.fr\/lespetitslivres\/2013\/12\/24\/le-new-york-des-ecrivains-nouvelles\/","title":{"rendered":"Le New York des \u00e9crivains : des nouvelles pour No\u00ebl"},"content":{"rendered":"<h2>Si pour vous la magie de New York s\u2019apparente \u00e0 celle de No\u00ebl, alors vous \u00eates tomb\u00e9s sur le bon article. Les \u00e9ditions Stock ont sorti cet automne ce recueil de nouvelles original sur le th\u00e8me de New York. Le livre a donc quelques mois, mais je choisis de vous en parler pour No\u00ebl. Nouvelle apr\u00e8s nouvelle, laissez-vous entra\u00eener \u00e0 Central Park, Brooklyn, Harlem\u2026\u00a0gr\u00e2ce\u00a0\u00e0\u00a0la plume d\u2019\u00e9crivains talentueux.<\/h2>\n<p><a href=\"http:\/\/smallthings.fr\/livre\/le-new-york-des-ecrivains-nouvelles\/new-york-ecrivains-couv\/\" rel=\"attachment wp-att-10214\"><img loading=\"lazy\" decoding=\"async\" class=\"alignright size-full wp-image-10214\" alt=\"new-york-ecrivains-couv\" src=\"http:\/\/uploads.smallthings.fr\/2013\/12\/new-york-ecrivains-couv.jpg\" width=\"350\" height=\"554\" \/><\/a><strong>Un recueil de nouvelles sous New York dirig\u00e9 par Vincent Jaury<\/strong>, fondateur et r\u00e9dacteur de la revue <strong><em>Transfuge<\/em><\/strong> ? Sans h\u00e9sitation, je demande \u00e0 recevoir le livre. Une chouette couverture, des lumi\u00e8res flout\u00e9es rouges et grises, l&rsquo;Empire State Building. Moi qui r\u00eave de retourner \u00e0 New York depuis des mois, je me dis que ce recueil pourrait m&rsquo;aider \u00e0 patienter&#8230; !<\/p>\n<p>Des \u00e9crivains plus ou moins connus se partagent de recueil de 225 pages, \u00e0 raison d&rsquo;une dizaine chacun. <strong>Fran\u00e7ois B\u00e9gaudeau, Cl\u00e9mence Boulouque, Chlo\u00e9 Delaume, Michka Assayas, Oriane Jeancourt Galignani&#8230; nous entra\u00eenent dans diff\u00e9rents quartiers de New York, mais aussi \u00e0 diff\u00e9rentes \u00e9poques.<\/strong> Quelques pages d&rsquo;illustration par ci par l\u00e0, dessins de Fran\u00e7ois Olislaeger qu&rsquo;on dirait trac\u00e9s au fusain, sobres, qui refl\u00e8tent diff\u00e9rentes ambiances.<\/p>\n<p>Une jeune femme \u00e8re dans les rues de New York apr\u00e8s une soir\u00e9e en bo\u00eete de nuit, en robe de soir\u00e9e et chaussures en toile, elle cherche sa voie aupr\u00e8s des voyantes qu&rsquo;elle croise sur sa route. La r\u00e9ponse au pourquoi d&rsquo;un amour perdu ? Un autre d\u00e9marche des producteurs dans l&rsquo;espoir de vendre son sc\u00e9nario sur les pens\u00e9es de Melville, l&rsquo;auteur de <em>Moby Dick<\/em>.\u00a0Obs\u00e9d\u00e9 par le souhait de voir son projet aboutir, il va jusqu&rsquo;\u00e0 Paris rencontrer Michael Cimino. Laura et Alex traversent l&rsquo;Atlantique pour un concert, esp\u00e9rant redonner \u00e0 Alex l&rsquo;espoir, ou le message, qu&rsquo;il semble attendre&#8230;<\/p>\n<blockquote><p>\u00ab\u00a0La fureur de ta vie pass\u00e9e trouvera ici de quoi s&rsquo;exalter.\u00a0\u00bb<\/p><\/blockquote>\n<p>Autant d&rsquo;histoires que de confrontations aux c\u00f4t\u00e9s sombres des personnages. Autant de petites v\u00e9rit\u00e9s parsem\u00e9es ici et l\u00e0 dans le texte.<\/p>\n<p>L&rsquo;article paru sur <a href=\"http:\/\/blogs.mediapart.fr\/edition\/bookclub\/article\/261113\/start-spreading-news-le-new-york-des-ecrivains\" target=\"_blank\">Mediapart<\/a>, dont l&rsquo;angle est int\u00e9ressant : <strong>New York<\/strong> non pas comme une ville, mais <strong>comme une \u00ab\u00a0histoire collective\u00a0\u00bb<\/strong>, un enchev\u00eatrement d&rsquo;existences, de parcours, d&rsquo;intimit\u00e9s. Mais aussi comment ne pas aller vers les mille clich\u00e9s possibles lorsqu&rsquo;on parle de cette ville ? Le recueil du <em>New York des \u00e9crivains<\/em> rel\u00e8ve parfaitement le challenge. Aucun lieu commun, juste des histoires les unes \u00e0 la suite des autres, \u00e0 partir desquelles se dessinent dans notre imaginaire les buildings, les avenues, New York.<\/p>\n<blockquote><p>\u00ab\u00a0La transmigration des r\u00eaves est la seule explication de New York.\u00a0\u00bb<\/p><\/blockquote>\n<p>Sur ce, joyeux No\u00ebl ! \ud83d\ude42<\/p>\n","protected":false},"excerpt":{"rendered":"<p>Si pour vous la magie de New York s\u2019apparente \u00e0 celle de No\u00ebl,  alors vous \u00eates tomb\u00e9s sur le bon article. Les \u00e9ditions Stock ont sorti cet automne ce recueil de nouvelles original sur le th\u00e8me de New York. <\/p>\n","protected":false},"author":2,"featured_media":10213,"comment_status":"open","ping_status":"open","sticky":false,"template":"","format":"standard","meta":{"jetpack_post_was_ever_published":false,"_jetpack_newsletter_access":"","_jetpack_newsletter_tier_id":0,"footnotes":"","jetpack_publicize_message":"","jetpack_is_tweetstorm":false,"jetpack_publicize_feature_enabled":true,"jetpack_social_post_already_shared":true,"jetpack_social_options":{"image_generator_settings":{"template":"highway","enabled":false}}},"categories":[1117],"tags":[586,587,578,320],"jetpack_publicize_connections":[],"yoast_head":"<!-- This site is optimized with the Yoast SEO plugin v21.5 - https:\/\/yoast.com\/wordpress\/plugins\/seo\/ -->\n<title>Le New York des \u00e9crivains : des nouvelles pour No\u00ebl<\/title>\n<meta name=\"description\" content=\"Le New York des \u00e9crivains : zoom sur un recueil de nouvelles qui vous entra\u00eenera \u00e0 New York gr\u00e2ce \u00e0 la plume d&#039;\u00e9crivains talentueux\" \/>\n<meta name=\"robots\" content=\"index, follow, max-snippet:-1, max-image-preview:large, max-video-preview:-1\" \/>\n<link rel=\"canonical\" href=\"https:\/\/smallthings.fr\/lespetitslivres\/2013\/12\/24\/le-new-york-des-ecrivains-nouvelles\/\" \/>\n<meta property=\"og:locale\" content=\"fr_FR\" \/>\n<meta property=\"og:type\" content=\"article\" \/>\n<meta property=\"og:title\" content=\"Le New York des \u00e9crivains : des nouvelles pour No\u00ebl\" \/>\n<meta property=\"og:description\" content=\"Le New York des \u00e9crivains : zoom sur un recueil de nouvelles qui vous entra\u00eenera \u00e0 New York gr\u00e2ce \u00e0 la plume d&#039;\u00e9crivains talentueux\" \/>\n<meta property=\"og:url\" content=\"https:\/\/smallthings.fr\/lespetitslivres\/2013\/12\/24\/le-new-york-des-ecrivains-nouvelles\/\" \/>\n<meta property=\"og:site_name\" content=\"Les Petits Livres\" \/>\n<meta property=\"article:published_time\" content=\"2013-12-24T11:05:06+00:00\" \/>\n<meta property=\"article:modified_time\" content=\"2015-11-02T12:33:18+00:00\" \/>\n<meta name=\"author\" content=\"Claire\" \/>\n<meta name=\"twitter:card\" content=\"summary_large_image\" \/>\n<meta name=\"twitter:label1\" content=\"\u00c9crit par\" \/>\n\t<meta name=\"twitter:data1\" content=\"Claire\" \/>\n\t<meta name=\"twitter:label2\" content=\"Dur\u00e9e de lecture estim\u00e9e\" \/>\n\t<meta name=\"twitter:data2\" content=\"2 minutes\" \/>\n<script type=\"application\/ld+json\" class=\"yoast-schema-graph\">{\"@context\":\"https:\/\/schema.org\",\"@graph\":[{\"@type\":\"WebPage\",\"@id\":\"https:\/\/smallthings.fr\/lespetitslivres\/2013\/12\/24\/le-new-york-des-ecrivains-nouvelles\/\",\"url\":\"https:\/\/smallthings.fr\/lespetitslivres\/2013\/12\/24\/le-new-york-des-ecrivains-nouvelles\/\",\"name\":\"Le New York des \u00e9crivains : des nouvelles pour No\u00ebl\",\"isPartOf\":{\"@id\":\"https:\/\/smallthings.fr\/lespetitslivres\/#website\"},\"datePublished\":\"2013-12-24T11:05:06+00:00\",\"dateModified\":\"2015-11-02T12:33:18+00:00\",\"author\":{\"@id\":\"https:\/\/smallthings.fr\/lespetitslivres\/#\/schema\/person\/504d603cacfe064fe039dfa03a8b7918\"},\"description\":\"Le New York des \u00e9crivains : zoom sur un recueil de nouvelles qui vous entra\u00eenera \u00e0 New York gr\u00e2ce \u00e0 la plume d'\u00e9crivains talentueux\",\"breadcrumb\":{\"@id\":\"https:\/\/smallthings.fr\/lespetitslivres\/2013\/12\/24\/le-new-york-des-ecrivains-nouvelles\/#breadcrumb\"},\"inLanguage\":\"fr-FR\",\"potentialAction\":[{\"@type\":\"ReadAction\",\"target\":[\"https:\/\/smallthings.fr\/lespetitslivres\/2013\/12\/24\/le-new-york-des-ecrivains-nouvelles\/\"]}]},{\"@type\":\"BreadcrumbList\",\"@id\":\"https:\/\/smallthings.fr\/lespetitslivres\/2013\/12\/24\/le-new-york-des-ecrivains-nouvelles\/#breadcrumb\",\"itemListElement\":[{\"@type\":\"ListItem\",\"position\":1,\"name\":\"Accueil\",\"item\":\"https:\/\/smallthings.fr\/lespetitslivres\/\"},{\"@type\":\"ListItem\",\"position\":2,\"name\":\"Le New York des \u00e9crivains : des nouvelles pour No\u00ebl\"}]},{\"@type\":\"WebSite\",\"@id\":\"https:\/\/smallthings.fr\/lespetitslivres\/#website\",\"url\":\"https:\/\/smallthings.fr\/lespetitslivres\/\",\"name\":\"Les Petits Livres\",\"description\":\"by Small Things\",\"potentialAction\":[{\"@type\":\"SearchAction\",\"target\":{\"@type\":\"EntryPoint\",\"urlTemplate\":\"https:\/\/smallthings.fr\/lespetitslivres\/?s={search_term_string}\"},\"query-input\":\"required name=search_term_string\"}],\"inLanguage\":\"fr-FR\"},{\"@type\":\"Person\",\"@id\":\"https:\/\/smallthings.fr\/lespetitslivres\/#\/schema\/person\/504d603cacfe064fe039dfa03a8b7918\",\"name\":\"Claire\",\"image\":{\"@type\":\"ImageObject\",\"inLanguage\":\"fr-FR\",\"@id\":\"https:\/\/smallthings.fr\/lespetitslivres\/#\/schema\/person\/image\/\",\"url\":\"https:\/\/secure.gravatar.com\/avatar\/9a85ff83d76b3eb17b8cae208640786e?s=96&d=retro&r=g\",\"contentUrl\":\"https:\/\/secure.gravatar.com\/avatar\/9a85ff83d76b3eb17b8cae208640786e?s=96&d=retro&r=g\",\"caption\":\"Claire\"},\"url\":\"https:\/\/smallthings.fr\/lespetitslivres\/author\/claire\/\"}]}<\/script>\n<!-- \/ Yoast SEO plugin. -->","yoast_head_json":{"title":"Le New York des \u00e9crivains : des nouvelles pour No\u00ebl","description":"Le New York des \u00e9crivains : zoom sur un recueil de nouvelles qui vous entra\u00eenera \u00e0 New York gr\u00e2ce \u00e0 la plume d'\u00e9crivains talentueux","robots":{"index":"index","follow":"follow","max-snippet":"max-snippet:-1","max-image-preview":"max-image-preview:large","max-video-preview":"max-video-preview:-1"},"canonical":"https:\/\/smallthings.fr\/lespetitslivres\/2013\/12\/24\/le-new-york-des-ecrivains-nouvelles\/","og_locale":"fr_FR","og_type":"article","og_title":"Le New York des \u00e9crivains : des nouvelles pour No\u00ebl","og_description":"Le New York des \u00e9crivains : zoom sur un recueil de nouvelles qui vous entra\u00eenera \u00e0 New York gr\u00e2ce \u00e0 la plume d'\u00e9crivains talentueux","og_url":"https:\/\/smallthings.fr\/lespetitslivres\/2013\/12\/24\/le-new-york-des-ecrivains-nouvelles\/","og_site_name":"Les Petits Livres","article_published_time":"2013-12-24T11:05:06+00:00","article_modified_time":"2015-11-02T12:33:18+00:00","author":"Claire","twitter_card":"summary_large_image","twitter_misc":{"\u00c9crit par":"Claire","Dur\u00e9e de lecture estim\u00e9e":"2 minutes"},"schema":{"@context":"https:\/\/schema.org","@graph":[{"@type":"WebPage","@id":"https:\/\/smallthings.fr\/lespetitslivres\/2013\/12\/24\/le-new-york-des-ecrivains-nouvelles\/","url":"https:\/\/smallthings.fr\/lespetitslivres\/2013\/12\/24\/le-new-york-des-ecrivains-nouvelles\/","name":"Le New York des \u00e9crivains : des nouvelles pour No\u00ebl","isPartOf":{"@id":"https:\/\/smallthings.fr\/lespetitslivres\/#website"},"datePublished":"2013-12-24T11:05:06+00:00","dateModified":"2015-11-02T12:33:18+00:00","author":{"@id":"https:\/\/smallthings.fr\/lespetitslivres\/#\/schema\/person\/504d603cacfe064fe039dfa03a8b7918"},"description":"Le New York des \u00e9crivains : zoom sur un recueil de nouvelles qui vous entra\u00eenera \u00e0 New York gr\u00e2ce \u00e0 la plume d'\u00e9crivains talentueux","breadcrumb":{"@id":"https:\/\/smallthings.fr\/lespetitslivres\/2013\/12\/24\/le-new-york-des-ecrivains-nouvelles\/#breadcrumb"},"inLanguage":"fr-FR","potentialAction":[{"@type":"ReadAction","target":["https:\/\/smallthings.fr\/lespetitslivres\/2013\/12\/24\/le-new-york-des-ecrivains-nouvelles\/"]}]},{"@type":"BreadcrumbList","@id":"https:\/\/smallthings.fr\/lespetitslivres\/2013\/12\/24\/le-new-york-des-ecrivains-nouvelles\/#breadcrumb","itemListElement":[{"@type":"ListItem","position":1,"name":"Accueil","item":"https:\/\/smallthings.fr\/lespetitslivres\/"},{"@type":"ListItem","position":2,"name":"Le New York des \u00e9crivains : des nouvelles pour No\u00ebl"}]},{"@type":"WebSite","@id":"https:\/\/smallthings.fr\/lespetitslivres\/#website","url":"https:\/\/smallthings.fr\/lespetitslivres\/","name":"Les Petits Livres","description":"by Small Things","potentialAction":[{"@type":"SearchAction","target":{"@type":"EntryPoint","urlTemplate":"https:\/\/smallthings.fr\/lespetitslivres\/?s={search_term_string}"},"query-input":"required name=search_term_string"}],"inLanguage":"fr-FR"},{"@type":"Person","@id":"https:\/\/smallthings.fr\/lespetitslivres\/#\/schema\/person\/504d603cacfe064fe039dfa03a8b7918","name":"Claire","image":{"@type":"ImageObject","inLanguage":"fr-FR","@id":"https:\/\/smallthings.fr\/lespetitslivres\/#\/schema\/person\/image\/","url":"https:\/\/secure.gravatar.com\/avatar\/9a85ff83d76b3eb17b8cae208640786e?s=96&d=retro&r=g","contentUrl":"https:\/\/secure.gravatar.com\/avatar\/9a85ff83d76b3eb17b8cae208640786e?s=96&d=retro&r=g","caption":"Claire"},"url":"https:\/\/smallthings.fr\/lespetitslivres\/author\/claire\/"}]}},"jetpack_featured_media_url":"","jetpack_sharing_enabled":true,"jetpack_shortlink":"https:\/\/wp.me\/p6Un21-2EI","jetpack-related-posts":[{"id":22535,"url":"https:\/\/smallthings.fr\/lespetitslivres\/2015\/04\/16\/black-mambo-nouvelles-magie-noire-avis\/","url_meta":{"origin":10212,"position":0},"title":"Black Mambo : des nouvelles de la magie noire","author":"Jennifer","date":"16 avril 2015","format":false,"excerpt":"Black Mambo est un recueil qui regroupe trois courts romans\u00a0: L\u2019ivresse du Djinn de Vanessa Terral, La danse Eternelle des Roseaux de Sophie Dabat et Les Enfants de Samedi de Morgane Caussarieu. Il est sorti le 1er avril dernier aux \u00e9ditions du Chat Noir et regroupe des histoires de magie\u2026","rel":"","context":"Dans &quot;Fantastique&quot;","block_context":{"text":"Fantastique","link":"https:\/\/smallthings.fr\/lespetitslivres\/category\/imaginaire\/fantastique\/"},"img":{"alt_text":"Les 3 auteures de Black Mambo au Salon du Livre de Paris : Vanessa Terral, Sophie Dabat et Morgane Caussarieu","src":"https:\/\/i0.wp.com\/smallthings.fr\/wp-content\/uploads\/2015\/04\/black-mambo-auteurs-800x608.jpg?resize=350%2C200","width":350,"height":200},"classes":[]},{"id":11355,"url":"https:\/\/smallthings.fr\/lespetitslivres\/2015\/02\/14\/putain-damour-putain-de-livre-pour-la-saint-valentin\/","url_meta":{"origin":10212,"position":1},"title":"Putain d&rsquo;amour : un putain de livre pour la Saint-Valentin","author":"Claire","date":"14 f\u00e9vrier 2015","format":false,"excerpt":"Putain d'amour est sorti fin janvier au Livre de Poche. \"Carte blanche aux nouvelles voix\", annonce l'\u00e9diteur. Des blogueurs, satires, graffeurs, typographes, s'expriment pas textes, dessins, dialogues par mails, tweets, pour tenter de r\u00e9pondre \u00e0 cette question universelle :\u00ab\u00a0Mais putain c\u2019est quoi l\u2019amour, aujourd'hui?\u00a0\u00bb, et aussi \u00ab\u00a0C\u2019est quoi l\u2019amour 2.0?\u00a0\u00bb.\u2026","rel":"","context":"Dans &quot;Non fiction&quot;","block_context":{"text":"Non fiction","link":"https:\/\/smallthings.fr\/lespetitslivres\/category\/non-fiction\/"},"img":{"alt_text":"","src":"https:\/\/i0.wp.com\/uploads.smallthings.fr\/2014\/02\/putain-d-amour.jpg?resize=350%2C200","width":350,"height":200},"classes":[]},{"id":9744,"url":"https:\/\/smallthings.fr\/lespetitslivres\/2013\/12\/11\/tout-ce-qui-brille-anne-godbersen\/","url_meta":{"origin":10212,"position":2},"title":"Tout ce qui brille d&rsquo;Anna Godbersen : le NY des ann\u00e9es 30","author":"Claire","date":"11 d\u00e9cembre 2013","format":false,"excerpt":"\ufeffTout ce qui brille est sorti aux \u00e9ditions du Livre de Poche \u00e0 la fin du mois d'octobre. Il nous entra\u00eene \u00e0 New York en 1929 en compagnie de Letty et Cordelia, deux jeunes femmes happ\u00e9es par les soir\u00e9es fastueuses o\u00f9 tout n'est qu'apparence...","rel":"","context":"Dans &quot;Roman \u00e9tranger&quot;","block_context":{"text":"Roman \u00e9tranger","link":"https:\/\/smallthings.fr\/lespetitslivres\/category\/roman\/roman-etranger\/"},"img":{"alt_text":"new-york-annes-30","src":"https:\/\/i0.wp.com\/uploads.smallthings.fr\/2013\/12\/new-york-annes-30.jpg?resize=350%2C200","width":350,"height":200},"classes":[]},{"id":29699,"url":"https:\/\/smallthings.fr\/lespetitslivres\/2016\/03\/08\/ame-tenebreuse-coeur-lumineux-romantic-fantasy\/","url_meta":{"origin":10212,"position":3},"title":"\u00c2me T\u00e9n\u00e9breuse, C\u0153ur Lumineux : hommage \u00e0 la romantic fantasy","author":"Jennifer","date":"8 mars 2016","format":false,"excerpt":"\u00c2me T\u00e9n\u00e9breuse, C\u0153ur Lumineux est un recueil collectif o\u00f9 se rassemblent 10 auteurs voulant rendre hommage \u00e0 la romantic fantasy, ce sous-genre o\u00f9 l\u2019on rencontre des h\u00e9ro\u00efnes fortes et passionn\u00e9es. Ce sublime livre, dont la couverture a \u00e9t\u00e9 r\u00e9alis\u00e9e par Mina M., est sorti le 10 f\u00e9vrier dernier aux \u00e9ditions\u2026","rel":"","context":"Dans &quot;Fantasy&quot;","block_context":{"text":"Fantasy","link":"https:\/\/smallthings.fr\/lespetitslivres\/category\/imaginaire\/fantasy\/"},"img":{"alt_text":"","src":"https:\/\/i0.wp.com\/smallthings.fr\/lespetitslivres\/wp-content\/uploads\/2016\/03\/ame-tenebreuse-coeur-lumineux.jpg?resize=350%2C200","width":350,"height":200},"classes":[]},{"id":29335,"url":"https:\/\/smallthings.fr\/lespetitslivres\/2016\/01\/06\/un-peu-plus-bas-vers-la-terre-cerqueux\/","url_meta":{"origin":10212,"position":4},"title":"Un peu plus bas vers la Terre, de Renaud Cerqueux : philosopher sans choper la migraine","author":"Audrey Ch\u00e8vrefeuille","date":"6 janvier 2016","format":false,"excerpt":"Un peu plus bas vers la Terre est le premier recueil de nouvelles de Renaud Cerqueux. Il sort aujourd'hui aux \u00e9ditions du Dilettante. C\u2019est vivant, \u00e7a divertit et \u00e7a fait r\u00e9fl\u00e9chir\u00a0: et si on plaquait tout pour vivre nos r\u00eaves\u00a0? Encore faut-il savoir de quoi on r\u00eave vraiment\u2026 En ce\u2026","rel":"","context":"Dans &quot;Actu&quot;","block_context":{"text":"Actu","link":"https:\/\/smallthings.fr\/lespetitslivres\/category\/actu\/"},"img":{"alt_text":"","src":"https:\/\/i0.wp.com\/smallthings.fr\/lespetitslivres\/wp-content\/uploads\/2016\/01\/un-peu-plus-bas-vers-la-terre-couv.jpg?resize=350%2C200&ssl=1","width":350,"height":200},"classes":[]},{"id":30902,"url":"https:\/\/smallthings.fr\/lespetitslivres\/2017\/03\/30\/je-serai-ta-cage-foret-lanesem\/","url_meta":{"origin":10212,"position":5},"title":"Je serai ta cage et ta for\u00eat : quand on se laisse ensorceler&#8230;","author":"Lola","date":"30 mars 2017","format":false,"excerpt":"Nous vous proposons aujourd'hui la critique de Je serai ta cage et ta for\u00eat, roman auto-\u00e9dit\u00e9 de Jos\u00e9phine Lanesem. V\u00e9ritable ph\u00e9nom\u00e8ne de soci\u00e9t\u00e9, l'auto\u00e9dition permet \u00e0 de nombreux auteurs de se lancer sur le march\u00e9 du livre sans passer par la moulinette des grandes maisons, qui croulent sous les manuscrits.\u2026","rel":"","context":"Dans &quot;Roman fran\u00e7ais&quot;","block_context":{"text":"Roman fran\u00e7ais","link":"https:\/\/smallthings.fr\/lespetitslivres\/category\/roman\/roman-francais\/"},"img":{"alt_text":"","src":"https:\/\/i0.wp.com\/smallthings.fr\/lespetitslivres\/wp-content\/uploads\/2017\/03\/je-serai-ta-cage-foret-couv.jpeg?resize=350%2C200&ssl=1","width":350,"height":200,"srcset":"https:\/\/i0.wp.com\/smallthings.fr\/lespetitslivres\/wp-content\/uploads\/2017\/03\/je-serai-ta-cage-foret-couv.jpeg?resize=350%2C200&ssl=1 1x, https:\/\/i0.wp.com\/smallthings.fr\/lespetitslivres\/wp-content\/uploads\/2017\/03\/je-serai-ta-cage-foret-couv.jpeg?resize=525%2C300&ssl=1 1.5x, https:\/\/i0.wp.com\/smallthings.fr\/lespetitslivres\/wp-content\/uploads\/2017\/03\/je-serai-ta-cage-foret-couv.jpeg?resize=700%2C400&ssl=1 2x"},"classes":[]}],"_links":{"self":[{"href":"https:\/\/smallthings.fr\/lespetitslivres\/wp-json\/wp\/v2\/posts\/10212"}],"collection":[{"href":"https:\/\/smallthings.fr\/lespetitslivres\/wp-json\/wp\/v2\/posts"}],"about":[{"href":"https:\/\/smallthings.fr\/lespetitslivres\/wp-json\/wp\/v2\/types\/post"}],"author":[{"embeddable":true,"href":"https:\/\/smallthings.fr\/lespetitslivres\/wp-json\/wp\/v2\/users\/2"}],"replies":[{"embeddable":true,"href":"https:\/\/smallthings.fr\/lespetitslivres\/wp-json\/wp\/v2\/comments?post=10212"}],"version-history":[{"count":1,"href":"https:\/\/smallthings.fr\/lespetitslivres\/wp-json\/wp\/v2\/posts\/10212\/revisions"}],"predecessor-version":[{"id":28911,"href":"https:\/\/smallthings.fr\/lespetitslivres\/wp-json\/wp\/v2\/posts\/10212\/revisions\/28911"}],"wp:featuredmedia":[{"embeddable":true,"href":"https:\/\/smallthings.fr\/lespetitslivres\/wp-json\/"}],"wp:attachment":[{"href":"https:\/\/smallthings.fr\/lespetitslivres\/wp-json\/wp\/v2\/media?parent=10212"}],"wp:term":[{"taxonomy":"category","embeddable":true,"href":"https:\/\/smallthings.fr\/lespetitslivres\/wp-json\/wp\/v2\/categories?post=10212"},{"taxonomy":"post_tag","embeddable":true,"href":"https:\/\/smallthings.fr\/lespetitslivres\/wp-json\/wp\/v2\/tags?post=10212"}],"curies":[{"name":"wp","href":"https:\/\/api.w.org\/{rel}","templated":true}]}}